{"id":188357,"date":"2026-03-07T23:12:12","date_gmt":"2026-03-07T23:12:12","guid":{"rendered":"https:\/\/www.europesays.com\/fi\/188357\/"},"modified":"2026-03-07T23:12:12","modified_gmt":"2026-03-07T23:12:12","slug":"paris-hilton-paljastaa-adhd-diagnoosinsa-vaikutukset-menestykseen-ja-aitiyteen","status":"publish","type":"post","link":"https:\/\/www.europesays.com\/fi\/188357\/","title":{"rendered":"Paris Hilton paljastaa ADHD-diagnoosinsa vaikutukset menestykseen ja \u00e4itiyteen"},"content":{"rendered":"<p>            All Over Press\n        <\/p>\n<p class=\"subtitle \">Paris Hilton sai ADHD-diagnoosin vasta aikuisi\u00e4ll\u00e4.<\/p>\n<p class=\"article-content article-content-width !bg-background\">Seurapiirikaunotar , 45, on menestynyt esimerkiksi tosi-tv-t\u00e4hten\u00e4, DJ:n\u00e4, yritt\u00e4j\u00e4n\u00e4, laulajana, n\u00e4yttelij\u00e4n\u00e4 ja tietysti \u00e4itin\u00e4.<\/p>\n<p class=\"font-weight-bold m-font-weight-bold article-content article-content-width !bg-background\">Katso video: Essi Hell\u00e9n kertoo arjesta ADHD:n kanssa<\/p>\n<p class=\"article-content article-content-width !bg-background\">Nyt Paris kertoo <a href=\"https:\/\/people.com\/paris-hilton-adhd-is-not-something-that-needs-to-be-fixed-exclusive-11917339\" target=\"_blank\" rel=\"nofollow noopener\">Peoplen<\/a> tuoreessa haastattelussa, ett\u00e4 menestyksest\u00e4 on kiitt\u00e4minen h\u00e4nen ADHD:taan.<\/p>\n<p class=\"article-content article-content-width !bg-background\">\u2013 En olisi se yritt\u00e4j\u00e4, joka olen t\u00e4n\u00e4\u00e4n, ilman sit\u00e4, Paris kertoo.<\/p>\n<p class=\"article-content article-content-width !bg-background\">\u2013 Neuroep\u00e4tyypillisyys auttaa minua ajattelemaan laatikon ulkopuolelta, ottamaan riskej\u00e4 ja tekem\u00e4\u00e4n asioita ensimm\u00e4isen\u00e4. Aivoni toimivat eri tavalla.<\/p>\n<p>        <a itemprop=\"url\" href=\"https:\/\/www.seiska.fi\/ulkomaat\/oho-paris-hiltonilta-kunnianosoitus-britney-spearsille\/1506752\" rel=\"nofollow noopener\" target=\"_blank\"><\/p>\n<p class=\"section-date\">\n        <strong class=\"article-section\" data-section=\"ulkomaat\"><br \/>\n            ulkomaat<br \/>\n        <\/strong><br \/>\n        1.11.2024 20:00\n    <\/p>\n<p>Oho! Paris Hiltonilta kunnianosoitus Britney Spearsille\n    <\/p>\n<p itemprop=\"description\" class=\"subtitle \">\n    Kaksikolla on valtavasti yhteist\u00e4, vaikka Britneyn el\u00e4m\u00e4 on ollut Parisia traagisempaa\n<\/p>\n<p>        <\/a><\/p>\n<p class=\"article-content article-content-width !bg-background\">ADHD on aktiivisuuden ja tarkkaavuuden h\u00e4iri\u00f6, joka voi ilmet\u00e4 hyvin eri tavoin henkil\u00f6st\u00e4 riippuen. Toisilla h\u00e4iri\u00f6 n\u00e4kyy fyysisen\u00e4 ylivilkkautena, kun toisilla ylivilkkaus esiintyy l\u00e4hinn\u00e4 sis\u00e4isen\u00e4 levottomuutena.<\/p>\n<p>ADHD hallintaan<\/p>\n<p class=\"article-content article-content-width !bg-background\">Paris sai diagnoosinsa vasta aikuisi\u00e4ll\u00e4, l\u00e4hestyess\u00e4\u00e4n kolmeakymppi\u00e4. Etenkin naisilla on yleist\u00e4, ett\u00e4 ADHD-diagnoosin saa vasta aikuisena, sill\u00e4 monilla naisilla ei esiinny fyysist\u00e4 ylivilkkautta. Joskus se j\u00e4\u00e4 kokonaan huomaamatta.<\/p>\n<p class=\"article-content article-content-width !bg-background\">Paris korostaa, ettei ADHD ole asia, joka pit\u00e4isi korjata, vaan sit\u00e4 voidaan hallita oikeilla ty\u00f6kaluilla. H\u00e4n sy\u00f6 ADHD-l\u00e4\u00e4kkeit\u00e4, mutta niiden lis\u00e4ksi h\u00e4nen on t\u00e4ytynyt keksi\u00e4 keinot arjenhallintaan.<\/p>\n<p class=\"article-content article-content-width !bg-background\">\u2013 Rakenne ja aikataulut ovat todella t\u00e4rkeit\u00e4. Minulle on tosi hy\u00f6dyllist\u00e4, ett\u00e4 minulla on muistikirjoja ja muistilappuja joka puolella. Tietyiss\u00e4 huoneissa minulla on tauluja, joihin kirjoitan asioita, jotka t\u00e4ytyy muistaa tehd\u00e4, koska el\u00e4m\u00e4ss\u00e4ni tapahtuu aina miljoona asiaa \u2013 olen \u00e4iti ja yritt\u00e4j\u00e4.<\/p>\n<p>        <a itemprop=\"url\" href=\"https:\/\/www.seiska.fi\/ulkomaat\/tiikeri-repi-kaden-irti-hollywood-tahdilla-on-ollut-hurjia-lemmikeita\/1922212\" rel=\"nofollow noopener\" target=\"_blank\"><\/p>\n<p>\nHollywood-t\u00e4htien hurjat lemmikit\n<\/p>\n<p class=\"section-date\">\n        <strong class=\"article-section\" data-section=\"ulkomaat\"><br \/>\n            ulkomaat<br \/>\n        <\/strong><br \/>\n        13.9.2025 18:00\n    <\/p>\n<p>Tiikeri repi k\u00e4den irti! Hollywood-t\u00e4hdill\u00e4 on ollut hurjia lemmikeit\u00e4\n    <\/p>\n<p itemprop=\"description\" class=\"subtitle \">\n    Paris Hilton joutui sairaalaan eksoottisen lemmikin purtua h\u00e4nt\u00e4.\n<\/p>\n<p>        <\/a><\/p>\n<p>Olen l\u00e4sn\u00e4 lapsilleni<\/p>\n<p class=\"article-content article-content-width !bg-background\">Parisilla ja h\u00e4nen miehell\u00e4\u00e4n  on kaksi lasta, , 3, ja , 2.<\/p>\n<p class=\"article-content article-content-width !bg-background\">Paris kertoo, ett\u00e4 ADHD on auttanut h\u00e4nt\u00e4 my\u00f6s olemaan paremmin l\u00e4sn\u00e4 vanhempana.<\/p>\n<p class=\"article-content article-content-width !bg-background\">\u2013 Se antaa minulle sis\u00e4ist\u00e4 lapsenomaista leikkisyytt\u00e4, joka ei koskaan katoa, ja rakastan sit\u00e4. On niin hauskaa olla \u00e4iti ja saada el\u00e4\u00e4 lapsuutta uudelleen heid\u00e4n kanssaan ja n\u00e4hd\u00e4 maailma heid\u00e4n silmiens\u00e4 kautta.<\/p>\n<p>        <a itemprop=\"url\" href=\"https:\/\/www.seiska.fi\/ulkomaat\/angelina-jolie-kerailee-veitsia-ja-nicole-kidman-on-koukussa-laskuvarjohyppyihin-tiesitko-naista-hollywood-tahtien-omituisista-harrastuksista\/1556979\" rel=\"nofollow noopener\" target=\"_blank\"><\/p>\n<p class=\"section-date\">\n        <strong class=\"article-section\" data-section=\"ulkomaat\"><br \/>\n            ulkomaat<br \/>\n        <\/strong><br \/>\n        22.12.2024 18:00\n    <\/p>\n<p>Angelina Jolie ker\u00e4ilee veitsi\u00e4 ja Nicole Kidman on koukussa laskuvarjohyppyihin \u2013 tiesitk\u00f6 n\u00e4ist\u00e4 Hollywood-t\u00e4htien omituisista harrastuksista?\n    <\/p>\n<p itemprop=\"description\" class=\"subtitle \">\n    Paris Hilton mets\u00e4st\u00e4\u00e4 sammakoita ja Katy Perry omistaa popt\u00e4htien hiustupsuja.\n<\/p>\n<p>        <\/a><\/p>\n","protected":false},"excerpt":{"rendered":"All Over Press Paris Hilton sai ADHD-diagnoosin vasta aikuisi\u00e4ll\u00e4. Seurapiirikaunotar , 45, on menestynyt esimerkiksi tosi-tv-t\u00e4hten\u00e4, DJ:n\u00e4, yritt\u00e4j\u00e4n\u00e4,&hellip;\n","protected":false},"author":2,"featured_media":188358,"comment_status":"","ping_status":"","sticky":false,"template":"","format":"standard","meta":{"footnotes":"","_share_on_mastodon":"0"},"categories":[136],"tags":[598,2454,407,137,33,31,30,408,29625,12038,98,32,167,3342,109,4004],"class_list":["post-188357","post","type-post","status-publish","format-standard","has-post-thumbnail","category-julkkikset","tag-adhd","tag-aitiys","tag-celebrities","tag-entertainment","tag-fi","tag-finland","tag-finnish","tag-julkkikset","tag-neuroepatyypillisyys","tag-paris-hilton","tag-perhe","tag-suomi","tag-terveys","tag-vanhemmuus","tag-viihde","tag-yrittajyys"],"share_on_mastodon":{"url":"https:\/\/pubeurope.com\/@fi\/116190428886917969","error":""},"_links":{"self":[{"href":"https:\/\/www.europesays.com\/fi\/wp-json\/wp\/v2\/posts\/188357","targetHints":{"allow":["GET"]}}],"collection":[{"href":"https:\/\/www.europesays.com\/fi\/wp-json\/wp\/v2\/posts"}],"about":[{"href":"https:\/\/www.europesays.com\/fi\/wp-json\/wp\/v2\/types\/post"}],"author":[{"embeddable":true,"href":"https:\/\/www.europesays.com\/fi\/wp-json\/wp\/v2\/users\/2"}],"replies":[{"embeddable":true,"href":"https:\/\/www.europesays.com\/fi\/wp-json\/wp\/v2\/comments?post=188357"}],"version-history":[{"count":0,"href":"https:\/\/www.europesays.com\/fi\/wp-json\/wp\/v2\/posts\/188357\/revisions"}],"wp:featuredmedia":[{"embeddable":true,"href":"https:\/\/www.europesays.com\/fi\/wp-json\/wp\/v2\/media\/188358"}],"wp:attachment":[{"href":"https:\/\/www.europesays.com\/fi\/wp-json\/wp\/v2\/media?parent=188357"}],"wp:term":[{"taxonomy":"category","embeddable":true,"href":"https:\/\/www.europesays.com\/fi\/wp-json\/wp\/v2\/categories?post=188357"},{"taxonomy":"post_tag","embeddable":true,"href":"https:\/\/www.europesays.com\/fi\/wp-json\/wp\/v2\/tags?post=188357"}],"curies":[{"name":"wp","href":"https:\/\/api.w.org\/{rel}","templated":true}]}}