{"id":18851,"date":"2025-08-28T14:44:10","date_gmt":"2025-08-28T14:44:10","guid":{"rendered":"https:\/\/www.europesays.com\/fi\/18851\/"},"modified":"2025-08-28T14:44:10","modified_gmt":"2025-08-28T14:44:10","slug":"toyota-teki-autollaan-paluun-vanhaan-mm-rallissa","status":"publish","type":"post","link":"https:\/\/www.europesays.com\/fi\/18851\/","title":{"rendered":"Toyota teki autollaan paluun vanhaan MM-rallissa"},"content":{"rendered":"<p>Toyota hylk\u00e4si kes\u00e4n kuumien sorarallien ajaksi mustan v\u00e4rityksen Rally1-autoistaan. Mustan kuosin sijaan Toyota GR Yaris Rally1 -autoissa n\u00e4htiin hopeinen v\u00e4ritys Portugalin, Sardinian, Kreikan, Viron ja Suomen osakilpailussa.<\/p>\n<p>Hopeisella v\u00e4rityksell\u00e4 pyrittiin siihen, etteiv\u00e4t auton sis\u00e4tilat l\u00e4mpene yht\u00e4\u00e4n ylim\u00e4\u00e4r\u00e4ist\u00e4 helteisiss\u00e4 olosuhteissa. Nyt kes\u00e4n kuumat sorakisat ovat takana, ja Toyota on tehnyt paluun vanhaan tuttuun v\u00e4ritykseen.<\/p>\n<p>Rallin MM-sarjan t\u00e4hdet p\u00e4\u00e4siv\u00e4t torstaina vauhtiin Paraguayn MM-rallin testierikoiskokeella. Samalla paljastui, ett\u00e4 tiimin autot ovat saaneet j\u00e4lleen mustan ulkoasun.<\/p>\n<p><strong>Katso alta kuvat Toyotan Rally1-autosta Paraguayssa.<\/strong><\/p>\n<p><img loading=\"lazy\" decoding=\"async\" width=\"1200\" height=\"704\" src=\"https:\/\/www.europesays.com\/fi\/wp-content\/uploads\/2025\/08\/Car69_10PAR25cm106.jpg\" alt=\"Toyota GR Yaris Rally1\" class=\"lazyload wp-image-100871\"  data-\/>Toyota GR Yaris Rally1. Kuva: TGR WRT\/McKlein<img loading=\"lazy\" decoding=\"async\" width=\"1200\" height=\"682\" src=\"https:\/\/www.europesays.com\/fi\/wp-content\/uploads\/2025\/08\/Car69_10PAR25cm105.jpg\" alt=\"Toyota GR Yaris Rally1\" class=\"lazyload wp-image-100872\"  data-\/>Toyota GR Yaris Rally1. Kuva: TGR WRT\/McKlein<\/p>\n<p><strong>T\u00e4lt\u00e4 Toyotan Rally1-auto n\u00e4ytti viel\u00e4 elokuun alussa ajetussa Suomen MM-rallissa:<\/strong><\/p>\n<p><img loading=\"lazy\" decoding=\"async\" width=\"1200\" height=\"694\" src=\"https:\/\/www.europesays.com\/fi\/wp-content\/uploads\/2025\/08\/Rovanpera08EST25cm338.jpg\" alt=\"Kalle Rovanper\u00e4\" class=\"lazyload wp-image-99742\"  data-\/>Kalle Rovanper\u00e4 vauhdissa Suomen MM-rallissa. Kuva: TGR WRT\/McKlein<\/p>\n<p><strong>Lue my\u00f6s: <a href=\"https:\/\/www.rallit.fi\/rovanperalla-ja-pajarilla-vauhdikas-startti-samalla-paljastui-yllattava-totuus-uudesta-mm-rallista\/\" rel=\"nofollow noopener\" target=\"_blank\">Rovanper\u00e4ll\u00e4 ja Pajarilla vauhdikas startti \u2013 samalla paljastui yll\u00e4tt\u00e4v\u00e4 totuus uudesta MM-rallista<\/a><\/strong><\/p>\n<p>Huomattavaa oli se, ett\u00e4 my\u00f6s Toyotan niin sanotussa satelliittitiimiss\u00e4 kilpailevan <strong>Sami Pajarin<\/strong> auto on mustassa kuosissa Paraguayssa. Aiemmin Pajarin kilpurin p\u00e4\u00e4v\u00e4rin\u00e4 on ollut valkoinen.<\/p>\n<p>Tiett\u00e4v\u00e4sti Toyotan suunnitelmana on kilpailla mustilla autoilla kauden loppuun saakka. Paraguayn osakilpailun j\u00e4lkeen pisteist\u00e4 ajetaan viel\u00e4 Chiless\u00e4, Keski-Euroopan rallissa, Japanissa ja Saudi-Arabiassa.<\/p>\n<p>Paraguayn MM-ralli k\u00e4ynnistyy kunnolla perjantaina, jolloin ohjelmassa on kahdeksan erikoiskoetta.<\/p>\n","protected":false},"excerpt":{"rendered":"Toyota hylk\u00e4si kes\u00e4n kuumien sorarallien ajaksi mustan v\u00e4rityksen Rally1-autoistaan. Mustan kuosin sijaan Toyota GR Yaris Rally1 -autoissa n\u00e4htiin&hellip;\n","protected":false},"author":2,"featured_media":18852,"comment_status":"","ping_status":"","sticky":false,"template":"","format":"standard","meta":{"footnotes":""},"categories":[76],"tags":[79,77,33,31,30,6120,3540,32,78,4600],"class_list":{"0":"post-18851","1":"post","2":"type-post","3":"status-publish","4":"format-standard","5":"has-post-thumbnail","7":"category-talous","8":"tag-business","9":"tag-economy","10":"tag-fi","11":"tag-finland","12":"tag-finnish","13":"tag-paraguayn-mm-ralli","14":"tag-rallin-mm-sarja","15":"tag-suomi","16":"tag-talous","17":"tag-toyota-gazoo-racing"},"share_on_mastodon":{"url":"","error":""},"_links":{"self":[{"href":"https:\/\/www.europesays.com\/fi\/wp-json\/wp\/v2\/posts\/18851","targetHints":{"allow":["GET"]}}],"collection":[{"href":"https:\/\/www.europesays.com\/fi\/wp-json\/wp\/v2\/posts"}],"about":[{"href":"https:\/\/www.europesays.com\/fi\/wp-json\/wp\/v2\/types\/post"}],"author":[{"embeddable":true,"href":"https:\/\/www.europesays.com\/fi\/wp-json\/wp\/v2\/users\/2"}],"replies":[{"embeddable":true,"href":"https:\/\/www.europesays.com\/fi\/wp-json\/wp\/v2\/comments?post=18851"}],"version-history":[{"count":0,"href":"https:\/\/www.europesays.com\/fi\/wp-json\/wp\/v2\/posts\/18851\/revisions"}],"wp:featuredmedia":[{"embeddable":true,"href":"https:\/\/www.europesays.com\/fi\/wp-json\/wp\/v2\/media\/18852"}],"wp:attachment":[{"href":"https:\/\/www.europesays.com\/fi\/wp-json\/wp\/v2\/media?parent=18851"}],"wp:term":[{"taxonomy":"category","embeddable":true,"href":"https:\/\/www.europesays.com\/fi\/wp-json\/wp\/v2\/categories?post=18851"},{"taxonomy":"post_tag","embeddable":true,"href":"https:\/\/www.europesays.com\/fi\/wp-json\/wp\/v2\/tags?post=18851"}],"curies":[{"name":"wp","href":"https:\/\/api.w.org\/{rel}","templated":true}]}}