{"id":188810,"date":"2026-03-08T11:44:25","date_gmt":"2026-03-08T11:44:25","guid":{"rendered":"https:\/\/www.europesays.com\/fi\/188810\/"},"modified":"2026-03-08T11:44:25","modified_gmt":"2026-03-08T11:44:25","slug":"tellervo-haarni-on-jarrusukkien-aiti-nain-pientilan-tyttaresta-tuli-tehtaanjohtaja","status":"publish","type":"post","link":"https:\/\/www.europesays.com\/fi\/188810\/","title":{"rendered":"Tellervo Haarni on jarrusukkien \u00e4iti \u2013 N\u00e4in pientilan tytt\u00e4rest\u00e4 tuli tehtaanjohtaja"},"content":{"rendered":"<p>Elettiin 1960-luvun alkua, kun er\u00e4s P\u00e4lk\u00e4neen likka sisuuntui.<\/p>\n<p><strong>Tellervo Haarni<\/strong> oli ollut aina is\u00e4n tytt\u00f6 ja kulkenut t\u00e4m\u00e4n mukana tukkimets\u00e4ll\u00e4 pienest\u00e4 asti. Se oli Tellervosta niin kivaa, ett\u00e4 h\u00e4n j\u00e4i joskus koulustakin pois, jotta p\u00e4\u00e4sisi is\u00e4n kanssa hevoskyydill\u00e4 mets\u00e4\u00e4n.<\/p>\n<p>Pientila P\u00e4lk\u00e4neell\u00e4 el\u00e4tti perheen, mutta ylim\u00e4\u00e4r\u00e4ist\u00e4 rahaa ei ollut. <\/p>\n<p>Isoveli laitettiin oppikouluun, mutta Tellervo sai tyyty\u00e4 pelkk\u00e4\u00e4n kansa- ja jatko\u00adkouluun. Siin\u00e4 vaiheessa tukkimets\u00e4 ei en\u00e4\u00e4 tuntunutkaan kutsuvalta. <\/p>\n<p>Is\u00e4 oli kuitenkin sit\u00e4 mielt\u00e4, ettei tytt\u00f6j\u00e4 kannata kouluttaa, koska ne menev\u00e4t naimisiin. Tellervon olisi pit\u00e4nyt tyyty\u00e4 tilan t\u00f6ihin, kun isoveli ajeli mopolla kirkonkyl\u00e4lle opiskelemaan.<\/p>\n<p>Se oli Tellervon mielest\u00e4 v\u00e4\u00e4rin, ja is\u00e4n kanssa tuli riitaa.<\/p>\n<p>Aikuisena Tellervo ymm\u00e4rsi, ett\u00e4 is\u00e4 oli oman aikansa ihminen ja kouluttautuminen oli tuolloin viel\u00e4 iso rahallinen kysymys. Mutta 15-vuotias Tellervo pakkasi laukkunsa ja l\u00e4hti ovet paukkuen pitkin tiet\u00e4 pois kotoa. Se tie veisi h\u00e4net viel\u00e4 tehtaanjohtajaksi. <\/p>\n<p>    <a href=\"https:\/\/seura.fi\/wp-content\/uploads\/2026\/02\/tellervo_lapsi_kuva3_1.jpg\" rel=\"nofollow noopener\" target=\"_blank\"><img loading=\"lazy\" decoding=\"async\" alt=\"\" class=\"wp-image-2142829 awpo-lqip awpo-lazy\" width=\"750\" height=\"1318\" style=\"--aspect-ratio: 0.57\" src=\"https:\/\/www.europesays.com\/fi\/wp-content\/uploads\/2026\/03\/tellervo_lapsi_kuva3_1.jpg\"\/><\/a><br \/>\n      Tellervo oli viidest\u00e4 lapsesta toiseksi vanhin. Kuvassa h\u00e4n on kaksivuotias.      <\/p>\n<p>          \u00a9 Tellervo Haarnin kotialbumi        <\/p>\n<p>Viisi markkaa ja emalipannu<\/p>\n<p>Tellervo Haarni liikuttuu yh\u00e4, kun h\u00e4n muistelee l\u00e4ht\u00f6\u00e4\u00e4n lapsuudenkodistaan yli 60 vuotta sitten.<\/p>\n<p>Kotoa h\u00e4n sai mukaansa vain veden keitt\u00e4miseen tarkoitetun emalipannun sek\u00e4 \u00e4idin salaa k\u00e4teen tyrkk\u00e4\u00e4m\u00e4n viisimarkkasen bussilippua varten. 15-vuotiaalle oli luvattu ty\u00f6paikka ja asunto aitoolaisesta silkkipainosta, jonka yl\u00e4kerrassa Tellervo keitti emalipannulla perunavelli\u00e4 ensimm\u00e4isen\u00e4 iltanaan.<\/p>\n<p>\u201dOlihan se silloin tietysti tavallisempaa kuin nyt ja monelle pakon sanelemaa. Min\u00e4 olin utelias ja halusin hankkia leip\u00e4ni ja p\u00e4rj\u00e4t\u00e4 el\u00e4m\u00e4ss\u00e4. Kun en p\u00e4\u00e4ssyt kouluun, t\u00e4m\u00e4 oli se toinen tie\u201d, Tellervo sanoo.<\/p>\n<p>Puolen vuoden p\u00e4\u00e4st\u00e4 is\u00e4 tuli viimein k\u00e4ym\u00e4\u00e4n Tellervon luona, ja heid\u00e4n v\u00e4lins\u00e4 alkoivat korjaantua.<\/p>\n<p>Kouluja Tellervo ei en\u00e4\u00e4 k\u00e4ynyt, mutta t\u00f6it\u00e4 oli tarjolla niin paljon kuin vain halusi tehd\u00e4. 18-vuotiaana Tellervolla oli kolme ty\u00f6paikkaa yht\u00e4 aikaa, paperitehtaalla p\u00e4ivisin ja sen johtajien kerholla ja toisessa baarissa iltaisin.<\/p>\n<p>Nuoruuden avioliiton Tellervo solmi entisen koulukaverinsa <strong>Kaukon<\/strong> kanssa. He saivat kaksi tyt\u00e4rt\u00e4 ja hoitivat Kaukon kotitilaa. Tellervon ty\u00f6n\u00e4 oli muun muassa vihannesten kasvattaminen ja myyminen torilla. Siit\u00e4 Tellervo tykk\u00e4si, mutta kun paikallisen Veikka-Neuleen omistajat alkoivat houkutella t\u00f6ihin sukkatehtaalle, h\u00e4n vastasi lopulta my\u00f6nt\u00e4v\u00e4sti.<\/p>\n<p>Se oli Tellervon el\u00e4m\u00e4n k\u00e4\u00e4nnekohta. H\u00e4n oppi ty\u00f6ss\u00e4 nopeasti ja eteni jo 25-vuotiaana tehtaan tuotantop\u00e4\u00e4llik\u00f6ksi.<\/p>\n<p>Samoihin aikoihin avioliitto veteli viimeisi\u00e4\u00e4n.<\/p>\n<p>\u201dKauko oli hyv\u00e4 mies, mutta keskikaljan uhri\u201d, Tellervo sanoo.<\/p>\n<p>Keskioluen myynti oli vapautettu tammikuussa 1969, mink\u00e4 j\u00e4lkeen kopan kaljaa saattoi hakea helposti kauppareissulla. Siit\u00e4 alkoi Kaukon alam\u00e4ki.<\/p>\n<p>Kun Tellervo er\u00e4\u00e4n\u00e4 iltana tuli kotiin ty\u00f6vuorostaan sukkatehtaalta, appiukko oli ovella vastassa ja ilmoitti, ett\u00e4 tuolla on nyt kaksi traktoria ja leikkuupuimuri uponneina kuraiseen peltoon. Ett\u00e4 mit\u00e4s nyt tehd\u00e4\u00e4n.<\/p>\n<p>\u201dMin\u00e4 sanoin, ett\u00e4 tehk\u00e4\u00e4 ihan mit\u00e4 ikin\u00e4 tykk\u00e4\u00e4tte. Min\u00e4 l\u00e4hden nyt. Otin likat kainaloon ja l\u00e4ksin silt\u00e4 seisomalta.\u201d<\/p>\n<p>Synnytyslaitokselta tehtaalle<\/p>\n<p>Tellervo muutti tytt\u00e4rineen P\u00e4lk\u00e4neen kirkonkyl\u00e4lle ja laittoi kaiken tarmonsa ty\u00f6h\u00f6n. H\u00e4n halusi oppia sukkien valmistamisesta kaiken ja kehitt\u00e4\u00e4 tehtaan toimintaa. Se merkitsi pitki\u00e4 ty\u00f6p\u00e4ivi\u00e4.<\/p>\n<p>\u201dLuvattoman pitki\u00e4, jos perhett\u00e4 ajattelee\u201d, Tellervo sanoo.<\/p>\n<p>Joskus my\u00f6hemmin, kun vanhempi tyt\u00e4r kirjoitti ylioppilaaksi, Tellervo pahoitteli \u00e4\u00e4neen sit\u00e4, miten paljon h\u00e4n oli ollut kotoa poissa, kun tyt\u00e4r oli pieni.<\/p>\n<p>\u201dTytt\u00f6 sanoi, ett\u00e4 mink\u00e4laisia nysver\u00f6it\u00e4 meist\u00e4 olisi tullut, jos olisit uhrannut tuon energiasi meihin.\u201d<\/p>\n<p>Sukkatehtaalta Tellervo l\u00f6ysi my\u00f6s uuden rakkauden, tehtaan toisen omistajan <strong>Yrj\u00f6 Leeven<\/strong>. He saivat yhdess\u00e4 kaksi poikaa.<\/p>\n<p>Tellervon el\u00e4m\u00e4\u00e4 kuvaa hyvin se, ett\u00e4 kun pojista ensimm\u00e4inen syntyi, Tellervo ei l\u00e4htenyt synnytyslaitokselta suoraan kotiin vaan sukkatehtaalle, koska er\u00e4s ty\u00f6ntekij\u00e4 halusi juuri silloin neuvotella palkastaan.<\/p>\n<p>N\u00e4ppyl\u00f6it\u00e4 sukan pohjiin<\/p>\n<p>Esikoispojalla oli oma roolinsa Tellervon uran suurimmassa innovaatiossa. <\/p>\n<p>Ulkomaanmatkoillaan Tellervo oli n\u00e4hnyt erikoisia sukkia. Niiden pohjin oli laitettu kuvioita, jotka estiv\u00e4t liukastumista. Tellervo p\u00e4\u00e4tti kokeilla \u00adideaa Veikka-Neuleessa.<\/p>\n<p>Syntyi Vendi-merkkinen jarrusukka, jonka moni muistaa lapsuudestaan: tihe\u00e4t valkoiset kumimaiset n\u00e4ppyl\u00e4t sukanpohjassa, jotka estiv\u00e4t lattialla liukumisen.<\/p>\n<p>Ensimm\u00e4isen sukkaer\u00e4n p\u00e4\u00e4testaaja oli Tellervon parivuotias esikoispoika <strong>Santeri<\/strong>, joka meni kotona p\u00e4in sein\u00e4\u00e4, kun sukka jarrutti niin tehokkaasti.<\/p>\n<p>    <a href=\"https:\/\/seura.fi\/wp-content\/uploads\/2026\/02\/kuva-44-sivu-39.jpg\" rel=\"nofollow noopener\" target=\"_blank\"><img loading=\"lazy\" decoding=\"async\" alt=\"\" class=\"wp-image-2142830 awpo-lqip awpo-lazy\" width=\"1895\" height=\"1370\" style=\"--aspect-ratio: 1.38\" src=\"https:\/\/www.europesays.com\/fi\/wp-content\/uploads\/2026\/03\/kuva-44-sivu-39.jpg\"\/><\/a><br \/>\n      Vaikka ty\u00f6 sukkatehtaan johdossa vei aikaa perhe-el\u00e4m\u00e4lt\u00e4, Tellervo Haarni ehti toki olemaan \u00e4itin\u00e4kin. Santeri ja Veikko pienin\u00e4, kun mahtuivat viel\u00e4 \u00e4idin kanssa samaan paitaan.      <\/p>\n<p>          \u00a9 Tellervo Haarnin kotialbumi        <\/p>\n<p>Tellervoa on kutsuttu jarrusukkien \u00ad\u00e4idiksi. Se ei ole liioittelua, sill\u00e4 vaikka idea ei sin\u00e4ns\u00e4 ollut aivan uusi, Tellervon johdolla jarrusukka kehitettiin huippuunsa.<\/p>\n<p>Siit\u00e4 haluttiin tehd\u00e4 mahdollisimman toimiva ja paljon pesua kest\u00e4v\u00e4 tuote. Sek\u00e4 sukan liukuesteaine ett\u00e4 sen painamiseen tarvittava kone kehitettiin yhteisty\u00f6ss\u00e4 japanilaisten kanssa.<\/p>\n<p>\u201dMuistan, kun ihmiset rupesivat puhumaan, ett\u00e4 he ovat ostaneet kirpputorilta lasten sukkia. Silloin ajattelin, ett\u00e4 nyt me teemme n\u00e4it\u00e4 jo v\u00e4h\u00e4n liiankin hyvin\u201d, \u00adTellervo naurahtaa.<\/p>\n<p>Jarrusukista tuli sukkatehtaan suosituimpia tuotteita. My\u00f6hemmin Tellervo keksi ehdottaa Marimekolle Unikko-kuvioisten sukkien valmistusta. Ne ovat nykyisin ihan tavallinen n\u00e4ky vaatekaupassa, mutta alun perin niit\u00e4 valmistettiin vuosia juuri Veikka-Neuleessa.<\/p>\n<p>Tellervosta oli tullut my\u00f6s yrityksen omistaja, ja bisnes kukoisti. Veikka-Neuleen liikevaihto nousi muutamassa vuodessa kolmesta kymmeneen miljoonaan 1980-luvun alkupuolella. Kasvuvauhti oli liiankin nopea, mutta nousukauden huumassa siit\u00e4 ei osattu sen kummemmin huolestua.<\/p>\n<p>Uusi vuosikymmen toi mukanaan laman ja toisen avioeron.<\/p>\n<p>    <a href=\"https:\/\/seura.fi\/wp-content\/uploads\/2026\/02\/se-tellervohaarni-10.jpg\" rel=\"nofollow noopener\" target=\"_blank\"><img loading=\"lazy\" decoding=\"async\" alt=\"\" class=\"wp-image-2142837 awpo-lqip awpo-lazy\" width=\"2000\" height=\"1334\" style=\"--aspect-ratio: 1.5\" src=\"https:\/\/www.europesays.com\/fi\/wp-content\/uploads\/2026\/03\/se-tellervohaarni-10.jpg\"\/><\/a><br \/>\n      Tellervolle sukilla on yh\u00e4 v\u00e4li\u00e4. Haastatteluun h\u00e4n puki jalkoihinsa Pikku Myyt.      <\/p>\n<p>          \u00a9 Sara Pihlaja        <\/p>\n<p>Viel\u00e4 yksi onni<\/p>\n<p>Kun Suomen talous romahti 1990-luvun alussa, Veikka-Neuleessa reagoitiin siihen nopeasti. Tuotantoa siirrettiin nopealla aikataululla Viroon, sill\u00e4 vaatteiden tukkuhinnat olivat laskeneet niin alas, ett\u00e4 ne eiv\u00e4t ne kattaneet edes valmistuskustannuksia.<\/p>\n<p>Samaan aikaan laman alkuvuosina Tellervosta tuli ensin yrityksen hallituksen puheenjohtaja, sitten toimitusjohtaja. H\u00e4nen vastuulleen j\u00e4i pit\u00e4\u00e4 Veikka-Neule pystyss\u00e4 mahdottomalta tuntuneessa talous\u00adtilanteessa, kun aviomiehest\u00e4 ei siihen en\u00e4\u00e4 ollut \u2013 eik\u00e4 h\u00e4nest\u00e4 lopulta ollut en\u00e4\u00e4 aviomieheksik\u00e4\u00e4n.<\/p>\n<p>\u201dYrj\u00f6 oli hyv\u00e4 aviopuoliso, ja olimme oikein hyv\u00e4 ty\u00f6pari, koska h\u00e4n oli paljon rauhallisempi kuin min\u00e4. Mutta ei meid\u00e4n yhdess\u00e4olomme vaan lopulta toiminut. Se oli taloudellisessa mieless\u00e4 ja muutenkin hyvin raskas ero\u201d, Tellervo sanoo.<\/p>\n<p>Laman ja etenkin markan devalvaation aiheuttamat luottotappiot olivat vied\u00e4 v\u00e4lill\u00e4 y\u00f6unet, ja sitten kaatui viel\u00e4 Neuvostoliittokin. Veikka-Neule ei onneksi ollut niin riippuvainen id\u00e4nviennist\u00e4 kuin moni kilpailija.<\/p>\n<p>Tellervo osti v\u00e4hitellen ex-miehens\u00e4 osakkeet, mutta ei kaikkia. Osan lunasti er\u00e4s toinen Yrj\u00f6, josta tuli Tellervon kolmas aviomies.<\/p>\n<p><strong>Yrj\u00f6 Haarni<\/strong> oli ollut jo vuosia Tellervon yst\u00e4v\u00e4 ja ty\u00f6kaveri, yrityksen markkinointi\u00adp\u00e4\u00e4llikk\u00f6. H\u00e4nen \u00e4itins\u00e4 oli taiteilija <strong>Kylli Koski<\/strong> eli lapsille televisiossa satuja kertonut ja kuvittanut Kylli-t\u00e4ti, josta Tellervon sein\u00e4ll\u00e4 muistuttaa kaunis syksyinen akvarelli.<\/p>\n<p>Haarnin kanssa Tellervo koki viel\u00e4 onnellisen avioliiton \u2013 ja onnellisen avioeron.<\/p>\n<p>Huomatessaan itsess\u00e4\u00e4n <a href=\"https:\/\/seura.fi\/terveys\/10-kysymysta\/muistisairaan-kohtaaminen-opi-tuntevamenetelma-ja-nae-asiat-muistisairaan-nakokulmasta\/\" rel=\"nofollow noopener\" target=\"_blank\">Alzheimerin oireet<\/a> Yrj\u00f6 Haarni nimitt\u00e4in haki Tellervosta eroa. Se oli rakkauden teko, vaikka moni \u00adl\u00e4hipiiriss\u00e4 sit\u00e4 kummastelikin.<\/p>\n<p>\u201dYrj\u00f6 pyysi, ett\u00e4 huolehtisin h\u00e4nest\u00e4, mutta samalla h\u00e4n halusi p\u00e4\u00e4st\u00e4\u00e4 minut vapaaksi, koska olin kymmenen vuotta nuorempi. H\u00e4n oli niin humaani ja kaikin puolin pidetty ihminen.\u201d<\/p>\n<p>Tellervo ja Yrj\u00f6 eliv\u00e4t eron j\u00e4lkeen yhdess\u00e4 viel\u00e4 pari vuotta, ennen kuin muistisairaus eteni niin, ettei kotihoito ollut en\u00e4\u00e4 mahdollista.<\/p>\n<p>Kyseenalaista oikeutta<\/p>\n<p>Vaikka Tellervo Haarni onnistui luotsaamaan sukka- ja trikootehtaansa l\u00e4pi laman ja henkil\u00f6kohtaisestikin vaikeiden vuosien, konkurssilta ei h\u00e4nk\u00e4\u00e4n s\u00e4\u00e4stynyt. Siihen johti er\u00e4s virheeksi osoittautunut yrityskauppa.<\/p>\n<p>Sukkia ja trikoovaatteita valmistaneen Veikka-Neuleen nimi muutettiin 1990-luvun lopulla Vendiksi. Se oli yrityksen tunnetuin tuotemerkki, sill\u00e4 parhaina vuosina esimerkiksi Suomessa myydyist\u00e4 lastensukista nelj\u00e4 viidesosaa oli Vendi-merkkisi\u00e4.<\/p>\n<p>    <a href=\"https:\/\/seura.fi\/wp-content\/uploads\/2026\/02\/kuva-17-sivu-39.jpg\" rel=\"nofollow noopener\" target=\"_blank\"><img loading=\"lazy\" decoding=\"async\" alt=\"\" class=\"wp-image-2142834 awpo-lqip awpo-lazy\" width=\"1528\" height=\"1208\" style=\"--aspect-ratio: 1.26\" src=\"https:\/\/www.europesays.com\/fi\/wp-content\/uploads\/2026\/03\/kuva-17-sivu-39.jpg\"\/><\/a><br \/>\n      Sukkatehtailija messumatkalla Pariisissa yhdess\u00e4 ty\u00f6kaveriensa kanssa. Petteri Weckman ja Jukka Tele olivat avainhenkil\u00f6it\u00e4 liukueste\u00adsukan synnyss\u00e4.      <\/p>\n<p>          \u00a9 Tellervo Haarnin kotialbumi        <\/p>\n<p>Kun tekstiilialan kannattavuus alkoi vuosituhannen vaihteessa laskea ja tuotanto siirty\u00e4 Aasiaan, Tellervo joutui j\u00e4lleen miettim\u00e4\u00e4n keinoja, joilla yritys p\u00e4rj\u00e4isi jatkossakin. Kun brittil\u00e4inen yhteisty\u00f6kumppani osoitti kiinnostusta, Tellervo p\u00e4\u00e4tti myyd\u00e4 tehtaan trikootuotannon heille.<\/p>\n<p>K\u00e4yt\u00e4nn\u00f6ss\u00e4 toiminta jatkui samanlaisena: vaatteita ja sukkia valmistettiin P\u00e4lk\u00e4neell\u00e4 kuten ennenkin. Ongelmat alkoivat kuitenkin pian. Ensin alkoi tulla erimielisyyksi\u00e4 vaatteiden laadusta, ja lopulta britit j\u00e4ttiv\u00e4t maksamatta heille kuuluvia kustannuksia.<\/p>\n<p>Episodi brittien kanssa ei kest\u00e4nyt kuin pari vuotta, mutta p\u00e4\u00e4ttyi raskaaseen ja kalliiseen oikeudenk\u00e4yntiin, jonka Tellervo tavallaan sek\u00e4 voitti ett\u00e4 h\u00e4visi. Oikeus ratkaisi asian h\u00e4nen edukseen, mutta korvaukset j\u00e4iv\u00e4t saamatta, ja asianajokulut j\u00e4iv\u00e4t Vendin maksettaviksi, kun britti\u00adyhti\u00f6 hakeutui konkurssiin.<\/p>\n<p>\u201dSe kaikki maksoi meille 400\u2009000 euroa. Eih\u00e4n se mit\u00e4\u00e4n oikeutta ollut\u201d, Tellervo huokaa.<\/p>\n<p>Vendiss\u00e4 oli ollut tarkoitus tehd\u00e4 sukupolvenvaihdos, jossa Tellervon toinen tyt\u00e4r ja molemmat pojat olisivat ottaneet firman v\u00e4hitellen haltuunsa. Sen sijaan tuli konkurssi. Sukkakoneet pys\u00e4htyiv\u00e4t P\u00e4lk\u00e4neell\u00e4, ja 58 ihmist\u00e4 menetti ty\u00f6paikkansa.<\/p>\n<p>Se oli Tellervolle kova paikka.<\/p>\n<p>\u201dKyll\u00e4h\u00e4n sit\u00e4 toivoo, ett\u00e4 olisi tehnyt jotakin toisin, mutta se on j\u00e4lkiviisautta.\u201d<\/p>\n<p>Vendi-merkkisi\u00e4 vaatteita h\u00e4n n\u00e4kee yh\u00e4 ajoittain joissakin kaupoissa \u2013 jarrusukkiakin, joiden h\u00e4n huomauttaa olevan selv\u00e4sti huonolaatuisempia kuin alkuper\u00e4isten.<\/p>\n<p>Jaakobinpainia Bangladeshissa<\/p>\n<p>Joitakin vuosia sukkatehtaan konkurssin j\u00e4lkeen Tellervo Haarni matkusti tytt\u00e4rens\u00e4 <strong>Minnan<\/strong> kanssa Bangladeshiin. He tutustuivat tehtaaseen, jossa oli m\u00e4\u00e4r\u00e4 valmistaa naisten ja lasten trikoovaatteita tytt\u00e4ren johtamalle yritykselle.<\/p>\n<p>Viisitoistavuotiaana emalipannun kanssa maailmalle l\u00e4htenyt Tellervo k\u00e4vi tarkastamassa, millaisissa oloissa k\u00f6yh\u00e4n maan naiset tekiv\u00e4t ty\u00f6t\u00e4\u00e4n. Tehtaassa tosin vain miehet saivat k\u00e4ytt\u00e4\u00e4 ompelukonetta, mutta jokaisella heist\u00e4 oli nelj\u00e4 naisavustajaa.<\/p>\n<p>Tellervo sanoo k\u00e4yneens\u00e4 tuolloin jaakobinpainia itsens\u00e4 kanssa siit\u00e4, oliko oikein teett\u00e4\u00e4 vaatteita halvalla kehitysmaassa.<\/p>\n<p>\u201dMutta tulin siihen tulokseen, ett\u00e4 on parempi, ett\u00e4 n\u00e4ill\u00e4 ihmisill\u00e4 on ty\u00f6t\u00e4 kuin ei ty\u00f6t\u00e4 ollenkaan tai ett\u00e4 he joutuvat t\u00e4ydellisen hyv\u00e4ksik\u00e4yt\u00f6n uhriksi\u201d, Tellervo sanoo.<\/p>\n<p>    <a href=\"https:\/\/seura.fi\/wp-content\/uploads\/2026\/02\/se-tellervohaarni-04.jpg\" rel=\"nofollow noopener\" target=\"_blank\"><img loading=\"lazy\" decoding=\"async\" alt=\"\" class=\"wp-image-2142832 awpo-lqip awpo-lazy\" width=\"2000\" height=\"1333\" style=\"--aspect-ratio: 1.5\" src=\"https:\/\/www.europesays.com\/fi\/wp-content\/uploads\/2026\/03\/se-tellervohaarni-04.jpg\"\/><\/a><br \/>\n      Jotain olisi voinut tehd\u00e4 toisin, mutta se on j\u00e4lkiviisautta, Tellervo Haarni toteaa.      <\/p>\n<p>          \u00a9 Sara Pihlaja        <\/p>\n<p>Jarrusukkien \u00e4iti ehti siis kokea urallaan paitsi suomalaisen tekstiiliteollisuuden nousun ja laskun my\u00f6s globalisaation. Viimeksi mainittua h\u00e4n ei osaa pit\u00e4\u00e4 siunauksena ihmiskunnalle.<\/p>\n<p>Ensi vuonna Tellervo Haarni t\u00e4ytt\u00e4\u00e4 80 vuotta. H\u00e4nen el\u00e4m\u00e4st\u00e4\u00e4n on juuri ilmestynyt <strong>Ari Turusen<\/strong> ja <strong>Marjo Mustosen<\/strong> kirjoittama kirja Kaksi oikein, yksi nurin.<\/p>\n<p>\u00c4skett\u00e4in Tellervo muutti pienemp\u00e4\u00e4n asuntoon isosta omakotitalosta, joka oli pitk\u00e4\u00e4n t\u00e4ynn\u00e4 el\u00e4m\u00e4\u00e4. <\/p>\n<p>V\u00e4lit kaikkiin puolisoihin s\u00e4ilyiv\u00e4t erojen j\u00e4lkeen, ja laajennettuun perheeseen kuuluvat esimerkiksi toisen aviomiehen j\u00e4lkikasvu.<\/p>\n<p>\u201dOnhan minun el\u00e4m\u00e4ni ollut aika rankkakin jonkun mielest\u00e4. Ja miksei olekin. Mutta se on ollut my\u00f6s hyvin mielenkiintoinen el\u00e4m\u00e4.\u201d <\/p>\n<p>    <a href=\"https:\/\/seura.fi\/wp-content\/uploads\/2026\/02\/perhekuva_kuva39.jpg\" rel=\"nofollow noopener\" target=\"_blank\"><img loading=\"lazy\" decoding=\"async\" alt=\"\" class=\"wp-image-2142836 awpo-lqip awpo-lazy\" width=\"1284\" height=\"975\" style=\"--aspect-ratio: 1.32\" src=\"https:\/\/www.europesays.com\/fi\/wp-content\/uploads\/2026\/03\/perhekuva_kuva39.jpg\"\/><\/a><br \/>\n      \u201dKoko el\u00e4misen todellinen voimavara on perheess\u00e4\u201d, Tellervo sanoo. H\u00e4nen klaaninsa on iso ja kasvaa edelleen.      <\/p>\n<p>          \u00a9 Sara Pihlaja        <\/p>\n<p><a href=\"https:\/\/seura.fi\/ilmiot\/reportaasit\/leluliike-casagrande\/\" rel=\"nofollow noopener\" target=\"_blank\">Lue my\u00f6s: Leluliike Casagrande on jo 100-vuotias perheyritys \u2013 \u201dKun nen\u00e4 yletti tiskin yl\u00e4puolelle, piti tulla t\u00f6ihin\u201d<br \/><\/a><\/p>\n","protected":false},"excerpt":{"rendered":"Elettiin 1960-luvun alkua, kun er\u00e4s P\u00e4lk\u00e4neen likka sisuuntui. Tellervo Haarni oli ollut aina is\u00e4n tytt\u00f6 ja kulkenut t\u00e4m\u00e4n&hellip;\n","protected":false},"author":2,"featured_media":188811,"comment_status":"","ping_status":"","sticky":false,"template":"","format":"standard","meta":{"footnotes":"","_share_on_mastodon":"0"},"categories":[76],"tags":[698,12096,79,77,33,31,30,3906,1927,8737,29662,6245,32,78,3380],"class_list":["post-188810","post","type-post","status-publish","format-standard","has-post-thumbnail","category-talous","tag-alkoholismi","tag-alzheimerin-tauti","tag-business","tag-economy","tag-fi","tag-finland","tag-finnish","tag-johtajat","tag-konkurssit","tag-lapsiperheet","tag-sukat","tag-sukupolvenvaihdos","tag-suomi","tag-talous","tag-yrittajat"],"share_on_mastodon":{"url":"https:\/\/pubeurope.com\/@fi\/116193385951496250","error":""},"_links":{"self":[{"href":"https:\/\/www.europesays.com\/fi\/wp-json\/wp\/v2\/posts\/188810","targetHints":{"allow":["GET"]}}],"collection":[{"href":"https:\/\/www.europesays.com\/fi\/wp-json\/wp\/v2\/posts"}],"about":[{"href":"https:\/\/www.europesays.com\/fi\/wp-json\/wp\/v2\/types\/post"}],"author":[{"embeddable":true,"href":"https:\/\/www.europesays.com\/fi\/wp-json\/wp\/v2\/users\/2"}],"replies":[{"embeddable":true,"href":"https:\/\/www.europesays.com\/fi\/wp-json\/wp\/v2\/comments?post=188810"}],"version-history":[{"count":0,"href":"https:\/\/www.europesays.com\/fi\/wp-json\/wp\/v2\/posts\/188810\/revisions"}],"wp:featuredmedia":[{"embeddable":true,"href":"https:\/\/www.europesays.com\/fi\/wp-json\/wp\/v2\/media\/188811"}],"wp:attachment":[{"href":"https:\/\/www.europesays.com\/fi\/wp-json\/wp\/v2\/media?parent=188810"}],"wp:term":[{"taxonomy":"category","embeddable":true,"href":"https:\/\/www.europesays.com\/fi\/wp-json\/wp\/v2\/categories?post=188810"},{"taxonomy":"post_tag","embeddable":true,"href":"https:\/\/www.europesays.com\/fi\/wp-json\/wp\/v2\/tags?post=188810"}],"curies":[{"name":"wp","href":"https:\/\/api.w.org\/{rel}","templated":true}]}}