{"id":189156,"date":"2026-03-08T21:17:08","date_gmt":"2026-03-08T21:17:08","guid":{"rendered":"https:\/\/www.europesays.com\/fi\/189156\/"},"modified":"2026-03-08T21:17:08","modified_gmt":"2026-03-08T21:17:08","slug":"marko-anttilan-koskettava-tarina-aitinsa-rintasyovasta-ja-selviytymisesta","status":"publish","type":"post","link":"https:\/\/www.europesays.com\/fi\/189156\/","title":{"rendered":"Marko Anttilan koskettava tarina \u00e4itins\u00e4 rintasy\u00f6v\u00e4st\u00e4 ja selviytymisest\u00e4"},"content":{"rendered":"<p>            Atte Kajova\n        <\/p>\n<p class=\"subtitle \">Marko avautui perheens\u00e4 vaikeasta koettelemuksesta.<\/p>\n<p class=\"article-content article-content-width !bg-background\">J\u00e4\u00e4kiekkot\u00e4hti , 40, kertoo MTV:n Huomenta Suomi -ohjelman lauantain (7.3.) l\u00e4hetyksess\u00e4 h\u00e4nen \u00e4itins\u00e4 k\u00e4yneen mennein\u00e4 vuosina rintasy\u00f6v\u00e4n l\u00e4pi.<\/p>\n<p class=\"font-weight-bold m-font-weight-bold article-content article-content-width !bg-background\">Katso my\u00f6s! Marko Anttila kertoo urastaan:<\/p>\n<p class=\"article-content article-content-width !bg-background\">Marko muistelee tilanteen olleen vaikea.<\/p>\n<p>Kovaa taistelua<\/p>\n<p class=\"article-content article-content-width !bg-background\">Sy\u00f6p\u00e4s\u00e4\u00e4ti\u00f6n Munien puolesta -kampanjan keulakuvana n\u00e4ht\u00e4v\u00e4 Marko kertoo sy\u00f6p\u00e4aiheen koskettavan h\u00e4nt\u00e4 henkil\u00f6kohtaisesti: h\u00e4nen \u00e4itins\u00e4 on k\u00e4ynyt l\u00e4pi vaikean rintasy\u00f6p\u00e4taistelun.\u00a0<\/p>\n<p>        <a itemprop=\"url\" href=\"https:\/\/www.seiska.fi\/urheilu\/arvaisitko-tallaisella-autolla-ajaa-203-senttinen-marko-anttila-selanteen-ferrarit-eivat-sovi-minulle\/1225512\" rel=\"nofollow noopener\" target=\"_blank\"><\/p>\n<p class=\"section-date\">\n        <strong class=\"article-section\" data-section=\"urheilu\"><br \/>\n            urheilu<br \/>\n        <\/strong><br \/>\n        1.1.2024 12:00\n    <\/p>\n<p>Arvaisitko? T\u00e4llaisella autolla ajaa 203-senttinen Marko Anttila \u2013 \u201dSel\u00e4nteen Ferrarit eiv\u00e4t sovi minulle\u201d\n    <\/p>\n<p itemprop=\"description\" class=\"subtitle \">\n    M\u00f6rk\u00f6 on sen verran iso mies, ettei mik\u00e4 tahansa kottero sovellu Leijona-legendalle.\n<\/p>\n<p>        <\/a><\/p>\n<p class=\"article-content article-content-width !bg-background\">Marko muistelee \u00e4tins\u00e4 sy\u00f6p\u00e4diagnoosin olleen h\u00e4nelle aikanaan kova paikka:<\/p>\n<p class=\"article-content article-content-width !bg-background\"> \u2013 Tottakai se kouraisi aika syv\u00e4lt\u00e4, silloin kun \u00e4iti uutisen kertoi. Sen asian kanssa joutui sitten el\u00e4m\u00e4\u00e4n hetken. Tottakai se koskettaa aina monia, kun yksi sairastaa ja muut ymp\u00e4rill\u00e4 el\u00e4v\u00e4t sit\u00e4 tautia sen mukana, h\u00e4n muistelee.<\/p>\n<p class=\"article-content article-content-width !bg-background\"> \u2013 Taistelu oli kovaa, h\u00e4n jatkaa.<\/p>\n<p>                <img decoding=\"async\" src=\"https:\/\/www.europesays.com\/fi\/wp-content\/uploads\/2026\/03\/2096555.webp.jpeg\" width=\"576\" height=\"720\" alt=\"Marko p\u00e4\u00e4tti pelaajauransa viime kev\u00e4\u00e4n\u00e4. Mies voitti urallaan kaksi maailmanmestaruutta ja yhden olympiakullan.\" loading=\"lazy\" \/>            <\/p>\n<p>\n            Marko p\u00e4\u00e4tti pelaajauransa viime kev\u00e4\u00e4n\u00e4. Mies voitti urallaan kaksi maailmanmestaruutta ja yhden olympiakullan.<br \/>\n            Timo Korhonen\n        <\/p>\n<p>        <a itemprop=\"url\" href=\"https:\/\/www.seiska.fi\/katso\/ttk-marko-anttila-ja-kia-lehmuskoski-vaikeuksissa\/1942507\" rel=\"nofollow noopener\" target=\"_blank\"><\/p>\n<p>\nMarko Anttila ja Kia Lehmuskoski\n<\/p>\n<p class=\"section-date\">\n        <strong class=\"article-section\" data-section=\"katso\"><br \/>\n            katso<br \/>\n        <\/strong><br \/>\n        26.9.2025 13:15\n    <\/p>\n<p>TTK: Marko Anttila ja Kia Lehmuskoski vaikeuksissa\n    <\/p>\n<p itemprop=\"description\" class=\"subtitle \">\n    Tanssii t\u00e4htien kanssa -t\u00e4htiparin viikko ei ole ollut helppo.\n<\/p>\n<p>        <\/a><\/p>\n<p>Selviytymiskeinot vaikealla hetkell\u00e4<\/p>\n<p class=\"article-content article-content-width !bg-background\">Vaikean tilanteen keskell\u00e4 Marko ja perhe pyrkiv\u00e4t ajattelemaan positiivisesti ja keskittym\u00e4\u00e4n tulevaan.\u00a0<\/p>\n<p class=\"article-content article-content-width !bg-background\"> \u2013 Kyll\u00e4h\u00e4n se loi arkeen ylim\u00e4\u00e4r\u00e4ist\u00e4 stressi\u00e4, haikeutta ja surua. Mutta se on toisaalta my\u00f6s el\u00e4m\u00e4\u00e4, ja koskettaa Suomessa t\u00e4ll\u00e4kin hetkell\u00e4 valtavan montaa ihmist\u00e4, Marko summaa.<\/p>\n<p class=\"article-content article-content-width !bg-background\">Nyt asiat ovat miehen mukaan kuitenkin hyvin.<\/p>\n<p class=\"article-content article-content-width !bg-background\">\u2013 Onneksi ollaan voiton puolella, terveen paperit. Siit\u00e4 olen kiitollinen, Marko iloitsee.<\/p>\n","protected":false},"excerpt":{"rendered":"Atte Kajova Marko avautui perheens\u00e4 vaikeasta koettelemuksesta. J\u00e4\u00e4kiekkot\u00e4hti , 40, kertoo MTV:n Huomenta Suomi -ohjelman lauantain (7.3.) l\u00e4hetyksess\u00e4&hellip;\n","protected":false},"author":2,"featured_media":189157,"comment_status":"","ping_status":"","sticky":false,"template":"","format":"standard","meta":{"footnotes":"","_share_on_mastodon":"0"},"categories":[130],"tags":[137,33,31,30,212,2429,98,3918,7712,32,29697,109],"class_list":["post-189156","post","type-post","status-publish","format-standard","has-post-thumbnail","category-viihde","tag-entertainment","tag-fi","tag-finland","tag-finnish","tag-lifestyle","tag-marko-anttila","tag-perhe","tag-rintasyopa","tag-selviytyminen","tag-suomi","tag-syopasaatio","tag-viihde"],"share_on_mastodon":{"url":"https:\/\/pubeurope.com\/@fi\/116195639032468762","error":""},"_links":{"self":[{"href":"https:\/\/www.europesays.com\/fi\/wp-json\/wp\/v2\/posts\/189156","targetHints":{"allow":["GET"]}}],"collection":[{"href":"https:\/\/www.europesays.com\/fi\/wp-json\/wp\/v2\/posts"}],"about":[{"href":"https:\/\/www.europesays.com\/fi\/wp-json\/wp\/v2\/types\/post"}],"author":[{"embeddable":true,"href":"https:\/\/www.europesays.com\/fi\/wp-json\/wp\/v2\/users\/2"}],"replies":[{"embeddable":true,"href":"https:\/\/www.europesays.com\/fi\/wp-json\/wp\/v2\/comments?post=189156"}],"version-history":[{"count":0,"href":"https:\/\/www.europesays.com\/fi\/wp-json\/wp\/v2\/posts\/189156\/revisions"}],"wp:featuredmedia":[{"embeddable":true,"href":"https:\/\/www.europesays.com\/fi\/wp-json\/wp\/v2\/media\/189157"}],"wp:attachment":[{"href":"https:\/\/www.europesays.com\/fi\/wp-json\/wp\/v2\/media?parent=189156"}],"wp:term":[{"taxonomy":"category","embeddable":true,"href":"https:\/\/www.europesays.com\/fi\/wp-json\/wp\/v2\/categories?post=189156"},{"taxonomy":"post_tag","embeddable":true,"href":"https:\/\/www.europesays.com\/fi\/wp-json\/wp\/v2\/tags?post=189156"}],"curies":[{"name":"wp","href":"https:\/\/api.w.org\/{rel}","templated":true}]}}