{"id":189197,"date":"2026-03-08T22:35:18","date_gmt":"2026-03-08T22:35:18","guid":{"rendered":"https:\/\/www.europesays.com\/fi\/189197\/"},"modified":"2026-03-08T22:35:18","modified_gmt":"2026-03-08T22:35:18","slug":"unelmahaat-viettaa-juhlavuotta-suomalainen-naiminen-on-muuttunut","status":"publish","type":"post","link":"https:\/\/www.europesays.com\/fi\/189197\/","title":{"rendered":"Unelmah\u00e4\u00e4t viett\u00e4\u00e4 juhlavuotta: &#8221;Suomalainen naiminen on muuttunut&#8221;"},"content":{"rendered":"<p><strong>Heidi <\/strong>ja <strong>Joakim Back<\/strong> uusivat valansa Unelmah\u00e4\u00e4t -ohjelman aloituksessa. Pari meni naimisiin ohjelman edelt\u00e4j\u00e4n, Satuh\u00e4iden, toisessa jaksossa 22 vuotta sitten.<\/p>\n<p>Juhlista siirryt\u00e4\u00e4n nopeasti arkeen: jauhelihanpaistoon omakotitalossa. Kaikessa n\u00e4kyy lapsiperheen vaurastuminen. <\/p>\n<p>Backit ovat my\u00f6s kokeneet \u00admenetyksen, joka saa edelleen \u00adkyyneliin. T\u00e4ss\u00e4 formaatissa rakkaus kuitenkin voittaa aina vaikeudet.<\/p>\n<p>Yle esitti Satuh\u00e4it\u00e4 vuosina 2005\u20132016. Se siirtyi TV5:lle l\u00e4hes alkuper\u00e4isess\u00e4 muodossa vuonna 2018. Yhteens\u00e4 sarjaa on tehty 19 kautta.<\/p>\n<p>TV5:lla on hehkutettu, ett\u00e4 kahdeksannen kauden Unelmah\u00e4\u00e4t viett\u00e4\u00e4 20. juhlavuotta. <\/p>\n<p>Matematiikka ei ihan t\u00e4sm\u00e4\u00e4, mutta juhliin on aina aihetta.<\/p>\n<p>Naiminen lopahti<\/p>\n<p>Kilpailijat ovat yritt\u00e4neet haastaa suosikkia, mutta lukuisat h\u00e4\u00e4viritelm\u00e4t ovat lopahtaneet.<\/p>\n<p>Meid\u00e4n h\u00e4\u00e4t, Nelj\u00e4t h\u00e4\u00e4t, Suomen ihanimmat h\u00e4\u00e4t, Kaksi \u00adjulkkista ja yhdet h\u00e4\u00e4t, H\u00e4\u00e4p\u00e4iv\u00e4kirjat.<\/p>\n<p>Nelonen nokitti suoralla h\u00e4\u00e4l\u00e4hetyksell\u00e4 vuonna 2013. Kuninkaalliset h\u00e4\u00e4t osoittautui yht\u00e4 tyls\u00e4ksi kuin suomalaiset rituaalit oikeassa el\u00e4m\u00e4ss\u00e4.<\/p>\n<p>Satuh\u00e4iden l\u00e4hetykset ker\u00e4siv\u00e4t parhaina p\u00e4ivin\u00e4 700\u00a0000 katsojaa. Kinastelevat parit saivat median\u00ad kuumaksi. TV5:lle siirtymisen j\u00e4lkeen huomio on ollut maltillisempaa. Hakijam\u00e4\u00e4r\u00e4t ovat laskeneet sadoista kymmeniin, tuottaja <strong>Juha-Pekka Ristmeri <\/strong>kertoi pari vuotta sitten.<\/p>\n<p>Ohjelman aikana suomalainen naiminen on muuttunut. Kun Backien h\u00e4it\u00e4 kuvattiin vuonna 2004, naimiisin meni l\u00e4hes 31\u00a0000 ihmist\u00e4. Sittemmin avioliittojen m\u00e4\u00e4r\u00e4 on laskenut yli kolmanneksella. Samalla televisio on menett\u00e4nyt h\u00e4\u00e4videoiden monopolin somekanaville.<\/p>\n<p>Tv-konsepti on silti edelleen ylitt\u00e4m\u00e4t\u00f6n. T\u00e4rkeint\u00e4 on se, ett\u00e4 ohjelmat esitt\u00e4m\u00e4t sadut ja unelmat ovat viallisia.<\/p>\n<p>Ohjelma noudattaa rakennetta, jossa erilaisista ongelmista \u2013 rikoksista, suhdehuolista, ty\u00f6murheista \u2013 k\u00e4rsiv\u00e4t ihmiset selvi\u00e4v\u00e4t rakkauden avulla. <\/p>\n<p>\u201dJa viimein kaikki on hyvin\u201d, kertoja <strong>Ola Tuominen<\/strong> toistaa joka jaksossa.<\/p>\n<p>H\u00e4\u00e4stressin voimalla<\/p>\n<p>Ohjelma ei koskaan ollut h\u00e4\u00e4ohjelma vaan sosiologinen katsaus yhteiskuntaan h\u00e4iden kautta, tuottaja Ristmeri on v\u00e4itt\u00e4nyt.<\/p>\n<p>Sarjassa on esitetty suomalaista \u201dtavallisuutta\u201d kymmenist\u00e4 eri n\u00e4k\u00f6kulmista.<\/p>\n<p>Ylen aikoina Satuh\u00e4it\u00e4 kritisoitiin liian provokatiiviseksi. Mediatutkija <strong>Pauliina Tuomi<\/strong> kirjoitti L\u00e4hikuva-lehdess\u00e4 vuonna 2018, ett\u00e4 katsojat valittivat my\u00f6s liial\u00adlisesta asiallisuudesta. Otsikot huusivat: \u201dHaluan hirvi\u00f6morsiamia ja k\u00e4nnisulhaisia.\u201d<\/p>\n<p>Uuden kauden alku tarjoaa kaikkea muuta. Backien fiineiss\u00e4 pihajuhlissa ei tyhjennell\u00e4 Tallinnasta tuotuja olutt\u00f6lkkej\u00e4. <\/p>\n<p>Kuitenkin j\u00e4rjestelyosuus paljastaa ohjelman voiman: h\u00e4\u00e4stressin. My\u00f6s sovinnollinen pariskunta p\u00e4\u00e4tyy v\u00e4ittelem\u00e4\u00e4n.<\/p>\n<p>\u201dKun yst\u00e4v\u00e4t tulee paikalle, diktatuuri muuttuu demokratiaksi\u201d, Joakim vitsailee k\u00e4skytykselle.<\/p>\n<p>V\u00e4lill\u00e4 leikataan h\u00e4\u00e4tallenteisiin kahden vuosikymmenen takaa mutta vain lyhyesti. H\u00e4\u00e4historiallisessa mieless\u00e4 olisi valaisevaa, jos Yle uusisi Satuh\u00e4iden kausia.<\/p>\n<p>Unelmah\u00e4iden uusi kausi on vain kuuden jakson mittainen, mutta lis\u00e4\u00e4 juhlapareja on luvassa my\u00f6hemmin.\u00a0<\/p>\n<p> Unelmah\u00e4\u00e4t, maanantai 9.3. klo 21.00, TV5 &amp; <a href=\"https:\/\/play.hbomax.com\/show\/32f21dc2-7338-427f-833f-f03e45d0b030\" target=\"_blank\" rel=\"noreferrer noopener nofollow\">HBO MAX<\/a><\/p>\n","protected":false},"excerpt":{"rendered":"Heidi ja Joakim Back uusivat valansa Unelmah\u00e4\u00e4t -ohjelman aloituksessa. Pari meni naimisiin ohjelman edelt\u00e4j\u00e4n, Satuh\u00e4iden, toisessa jaksossa 22&hellip;\n","protected":false},"author":2,"featured_media":189198,"comment_status":"","ping_status":"","sticky":false,"template":"","format":"standard","meta":{"footnotes":"","_share_on_mastodon":"0"},"categories":[130],"tags":[137,33,31,30,1208,32,1214,109],"class_list":["post-189197","post","type-post","status-publish","format-standard","has-post-thumbnail","category-viihde","tag-entertainment","tag-fi","tag-finland","tag-finnish","tag-haat","tag-suomi","tag-tosi-tv","tag-viihde"],"share_on_mastodon":{"url":"https:\/\/pubeurope.com\/@fi\/116195945565140990","error":""},"_links":{"self":[{"href":"https:\/\/www.europesays.com\/fi\/wp-json\/wp\/v2\/posts\/189197","targetHints":{"allow":["GET"]}}],"collection":[{"href":"https:\/\/www.europesays.com\/fi\/wp-json\/wp\/v2\/posts"}],"about":[{"href":"https:\/\/www.europesays.com\/fi\/wp-json\/wp\/v2\/types\/post"}],"author":[{"embeddable":true,"href":"https:\/\/www.europesays.com\/fi\/wp-json\/wp\/v2\/users\/2"}],"replies":[{"embeddable":true,"href":"https:\/\/www.europesays.com\/fi\/wp-json\/wp\/v2\/comments?post=189197"}],"version-history":[{"count":0,"href":"https:\/\/www.europesays.com\/fi\/wp-json\/wp\/v2\/posts\/189197\/revisions"}],"wp:featuredmedia":[{"embeddable":true,"href":"https:\/\/www.europesays.com\/fi\/wp-json\/wp\/v2\/media\/189198"}],"wp:attachment":[{"href":"https:\/\/www.europesays.com\/fi\/wp-json\/wp\/v2\/media?parent=189197"}],"wp:term":[{"taxonomy":"category","embeddable":true,"href":"https:\/\/www.europesays.com\/fi\/wp-json\/wp\/v2\/categories?post=189197"},{"taxonomy":"post_tag","embeddable":true,"href":"https:\/\/www.europesays.com\/fi\/wp-json\/wp\/v2\/tags?post=189197"}],"curies":[{"name":"wp","href":"https:\/\/api.w.org\/{rel}","templated":true}]}}