{"id":18961,"date":"2025-08-28T17:39:07","date_gmt":"2025-08-28T17:39:07","guid":{"rendered":"https:\/\/www.europesays.com\/fi\/18961\/"},"modified":"2025-08-28T17:39:07","modified_gmt":"2025-08-28T17:39:07","slug":"star-wars-starfighterista-julkaistiin-kuva-onko-tuo-luke-skywalkerin","status":"publish","type":"post","link":"https:\/\/www.europesays.com\/fi\/18961\/","title":{"rendered":"Star Wars: Starfighterista julkaistiin kuva: onko tuo Luke Skywalkerin\u2026?"},"content":{"rendered":"<p><strong>Shawn Levyn<\/strong> (Deadpool &amp; Wolverine, Free Guy) Star Wars: Starfighter -elokuvan kuvaukset ovat k\u00e4ynnistyneet.<\/p>\n<p>P\u00e4\u00e4osassa n\u00e4hd\u00e4\u00e4n <strong>Ryan Gosling<\/strong>, ja nyt my\u00f6s muita n\u00e4yttelij\u00f6it\u00e4 on julkistettu.<\/p>\n<p>Lue my\u00f6s: <a href=\"https:\/\/www.episodi.fi\/uutiset\/john-williams-93-paljastaa-en-ole-koskaan-pitanyt-elokuvamusiikista\/\" title=\"John Williams, 93, paljastaa: \u201dEn ole koskaan pit\u00e4nyt elokuvamusiikista\u201d\" class=\"underline-custom !font-montserrat !font-bold !underline-offset-4 !decoration-4 !decoration-episodi-blue !text-md\" rel=\"nofollow noopener\" target=\"_blank\">John Williams, 93, paljastaa: \u201dEn ole koskaan pit\u00e4nyt elokuvamusiikista\u201d<\/a><\/p>\n<p>Lue my\u00f6s: <a href=\"https:\/\/www.episodi.fi\/uutiset\/nyt-on-sakeaa-fantasiaa-mukana-uusi-he-man-marvel-pahis-muusikko-kauhuprinsessa-ja-star-wars-stara\/\" title=\"Nyt on sakeaa fantasiaa! \u2013 Mukana uusi He-Man, Marvel-pahis, muusikko, kauhuprinsessa ja Star Wars -stara\" class=\"underline-custom !font-montserrat !font-bold !underline-offset-4 !decoration-4 !decoration-episodi-blue !text-md\" rel=\"nofollow noopener\" target=\"_blank\">Nyt on sakeaa fantasiaa! \u2013 Mukana uusi He-Man, Marvel-pahis, muusikko, kauhuprinsessa ja Star Wars -stara<\/a><\/p>\n<p>Mukana on kohtalaisen kova poppoo, nimitt\u00e4in mukana ovat <strong>Amy Adams, Aaron Pierre<\/strong> (josta on povattu uutta Bondia), <strong>Flynn Gray, Simon Bird, Jamael Westman<\/strong> ja <strong>Daniel Ings.<\/strong><\/p>\n<p><strong>Mia Goth<\/strong> ja <strong>Matt Smith<\/strong> n\u00e4hd\u00e4\u00e4n my\u00f6s Starfighterissa.<\/p>\n<p>Elokuvan on k\u00e4sikirjoittanut The Adam Projectin kirjoittanut<strong> Jonathan Tropper.<\/strong><\/p>\n<p>Lucasafilm julkaisi kuvausten k\u00e4ynnistyksen kunniaksi kuvan Goslingista ja Graysta, jotka hengailevat kulkuneuvolla, joka muistuttaa erehdytt\u00e4v\u00e4sti Luke Skywalkerin maanopeusautoa.<\/p>\n<p>Starfighter sijoittuu kuitenkin toiseen aikaan ja paikkaan, jossa Skywalkereita ei ole n\u00e4htyk\u00e4\u00e4n, joten mist\u00e4 on kyse?<\/p>\n<p>Tsekkaa alta kuva.<\/p>\n<p><img loading=\"lazy\" height=\"372\" width=\"648\" class=\"wp-image-242561 sp-no-webp perfmatters-lazy\" alt=\"\" decoding=\"async\" src=\"https:\/\/www.europesays.com\/fi\/wp-content\/uploads\/2025\/08\/starfighter-648x372.jpeg\"  data-\/> <\/p>\n<p>L\u00e4hde: <a href=\"https:\/\/variety.com\/2025\/film\/news\/star-wars-starfighter-first-look-amy-adams-aaron-pierre-1236500976\" target=\"_blank\" rel=\"noreferrer noopener nofollow\">Variety<\/a><\/p>\n<p>Lue my\u00f6s: <a href=\"https:\/\/www.episodi.fi\/uutiskirje\/?uutiskirjemainos=tekstilinkkimainos\" title=\"Tilaa Episodin uutiskirje ja voit voittaa leffalippuja! Nappaa tv-vinkit suoraan s\u00e4hk\u00f6postiin t\u00e4st\u00e4.\" class=\"underline-custom !font-montserrat !font-bold !underline-offset-4 !decoration-4 !decoration-episodi-blue !text-md\" rel=\"nofollow noopener\" target=\"_blank\">Tilaa Episodin uutiskirje ja voit voittaa leffalippuja! Nappaa katseluvinkit suoraan s\u00e4hk\u00f6postiin t\u00e4st\u00e4.<\/a><\/p>\n","protected":false},"excerpt":{"rendered":"Shawn Levyn (Deadpool &amp; Wolverine, Free Guy) Star Wars: Starfighter -elokuvan kuvaukset ovat k\u00e4ynnistyneet. P\u00e4\u00e4osassa n\u00e4hd\u00e4\u00e4n Ryan Gosling,&hellip;\n","protected":false},"author":2,"featured_media":18962,"comment_status":"","ping_status":"","sticky":false,"template":"","format":"standard","meta":{"footnotes":""},"categories":[131],"tags":[155,137,33,173,31,30,172,32,109],"class_list":{"0":"post-18961","1":"post","2":"type-post","3":"status-publish","4":"format-standard","5":"has-post-thumbnail","7":"category-elokuvat","8":"tag-elokuvat","9":"tag-entertainment","10":"tag-fi","11":"tag-film","12":"tag-finland","13":"tag-finnish","14":"tag-movies","15":"tag-suomi","16":"tag-viihde"},"share_on_mastodon":{"url":"","error":""},"_links":{"self":[{"href":"https:\/\/www.europesays.com\/fi\/wp-json\/wp\/v2\/posts\/18961","targetHints":{"allow":["GET"]}}],"collection":[{"href":"https:\/\/www.europesays.com\/fi\/wp-json\/wp\/v2\/posts"}],"about":[{"href":"https:\/\/www.europesays.com\/fi\/wp-json\/wp\/v2\/types\/post"}],"author":[{"embeddable":true,"href":"https:\/\/www.europesays.com\/fi\/wp-json\/wp\/v2\/users\/2"}],"replies":[{"embeddable":true,"href":"https:\/\/www.europesays.com\/fi\/wp-json\/wp\/v2\/comments?post=18961"}],"version-history":[{"count":0,"href":"https:\/\/www.europesays.com\/fi\/wp-json\/wp\/v2\/posts\/18961\/revisions"}],"wp:featuredmedia":[{"embeddable":true,"href":"https:\/\/www.europesays.com\/fi\/wp-json\/wp\/v2\/media\/18962"}],"wp:attachment":[{"href":"https:\/\/www.europesays.com\/fi\/wp-json\/wp\/v2\/media?parent=18961"}],"wp:term":[{"taxonomy":"category","embeddable":true,"href":"https:\/\/www.europesays.com\/fi\/wp-json\/wp\/v2\/categories?post=18961"},{"taxonomy":"post_tag","embeddable":true,"href":"https:\/\/www.europesays.com\/fi\/wp-json\/wp\/v2\/tags?post=18961"}],"curies":[{"name":"wp","href":"https:\/\/api.w.org\/{rel}","templated":true}]}}