{"id":189871,"date":"2026-03-09T17:39:10","date_gmt":"2026-03-09T17:39:10","guid":{"rendered":"https:\/\/www.europesays.com\/fi\/189871\/"},"modified":"2026-03-09T17:39:10","modified_gmt":"2026-03-09T17:39:10","slug":"salatut-elamat-hanna-kinnunen-kertoo-suoran-mielipiteensa-palautteesta","status":"publish","type":"post","link":"https:\/\/www.europesays.com\/fi\/189871\/","title":{"rendered":"Salatut el\u00e4m\u00e4t: Hanna Kinnunen kertoo suoran mielipiteens\u00e4 palautteesta"},"content":{"rendered":"<p>\n            20250123, Helsinki. Salatut el\u00e4m\u00e4t 26-vuotta. Kuvassa Hanna Kinnunen.<br \/>\n            Timo Korhonen\n        <\/p>\n<p class=\"subtitle \">Hanna Kinnunen ihastuttaa \u2013 ja vihastuttaa \u2013 Salatut el\u00e4m\u00e4t -sarjan Salla Taalasmaana.<\/p>\n<p class=\"article-content article-content-width !bg-background\">Salatut el\u00e4m\u00e4t -sarjan Salla Taalasmaa on ollut osa  el\u00e4m\u00e4\u00e4 jo 20 vuoden ajan. N\u00e4yttelij\u00e4n t\u00f6iden lis\u00e4ksi Hanna on artisti sek\u00e4 radiojuontaja.<\/p>\n<p class=\"font-weight-bold m-font-weight-bold article-content article-content-width !bg-background\">Video: Kurkista Salatut el\u00e4m\u00e4t -sarjan kulisseihin.<\/p>\n<p class=\"article-content article-content-width !bg-background\">N\u00e4yttelij\u00e4n ty\u00f6 oli alun perin yll\u00e4tt\u00e4v\u00e4 seikkailu Hannalle. H\u00e4n voitti aikoinaan Haluatko filmit\u00e4hdeksi? -kisan.<\/p>\n<p class=\"article-content article-content-width !bg-background\">\u2013 Olenkin suhtautunut esimerkiksi Sallaan niin, ett\u00e4 teen hahmoa niin kauan kuin tuotanto antaa sit\u00e4 minun tehd\u00e4 ja se tuntuu minusta hyv\u00e4lt\u00e4, Hanna pohtii.<\/p>\n<p>        <a itemprop=\"url\" href=\"https:\/\/www.seiska.fi\/katso\/tata-et-tiennyt-salatut-elamat-sarjasta-kulisseissa-piiloviesteja-ja-feikkiruokaa\/2080882\" rel=\"nofollow noopener\" target=\"_blank\"><\/p>\n<p>\nT\u00e4t\u00e4 et tiennyt Salatut el\u00e4m\u00e4t -sarjasta\n<\/p>\n<p class=\"section-date\">\n        <strong class=\"article-section\" data-section=\"katso\"><br \/>\n            katso<br \/>\n        <\/strong><br \/>\n        21.2. 07:15\n    <\/p>\n<p>T\u00e4t\u00e4 et tiennyt Salatut el\u00e4m\u00e4t -sarjasta: Kulisseissa piiloviestej\u00e4 ja feikkiruokaa\n    <\/p>\n<p itemprop=\"description\" class=\"subtitle \">\n    Salatut el\u00e4m\u00e4t -sarjan milj\u00f6\u00f6ta katsoessa ei ehk\u00e4 tule ajatelleeksi, kuka kaiken suunnittelee ja tekee.\n<\/p>\n<p>        <\/a><\/p>\n<p class=\"article-content article-content-width !bg-background\">Salatut el\u00e4m\u00e4t -lehdist\u00f6tilaisuudessa k\u00e4vi ilmi, ett\u00e4 tuotanto saa paljon palautetta Salla ja Kari Taalasmaan suhteesta, ja siit\u00e4 miksi kaksikko on pari. Hannan mukaan negatiivisen palautteen lis\u00e4ksi tulee my\u00f6s positiivista palautetta.<\/p>\n<p class=\"article-content article-content-width !bg-background\">\u2013 Salla ja Kari ovat loppujen lopuksi aika realistinen pari. Vaikka he, jotka eiv\u00e4t ole sit\u00e4 mielt\u00e4, ajattelevat, etteiv\u00e4t he todellakaan ole, Hanna pohtii ja sanoo:<\/p>\n<p class=\"article-content article-content-width !bg-background\">\u2013 Kun luen tekstej\u00e4 sek\u00e4 Sallan ja Karin dynamiikkaa, niin ne tuntuvat todelta aidoilta. Sallahan on itse asiassa kaikkein herkimmill\u00e4\u00e4n ja riisutuimmillaan henkisesti Karin kanssa.<\/p>\n<p>                <img decoding=\"async\" src=\"https:\/\/www.europesays.com\/fi\/wp-content\/uploads\/2026\/03\/1618690.webp.jpeg\" width=\"576\" height=\"274\" alt=\"Salatut el\u00e4m\u00e4t -sarjassa Hanna Kinnusen n\u00e4yttelem\u00e4ll\u00e4 Sallan perheeseen kuuluvat Kari (Tommi Taurula) ja Tukku (Roope Malkki).\" loading=\"lazy\" \/>            <\/p>\n<p>\n            Salatut el\u00e4m\u00e4t -sarjassa Hanna Kinnusen n\u00e4yttelem\u00e4ll\u00e4 Sallan perheeseen kuuluvat Kari (Tommi Taurula) ja Tukku (Roope Malkki).<br \/>\n            MTV\n        <\/p>\n<p>        <a itemprop=\"url\" href=\"https:\/\/www.seiska.fi\/katso\/3-vuotias-roope-hurmaa-salkkareissa-kameramiehilla-erityinen-ongelma\/2066669\" rel=\"nofollow noopener\" target=\"_blank\"><\/p>\n<p>\n3-vuotias Salatut el\u00e4m\u00e4t -hurmuri\n<\/p>\n<p class=\"section-date\">\n        <strong class=\"article-section\" data-section=\"katso\"><br \/>\n            katso<br \/>\n        <\/strong><br \/>\n        6.2. 06:15\n    <\/p>\n<p>3-vuotias Roope hurmaa Salkkareissa \u2013 kameramiehill\u00e4 erityinen ongelma\n    <\/p>\n<p itemprop=\"description\" class=\"subtitle \">\n    Roope Malkki n\u00e4yttelee Salatut el\u00e4m\u00e4t -sarjassa Tukku Taalasmaata.\n<\/p>\n<p>        <\/a><\/p>\n<p class=\"article-content article-content-width !bg-background\">Hannan mukaan Sallan \u201ds\u00e4ksytys\u201d on hahmon suojakuorta. Suojat ovat alhaalla silloin, kun Salla on Karin kanssa.<\/p>\n<p class=\"article-content article-content-width !bg-background\">\u2013 Totta kai se Salla on siell\u00e4, ja ne nyanssit ovat mukana. Tavallaan se on my\u00f6s valtava rikkaus t\u00e4ss\u00e4 sarjassa ty\u00f6skentelemisess\u00e4, ett\u00e4 silloin kun n\u00e4yttelen Sallaa suhteessa Kariin, se on l\u00e4himp\u00e4n\u00e4 my\u00f6s minua itse\u00e4ni, Hanna toteaa.<\/p>\n<p class=\"article-content article-content-width !bg-background\">\u2013 Se suhde pyrkii olemaan \u2013 ja mielest\u00e4ni se on \u2013 realistinen.<\/p>\n<p class=\"article-content article-content-width !bg-background\">Hannan mukaan he, jotka v\u00e4itt\u00e4v\u00e4t paria \u00e4lytt\u00f6m\u00e4ksi, eiv\u00e4t ole sit\u00e4 pys\u00e4htyneet katsomaan ja kuuntelemaan.<\/p>\n<p class=\"article-content article-content-width !bg-background\">\u2013 He her\u00e4tt\u00e4v\u00e4t tunteita, mik\u00e4 on \u00e4\u00e4rimm\u00e4isen hyv\u00e4 asia. Ehk\u00e4 he trigger\u00f6iv\u00e4t jotain heiss\u00e4, jotka palautetta l\u00e4hett\u00e4v\u00e4t.<\/p>\n<p>Sallan takana on \u00e4\u00e4nenk\u00e4yt\u00f6n ammattilainen<\/p>\n<p class=\"article-content article-content-width !bg-background\">Hanna sekoitetaan Sallaan usein. Kasvokkain tapahtuvat kohtaamiset ovat positiivisia.<\/p>\n<p class=\"article-content article-content-width !bg-background\">\u2013 Sosiaalisessa mediassakin tulee nyky\u00e4\u00e4n ihan hirvitt\u00e4v\u00e4n v\u00e4h\u00e4n kuraa. V\u00e4it\u00e4n, ett\u00e4 siihen vaikuttaa se, ett\u00e4 he, jotka seuraavat minua vaikkapa Instagramissa, aika nopeasti hoksaavat, ettemme ole Sallan kanssa yht\u00e4\u00e4n samanlaisia.<\/p>\n<p class=\"article-content article-content-width !bg-background\">\u2013 T\u00e4ss\u00e4 tapauksessa some on ollut todella suuri lievennystekij\u00e4. Vaikka siell\u00e4 n\u00e4kee vain rajatusti oikeaa el\u00e4m\u00e4\u00e4, siell\u00e4 kuitenkin n\u00e4kee, kuka oikeasti olen.<\/p>\n<p>        <a itemprop=\"url\" href=\"https:\/\/www.seiska.fi\/katso\/aviomies-sivaltaa-hulvattoman-kuitin-hanna-kinnuselle\/1484055\" rel=\"nofollow noopener\" target=\"_blank\"><\/p>\n<p class=\"section-date\">\n        <strong class=\"article-section\" data-section=\"katso\"><br \/>\n            katso<br \/>\n        <\/strong><br \/>\n        10.10.2024 15:15\n    <\/p>\n<p>Aviomies sivaltaa hulvattoman kuitin Hanna Kinnuselle\n    <\/p>\n<p itemprop=\"description\" class=\"subtitle \">\n    Katsojia usein askarruttaa, mit\u00e4 yhteist\u00e4 Salkkarit-n\u00e4yttelij\u00e4ll\u00e4 on roolihahmonsa kanssa.\n<\/p>\n<p>        <\/a><\/p>\n<p class=\"article-content article-content-width !bg-background\">Hanna kertoo saavansa palautetta muun muassa siit\u00e4, ett\u00e4 katsojat eiv\u00e4t voineet kuvitella, millainen Hanna oikeasti on verrattuna hahmoonsa, tai milt\u00e4 h\u00e4nen \u00e4\u00e4nens\u00e4 oikeasti kuulostaa.<\/p>\n<p class=\"article-content article-content-width !bg-background\">\u2013 Kaikkein eniten minulta kysyt\u00e4\u00e4n sit\u00e4, miten muutan \u00e4\u00e4nt\u00e4ni ja rasittuuko se, Hanna sanoo,<\/p>\n<p class=\"article-content article-content-width !bg-background\">\u2013 \u00c4\u00e4neni ei rasitu, koska olen my\u00f6s laulaja ja \u00e4\u00e4nenk\u00e4ytt\u00e4j\u00e4. Teen Sallan \u00e4\u00e4nen \u00e4\u00e4nenk\u00e4ytt\u00e4j\u00e4n tekniikalla.<\/p>\n<p class=\"article-content article-content-width !bg-background\">Tulevan kev\u00e4\u00e4n aikana Sallan el\u00e4m\u00e4 ei tule olemaan tasaista.<\/p>\n<p class=\"italic m-italic article-content article-content-width !bg-background\">Salatut el\u00e4m\u00e4t maanantaista torstaihin MTV3:lla ja MTV Katsomossa, seuraavan viikon jaksot perjantaisin MTV Katsomo+ -tilauksella.<\/p>\n<p>        <a itemprop=\"url\" href=\"https:\/\/www.seiska.fi\/katso\/muistatko-salatut-elamat-amin-talta-han-nayttaa-nyt\/2073351\" rel=\"nofollow noopener\" target=\"_blank\"><\/p>\n<p>\nMuistatko Salkkarit-Amin?\n<\/p>\n<p class=\"section-date\">\n        <strong class=\"article-section\" data-section=\"katso\"><br \/>\n            katso<br \/>\n        <\/strong><br \/>\n        12.2. 11:15\n    <\/p>\n<p>Muistatko Salatut el\u00e4m\u00e4t -Amin? T\u00e4lt\u00e4 h\u00e4n n\u00e4ytt\u00e4\u00e4 nyt\n    <\/p>\n<p itemprop=\"description\" class=\"subtitle \">\n    Rakastettu Salkkarit-t\u00e4hti Tuomas Reunanen teki paluun julkisuuteen.\n<\/p>\n<p>        <\/a><\/p>\n","protected":false},"excerpt":{"rendered":"20250123, Helsinki. Salatut el\u00e4m\u00e4t 26-vuotta. Kuvassa Hanna Kinnunen. Timo Korhonen Hanna Kinnunen ihastuttaa \u2013 ja vihastuttaa \u2013 Salatut&hellip;\n","protected":false},"author":2,"featured_media":189872,"comment_status":"","ping_status":"","sticky":false,"template":"","format":"standard","meta":{"footnotes":"","_share_on_mastodon":"0"},"categories":[133],"tags":[137,33,31,30,13491,9324,1342,209,4463,13490,32,206,1318,156,109],"class_list":["post-189871","post","type-post","status-publish","format-standard","has-post-thumbnail","category-televisiot","tag-entertainment","tag-fi","tag-finland","tag-finnish","tag-hanna-kinnunen","tag-kari-taalasmaa","tag-nayttelija","tag-salatut-elamat","tag-salkkarit","tag-salla-taalasmaa","tag-suomi","tag-televisiot","tag-tv-ohjelma","tag-tv","tag-viihde"],"share_on_mastodon":{"url":"https:\/\/pubeurope.com\/@fi\/116200444276016651","error":""},"_links":{"self":[{"href":"https:\/\/www.europesays.com\/fi\/wp-json\/wp\/v2\/posts\/189871","targetHints":{"allow":["GET"]}}],"collection":[{"href":"https:\/\/www.europesays.com\/fi\/wp-json\/wp\/v2\/posts"}],"about":[{"href":"https:\/\/www.europesays.com\/fi\/wp-json\/wp\/v2\/types\/post"}],"author":[{"embeddable":true,"href":"https:\/\/www.europesays.com\/fi\/wp-json\/wp\/v2\/users\/2"}],"replies":[{"embeddable":true,"href":"https:\/\/www.europesays.com\/fi\/wp-json\/wp\/v2\/comments?post=189871"}],"version-history":[{"count":0,"href":"https:\/\/www.europesays.com\/fi\/wp-json\/wp\/v2\/posts\/189871\/revisions"}],"wp:featuredmedia":[{"embeddable":true,"href":"https:\/\/www.europesays.com\/fi\/wp-json\/wp\/v2\/media\/189872"}],"wp:attachment":[{"href":"https:\/\/www.europesays.com\/fi\/wp-json\/wp\/v2\/media?parent=189871"}],"wp:term":[{"taxonomy":"category","embeddable":true,"href":"https:\/\/www.europesays.com\/fi\/wp-json\/wp\/v2\/categories?post=189871"},{"taxonomy":"post_tag","embeddable":true,"href":"https:\/\/www.europesays.com\/fi\/wp-json\/wp\/v2\/tags?post=189871"}],"curies":[{"name":"wp","href":"https:\/\/api.w.org\/{rel}","templated":true}]}}