{"id":189991,"date":"2026-03-09T20:25:10","date_gmt":"2026-03-09T20:25:10","guid":{"rendered":"https:\/\/www.europesays.com\/fi\/189991\/"},"modified":"2026-03-09T20:25:10","modified_gmt":"2026-03-09T20:25:10","slug":"kuva-veikkaus-areenan-alla-on-valtava-jaaluola-aukeaa-vihdoin-paikalliset","status":"publish","type":"post","link":"https:\/\/www.europesays.com\/fi\/189991\/","title":{"rendered":"Kuva: Veikkaus-areenan alla on valtava j\u00e4\u00e4luola \u2013\u2009aukeaa vihdoin | Paikalliset"},"content":{"rendered":"<p>Veikkaus-areenan harjoitusj\u00e4\u00e4halli otetaan uudelleen k\u00e4ytt\u00f6\u00f6n toukokuussa, Helsingin Jokerit julkaisi tiedotteen asiasta 6. maaliskuuta <a href=\"https:\/\/x.com\/jokerithc\/status\/2029919549378670941\" rel=\"nofollow\">X-tilill\u00e4\u00e4n<\/a>.<\/p>\n<p><a href=\"https:\/\/www.helsinginuutiset.fi\/paikalliset\/4525519\" rel=\"nofollow noopener\" target=\"_blank\">Harjoitusj\u00e4\u00e4halli sulkeutui <\/a>pian sen j\u00e4lkeen kun ex-Hartwall-areena pantiin s\u00e4ppiin kev\u00e4\u00e4ll\u00e4 2022.<\/p>\n<p>\u2013\u2009Olemme odottaneet j\u00e4\u00e4luolan k\u00e4ytt\u00f6\u00f6nottoa pitk\u00e4\u00e4n ja t\u00e4n\u00e4 kev\u00e4\u00e4n\u00e4 on oikea hetki sille. T\u00e4m\u00e4 j\u00e4lleen merkitt\u00e4v\u00e4 hetki niin Jokereille kuin muillekin j\u00e4\u00e4lajien harrastajille Helsingiss\u00e4, Jokereiden puheenjohtaja <strong>Mikko Saarni <\/strong>sanoo tiedotteessa.<\/p>\n<p>Seura sanoo, ett\u00e4 hallia voidaan k\u00e4ytt\u00e4\u00e4 my\u00f6s kes\u00e4ll\u00e4.<\/p>\n<p>Helsingin Uutiset <a href=\"https:\/\/www.helsinginuutiset.fi\/paikalliset\/9123090\" rel=\"nofollow noopener\" target=\"_blank\">kertoi tammikuussa ett\u00e4 Malmin j\u00e4\u00e4halli<\/a> on j\u00e4\u00e4nyt tyhjilleen ja sinne suunniteltu remontti peruuntui.<\/p>\n<p>Veikkaus-areena aukesi viime syksyn\u00e4. Jokerit pelaa siell\u00e4 t\u00e4ll\u00e4 hetkell\u00e4 Mestist\u00e4.<\/p>\n<p>\t\t\t\t\t<img class=\"diks-card__image\" src=\"https:\/\/www.europesays.com\/fi\/wp-content\/uploads\/2026\/03\/11328399.jpg\"   loading=\"lazy\" decoding=\"sync\" alt=\"\"\/><\/p>\n<p>\t\t\t\t\t<img class=\"diks-card__image\" src=\"https:\/\/www.europesays.com\/fi\/wp-content\/uploads\/2025\/12\/5567398.jpg\"   loading=\"lazy\" decoding=\"sync\" alt=\"\"\/><\/p>\n<p>\t\t\t\t\t<img class=\"diks-card__image\" src=\"https:\/\/www.europesays.com\/fi\/wp-content\/uploads\/2026\/03\/11310970.jpg\"   loading=\"lazy\" decoding=\"sync\" alt=\"\"\/><\/p>\n<p>\t\t\t\t\t<img class=\"diks-card__image\" src=\"https:\/\/www.europesays.com\/fi\/wp-content\/uploads\/2026\/03\/11212143.jpg\"   loading=\"lazy\" decoding=\"sync\" alt=\"\"\/><\/p>\n","protected":false},"excerpt":{"rendered":"Veikkaus-areenan harjoitusj\u00e4\u00e4halli otetaan uudelleen k\u00e4ytt\u00f6\u00f6n toukokuussa, Helsingin Jokerit julkaisi tiedotteen asiasta 6. maaliskuuta X-tilill\u00e4\u00e4n. Harjoitusj\u00e4\u00e4halli sulkeutui pian sen&hellip;\n","protected":false},"author":2,"featured_media":189992,"comment_status":"","ping_status":"","sticky":false,"template":"","format":"standard","meta":{"footnotes":"","_share_on_mastodon":"0"},"categories":[12],"tags":[22,23,26,27,33,31,30,17,6421,104,1143,24,25,41,28,29,15,18,21,2305,32,19,20,161,16,25450],"class_list":["post-189991","post","type-post","status-publish","format-standard","has-post-thumbnail","category-suomi","tag-breaking-news","tag-breakingnews","tag-featured-news","tag-featurednews","tag-fi","tag-finland","tag-finnish","tag-headlines","tag-helsingin-jokerit","tag-helsinki","tag-jaakiekko","tag-latest-news","tag-latestnews","tag-liikunta-ja-urheilu","tag-main-news","tag-mainnews","tag-news","tag-otsikot","tag-paauutiset","tag-puheenaiheet","tag-suomi","tag-top-stories","tag-topstories","tag-urheilutapahtumat","tag-uutiset","tag-uutissahkeet"],"share_on_mastodon":{"url":"https:\/\/pubeurope.com\/@fi\/116201097109024299","error":""},"_links":{"self":[{"href":"https:\/\/www.europesays.com\/fi\/wp-json\/wp\/v2\/posts\/189991","targetHints":{"allow":["GET"]}}],"collection":[{"href":"https:\/\/www.europesays.com\/fi\/wp-json\/wp\/v2\/posts"}],"about":[{"href":"https:\/\/www.europesays.com\/fi\/wp-json\/wp\/v2\/types\/post"}],"author":[{"embeddable":true,"href":"https:\/\/www.europesays.com\/fi\/wp-json\/wp\/v2\/users\/2"}],"replies":[{"embeddable":true,"href":"https:\/\/www.europesays.com\/fi\/wp-json\/wp\/v2\/comments?post=189991"}],"version-history":[{"count":0,"href":"https:\/\/www.europesays.com\/fi\/wp-json\/wp\/v2\/posts\/189991\/revisions"}],"wp:featuredmedia":[{"embeddable":true,"href":"https:\/\/www.europesays.com\/fi\/wp-json\/wp\/v2\/media\/189992"}],"wp:attachment":[{"href":"https:\/\/www.europesays.com\/fi\/wp-json\/wp\/v2\/media?parent=189991"}],"wp:term":[{"taxonomy":"category","embeddable":true,"href":"https:\/\/www.europesays.com\/fi\/wp-json\/wp\/v2\/categories?post=189991"},{"taxonomy":"post_tag","embeddable":true,"href":"https:\/\/www.europesays.com\/fi\/wp-json\/wp\/v2\/tags?post=189991"}],"curies":[{"name":"wp","href":"https:\/\/api.w.org\/{rel}","templated":true}]}}