{"id":19001,"date":"2025-08-28T18:42:12","date_gmt":"2025-08-28T18:42:12","guid":{"rendered":"https:\/\/www.europesays.com\/fi\/19001\/"},"modified":"2025-08-28T18:42:12","modified_gmt":"2025-08-28T18:42:12","slug":"budjettikuningatar-sanna-latvala-julkaisi-budjettikirjan-kevytyrittajana","status":"publish","type":"post","link":"https:\/\/www.europesays.com\/fi\/19001\/","title":{"rendered":"Budjettikuningatar Sanna Latvala julkaisi budjettikirjan kevytyritt\u00e4j\u00e4n\u00e4"},"content":{"rendered":"<p data-testid=\"lead-text\">Sanna Latvala ryhtyi budjetoimaan tulojaan ja menojaan viisi vuotta sitten. Seurasi paitsi turvatumpi el\u00e4m\u00e4, my\u00f6s kevytyritt\u00e4jyys ja budjettikirja.<\/p>\n<p>Todellisuus rys\u00e4hti lahtelaisen <strong>Sanna Latvalan<\/strong> vatsanpohjaan Thaimaan-lomalla maaliskuussa 2020. Samaan aikaan, kun Suomessa otettiin k\u00e4ytt\u00f6\u00f6n koronarajoitukset, osastovastaavana ty\u00f6skennelleen Latvalan ty\u00f6nantaja ilmoitti yt-neuvotteluista.<\/p>\n<p>\u2013 Tajusin, ett\u00e4 ei helkkari, hyville tyypeille ei aina olekaan t\u00f6it\u00e4. Tilill\u00e4 ei ollut pennin jeni\u00e4, eik\u00e4 s\u00e4\u00e4st\u00f6j\u00e4 ollut. Thaimaan-lomakin oli maksettu Visalla. Miten hitossa maksaisin sen, jos ty\u00f6paikka menee alta?<\/p>\n<p>Latvala ei menett\u00e4nyt ty\u00f6paikkaansa, mik\u00e4 oli helpotus. H\u00e4n p\u00e4\u00e4tti ottaa taloutensa omiin k\u00e4siins\u00e4 ja alkaa s\u00e4\u00e4st\u00e4\u00e4 ja sijoittaa.<\/p>\n<p>\u2013 Kuuntelin kaikki mahdolliset rahapodcastit Taloudellisesta mielenrauhasta Rahamaniaan ja Mimmit sijoittaa -podiin. Jostain niist\u00e4 tarttui se ajatus, ett\u00e4 et voi sijoittaa ennen kuin tied\u00e4t omat lukusi. Eli budjetoinnin merkitys, Latvala hymyilee.<\/p>\n<p>Lukuja yl\u00f6s kirjatessaan Latvalalle selvisikin \u00e4kki\u00e4, mihin rahat olivat menneet.<\/p>\n<p>\u2013 Lopputulos oli aika pys\u00e4ytt\u00e4v\u00e4. Rahat olivat menneet etup\u00e4\u00e4ss\u00e4 kampaajalle, ripsiin, kynsiin ja sokerointeihin. My\u00f6s impulssiostoja oli paljon, Latvala kertaa.<\/p>\n<p><strong>Lue: <\/strong><a class=\"opux-v6__ds-action opux-v6__ds-action--external opux-v6__ds-action--inline\" href=\"https:\/\/www.op.fi\/verkkopalveluiden-kaytto\/op-mobiili\/talouden-tasapaino?opsite=opmedia%3Araha%3A%2Fsaastaminen%2Fsanna-julkaisi-kirjan-kevytyrittajana%2F\" rel=\"noopener noreferrer nofollow\" tabindex=\"0\" target=\"_blank\">Ohjaa kulutustasi haluamaasi suuntaan OP-mobiilin maksuttomalla ty\u00f6kalulla\u200d<\/a><\/p>\n<p>800 euroa lis\u00e4tuloja kuukaudessa<\/p>\n<p>Latvala ei ole Excel-ihmisi\u00e4.<\/p>\n<p>\u2013 Yritin tehd\u00e4 budjettia ensin Exceliin, mutta se ei motivoinut. Saatoin tehd\u00e4 jonkun kuukauden unelmabudjetin kyll\u00e4, mutta varsinainen seuranta, eli kulujen kirjaaminen, j\u00e4i. Ja se on kuitenkin se olennaisin osa.<\/p>\n<p>Niinp\u00e4 Latvala sai idean fyysisest\u00e4 budjettikirjasta.<\/p>\n<p>\u2013 Tein sen ensisijaisesti itselleni. Ajattelin, ett\u00e4 tilaan sit\u00e4 sata kappaletta ja jos saan puolet myyty\u00e4, olen saanut kulut katettua.<\/p>\n<p>Latvala teki budjettikirjan Canva-ohjelmalla, jolla kaunis ilme oli helppo toteuttaa. H\u00e4n etsi painotalon ja laittoi kirjan myyntiin yst\u00e4v\u00e4n verkkokauppaan.<\/p>\n<p>\u2013 Yst\u00e4v\u00e4 kannusti tekem\u00e4\u00e4n tuotteen loppuun asti. Yksin olisin varmaankin j\u00e4tt\u00e4nyt leikin kesken, sen verran paljon s\u00e4\u00e4t\u00f6\u00e4 oli esimerkiksi v\u00e4rien ja sivumarginaalien s\u00e4\u00e4t\u00e4misess\u00e4 ensikertalaiselle.<\/p>\n<p>Ensimm\u00e4iset sata kirjaa tilattiin viikossa, ja Latvala nosti heti ensimm\u00e4isen painoksen kahteensataan.<\/p>\n<p>Nyt, vajaassa kahdessa vuodessa, kirjaa on myyty vajaat 3000 kappaletta. Se tekee myynti\u00e4 70 000 euroa. Latvala on markkinoinut kirjaa omalla sometilill\u00e4\u00e4n ja my\u00f6s puskaradio on laulanut hyvin.<\/p>\n<p><a class=\"opux-v6__ds-action opux-v6__ds-action--external opux-v6__ds-action--inline\" href=\"https:\/\/op-kevytyrittaja.fi\/\" rel=\"noopener noreferrer nofollow\" tabindex=\"0\" target=\"_blank\">Kevytyritt\u00e4j\u00e4ll\u00e4kin\u200d<\/a> on tietysti kulunsa, eik\u00e4 kaikki myynti j\u00e4\u00e4 omaan taskuun. Painokulujen, postituksen, pakkausmateriaalien ja verojen j\u00e4lkeen yhdest\u00e4 kirjasta j\u00e4\u00e4 Latvalalle katetta noin 8 euroa.<\/p>\n<p>\u2013 Olen laskenut, ett\u00e4 kirja on tuottanut keskim\u00e4\u00e4rin 800 euroa lis\u00e4tuloja kuukaudessa. Kaikki lis\u00e4tulot menev\u00e4t sijoituksiin, eli budjetissa kirjaan ne kyll\u00e4 tuloihin, mutta my\u00f6s sijoitusten puolelle menoihin.<\/p>\n<p><img decoding=\"async\" alt=\"Sanna Latvalan budjettikirja\" class=\"block max-w-full\"   src=\"https:\/\/www.europesays.com\/fi\/wp-content\/uploads\/2025\/08\/sanna-latvala-budjettikirja-talous-saastaminen-kuva-mirka-lehtinen-41.jpg\"\/>Sanna Latvala on markkinoinut kirjaa omalla sometilill\u00e4\u00e4n.\u201dTein tuotteen, perustin kevytyritt\u00e4jyyden ja aloin myyd\u00e4\u201d<\/p>\n<p>OP Kevytyritt\u00e4j\u00e4 on ollut Latvalalle helppo ja huoleton ratkaisu.<\/p>\n<p>\u2013 Tein tuotteen, perustin kevytyritt\u00e4jyyden ja aloin myyd\u00e4, siin\u00e4 se yksinkertaisuudessaan. Palvelu huolehtii puolestani alvit ja verot. Jos minun olisi pit\u00e4nyt perustaa yritys budjettikirjaa varten, se olisi takuulla j\u00e4\u00e4nyt tekem\u00e4tt\u00e4.<\/p>\n<blockquote>\n<p>Kirja on minulla sohvan k\u00e4sinojalla. Kirjaan ostokset, kun heitt\u00e4ydyn illalla TV:n \u00e4\u00e4reen.<\/p>\n<\/blockquote>\n<p>Latvalalle itselleen budjetoinnista on tullut tapa.<\/p>\n<p>\u2013 Budjettikirja on minulla sohvan k\u00e4sinojalla ja kirjaan siihen ostokset p\u00e4ivitt\u00e4in siin\u00e4 vaiheessa, kun heitt\u00e4ydyn illalla TV:n \u00e4\u00e4reen. Budjetoinnin my\u00f6t\u00e4 impulssiostot ovat j\u00e4\u00e4neet l\u00e4hes kokonaan. Yst\u00e4v\u00e4t ja sometutut kutsuvat minua t\u00e4t\u00e4 nyky\u00e4 budjettikuningattareksi, Latvala nauraa.<\/p>\n<p>Intohimo budjetointiin ja sen my\u00f6t\u00e4 tapahtunut oman talouden haltuunotto on muuttanut Latvalan el\u00e4m\u00e4n suuntaa monella tasolla. Kolmannen yt-kierroksen j\u00e4lkeen h\u00e4n ei en\u00e4\u00e4 j\u00e4\u00e4nyt ty\u00f6skentelem\u00e4\u00e4n osastovastaavana vaan haki <a class=\"opux-v6__ds-action opux-v6__ds-action--external opux-v6__ds-action--inline\" href=\"https:\/\/www.op.fi\/op-ryhma\/ura-oplla\/hae-meille-toihin?opsite=opmedia%3Araha%3A%2Fsaastaminen%2Fsanna-julkaisi-kirjan-kevytyrittajana%2F\" rel=\"noopener noreferrer nofollow\" tabindex=\"0\" target=\"_blank\">t\u00f6ihin pankkiin\u200d<\/a> ja sai paikan.<\/p>\n","protected":false},"excerpt":{"rendered":"Sanna Latvala ryhtyi budjetoimaan tulojaan ja menojaan viisi vuotta sitten. Seurasi paitsi turvatumpi el\u00e4m\u00e4, my\u00f6s kevytyritt\u00e4jyys ja budjettikirja.&hellip;\n","protected":false},"author":2,"featured_media":19002,"comment_status":"","ping_status":"","sticky":false,"template":"","format":"standard","meta":{"footnotes":""},"categories":[134],"tags":[377,137,33,31,30,378,32,109],"class_list":{"0":"post-19001","1":"post","2":"type-post","3":"status-publish","4":"format-standard","5":"has-post-thumbnail","7":"category-kirjat","8":"tag-books","9":"tag-entertainment","10":"tag-fi","11":"tag-finland","12":"tag-finnish","13":"tag-kirjat","14":"tag-suomi","15":"tag-viihde"},"share_on_mastodon":{"url":"","error":""},"_links":{"self":[{"href":"https:\/\/www.europesays.com\/fi\/wp-json\/wp\/v2\/posts\/19001","targetHints":{"allow":["GET"]}}],"collection":[{"href":"https:\/\/www.europesays.com\/fi\/wp-json\/wp\/v2\/posts"}],"about":[{"href":"https:\/\/www.europesays.com\/fi\/wp-json\/wp\/v2\/types\/post"}],"author":[{"embeddable":true,"href":"https:\/\/www.europesays.com\/fi\/wp-json\/wp\/v2\/users\/2"}],"replies":[{"embeddable":true,"href":"https:\/\/www.europesays.com\/fi\/wp-json\/wp\/v2\/comments?post=19001"}],"version-history":[{"count":0,"href":"https:\/\/www.europesays.com\/fi\/wp-json\/wp\/v2\/posts\/19001\/revisions"}],"wp:featuredmedia":[{"embeddable":true,"href":"https:\/\/www.europesays.com\/fi\/wp-json\/wp\/v2\/media\/19002"}],"wp:attachment":[{"href":"https:\/\/www.europesays.com\/fi\/wp-json\/wp\/v2\/media?parent=19001"}],"wp:term":[{"taxonomy":"category","embeddable":true,"href":"https:\/\/www.europesays.com\/fi\/wp-json\/wp\/v2\/categories?post=19001"},{"taxonomy":"post_tag","embeddable":true,"href":"https:\/\/www.europesays.com\/fi\/wp-json\/wp\/v2\/tags?post=19001"}],"curies":[{"name":"wp","href":"https:\/\/api.w.org\/{rel}","templated":true}]}}