{"id":190225,"date":"2026-03-10T03:41:06","date_gmt":"2026-03-10T03:41:06","guid":{"rendered":"https:\/\/www.europesays.com\/fi\/190225\/"},"modified":"2026-03-10T03:41:06","modified_gmt":"2026-03-10T03:41:06","slug":"reumasairaus-muutti-saija-sorvarin-elaman-kaija-ikkelajarven-nivelreuma-pysyy-hyvin-aisoissa-laakityksella-2","status":"publish","type":"post","link":"https:\/\/www.europesays.com\/fi\/190225\/","title":{"rendered":"Reumasairaus muutti Saija Sorvarin el\u00e4m\u00e4n \u2013 Kaija Ikkel\u00e4j\u00e4rven nivelreuma pysyy hyvin aisoissa l\u00e4\u00e4kityksell\u00e4"},"content":{"rendered":"<p class=\"faktanvinjetti\">Viisi nostoa artikkelista<\/p>\n<p class=\"fakta\">Saija Sorvarin el\u00e4m\u00e4 on muuttunut systeemisen skleroosin vuoksi, ja h\u00e4n saattaa nukkua 16 tuntia vuorokaudessa.<\/p>\n<p class=\"fakta\">Saija Sorvarin yksi ensioireista oli valkosormisuus, joka voi johtaa eritt\u00e4in voimakkaaseen kipuun sormissa ja varpaissa.<\/p>\n<p class=\"fakta\">Kaija Ikkel\u00e4j\u00e4rvi on edelleen t\u00e4ysip\u00e4iv\u00e4isess\u00e4 ty\u00f6ss\u00e4 nivelreumasta huolimatta l\u00e4\u00e4kityksen ansiosta.<\/p>\n<p class=\"fakta\">Suomessa reumasairauksien l\u00e4\u00e4kitys perustuu metotreksaattiin, mutta jos se ei toimi, biologiset l\u00e4\u00e4kkeet ovat vaihtoehto.<\/p>\n<p class=\"fakta\">Systeemiseen skleroosiin voi liitty\u00e4 keuhkokudoksen arpeutuminen, mutta uudet antifibroottiset l\u00e4\u00e4kkeet voivat hidastaa fibroosin etenemist\u00e4.<\/p>\n<p class=\"faktanviite\">Tiivistelm\u00e4n teossa on hy\u00f6dynnetty teko\u00e4ly\u00e4, mutta sen on tarkastanut ihminen.<\/p>\n","protected":false},"excerpt":{"rendered":"Viisi nostoa artikkelista Saija Sorvarin el\u00e4m\u00e4 on muuttunut systeemisen skleroosin vuoksi, ja h\u00e4n saattaa nukkua 16 tuntia vuorokaudessa.&hellip;\n","protected":false},"author":2,"featured_media":190226,"comment_status":"","ping_status":"","sticky":false,"template":"","format":"standard","meta":{"footnotes":"","_share_on_mastodon":"0"},"categories":[165],"tags":[33,31,30,166,2233,440,795,764,32,167],"class_list":["post-190225","post","type-post","status-publish","format-standard","has-post-thumbnail","category-terveys","tag-fi","tag-finland","tag-finnish","tag-health","tag-hyvinvointi","tag-ihmiset","tag-ilmiot","tag-sairaudet","tag-suomi","tag-terveys"],"share_on_mastodon":{"url":"https:\/\/pubeurope.com\/@fi\/116202811184747412","error":""},"_links":{"self":[{"href":"https:\/\/www.europesays.com\/fi\/wp-json\/wp\/v2\/posts\/190225","targetHints":{"allow":["GET"]}}],"collection":[{"href":"https:\/\/www.europesays.com\/fi\/wp-json\/wp\/v2\/posts"}],"about":[{"href":"https:\/\/www.europesays.com\/fi\/wp-json\/wp\/v2\/types\/post"}],"author":[{"embeddable":true,"href":"https:\/\/www.europesays.com\/fi\/wp-json\/wp\/v2\/users\/2"}],"replies":[{"embeddable":true,"href":"https:\/\/www.europesays.com\/fi\/wp-json\/wp\/v2\/comments?post=190225"}],"version-history":[{"count":0,"href":"https:\/\/www.europesays.com\/fi\/wp-json\/wp\/v2\/posts\/190225\/revisions"}],"wp:featuredmedia":[{"embeddable":true,"href":"https:\/\/www.europesays.com\/fi\/wp-json\/wp\/v2\/media\/190226"}],"wp:attachment":[{"href":"https:\/\/www.europesays.com\/fi\/wp-json\/wp\/v2\/media?parent=190225"}],"wp:term":[{"taxonomy":"category","embeddable":true,"href":"https:\/\/www.europesays.com\/fi\/wp-json\/wp\/v2\/categories?post=190225"},{"taxonomy":"post_tag","embeddable":true,"href":"https:\/\/www.europesays.com\/fi\/wp-json\/wp\/v2\/tags?post=190225"}],"curies":[{"name":"wp","href":"https:\/\/api.w.org\/{rel}","templated":true}]}}