{"id":19049,"date":"2025-08-28T19:49:07","date_gmt":"2025-08-28T19:49:07","guid":{"rendered":"https:\/\/www.europesays.com\/fi\/19049\/"},"modified":"2025-08-28T19:49:07","modified_gmt":"2025-08-28T19:49:07","slug":"katso-nimet-lappeenrannan-kaupunginteatterin-johtajaksi-haki-26-paikalliset","status":"publish","type":"post","link":"https:\/\/www.europesays.com\/fi\/19049\/","title":{"rendered":"Katso nimet | Lappeenrannan kaupunginteatterin johtajaksi haki 26 | Paikalliset"},"content":{"rendered":"<p>Lappeenrannan kaupunginteatterin johtajan teht\u00e4v\u00e4\u00e4n tuli m\u00e4\u00e4r\u00e4aikaan menness\u00e4 26 hakemusta.<\/p>\n<p>Teatterinjohtajan teht\u00e4v\u00e4 avautuu t\u00e4ytett\u00e4v\u00e4ksi 1. elokuuta 2026, kun nykyisen johtajan <strong>Helka-Maria Kinnusen<\/strong> pesti p\u00e4\u00e4ttyy.<\/p>\n<p>Teht\u00e4v\u00e4\u00e4 hakivat Lappeenrannan kaupungin tiedotteen mukaan:<\/p>\n<p>Karolina Eklund,<\/p>\n<p>Lija Fischer,<\/p>\n<p>Marc Gassot,<\/p>\n<p>Stephan Gericke,<\/p>\n<p>Erika Hast,<\/p>\n<p>Maia H\u00e4kli,<\/p>\n<p>Katri H\u00e4ti,<\/p>\n<p>Janne J\u00e4ms\u00e4,<\/p>\n<p>Kari Kinnaslampi,<\/p>\n<p>Kaija-Liisa Logr\u00e9n,<\/p>\n<p>Siim Maaten,<\/p>\n<p>Jarkko Miettinen,<\/p>\n<p>Jukka Nylund,<\/p>\n<p>Hanna Ojala,<\/p>\n<p>Volter Putro,<\/p>\n<p>Tuukka Raitala,<\/p>\n<p>Hanna Ryti,<\/p>\n<p>Olli Savio,<\/p>\n<p>Kamran Shahmardan,<\/p>\n<p>Sami Sivonen,<\/p>\n<p>Antti Taipale,<\/p>\n<p>Outi Vapaavuori,<\/p>\n<p>Iiristiina Varilo,<\/p>\n<p>Sami Vartiainen,<\/p>\n<p>Viktoria Vatashchuk ja<\/p>\n<p>Mikko Virtanen.<\/p>\n<p><strong class=\"diks-storyline__impact\">Hakijoiden laatua<\/strong> ja m\u00e4\u00e4r\u00e4\u00e4 voi luonnehtia poikkeuksellisen mittavaksi. Suurin osa hakijoista on esitt\u00e4v\u00e4n taiteen ammattilaisia joko n\u00e4yttelij\u00f6in\u00e4 tai ohjaajina mutta my\u00f6s muilla taiteen aloilla, kuten musiikissa.<\/p>\n<p>Lappeenrannan kaupunginteatterin nykyisi\u00e4 ty\u00f6ntekij\u00f6it\u00e4 hakijoista ovat ohjaaja Maia H\u00e4kli ja n\u00e4yttelij\u00e4 Volter Putro.<\/p>\n<p>Muut paikallisesti erityisen tutut nimet ovat draq-roolistaan Sheila tunnettu Antti Taipale ja etel\u00e4karjalaisia harrastajateattereita vuosia ohjannut Sami Sivonen sek\u00e4 imatralaisen Mustan ja valkoisen teatterifestivaalin taiteellinen johtaja Kamran Shahmardan.<\/p>\n<p>My\u00f6s Lija Fischerill\u00e4 on kokemusta Lappeenrannasta, kun h\u00e4n toimi teatterin ohjaajana vuosina 2011\u20132015.<\/p>\n<p>N\u00e4yttelij\u00f6it\u00e4 hakijoista ovat Marc Gassot, Kari Kinnaslampi, Jarkko Miettinen, Jukka Nylund, Tuukka Raitala ja Mikko Virtanen.<\/p>\n<p>Teatteriohjaajia joukosta ovat Karolina Eklund, Erika Hast, Katri H\u00e4ti, Janne J\u00e4ms\u00e4, Kaisa-Liisa Logr\u00e9n, Siim Maaten, Hanna Ojala, Hanna Ryti, Iiristiina Varilo ja Sami Vartiainen.<\/p>\n<p>Aiempaa kokemusta teatterin luotsaamisesta on muun muassa Eklundilla, J\u00e4ms\u00e4ll\u00e4, Kinnaslammella ja Varilolla.<\/p>\n<p><strong class=\"diks-storyline__impact\">Kulttuuri- ja liikuntalautakunta<\/strong> p\u00e4\u00e4tt\u00e4\u00e4 kaupunginteatterin uudesta johtajasta loka-marraskuussa 2025.<\/p>\n<p>Teht\u00e4v\u00e4n t\u00e4ytt\u00f6\u00e4 valmistelevaan ty\u00f6ryhm\u00e4\u00e4n on nimetty toimialajohtaja <strong>Juhani Junnilainen<\/strong>, kulttuurijohtaja <strong>Anu Talka<\/strong>, kulttuuri- ja liikuntalautakunnan puheenjohtaja <strong>Eveliina Lohko<\/strong> (kesk.) ja varapuheenjohtaja <strong>Mari Ylh\u00e4inen<\/strong> (kok.) sek\u00e4 teatterin nime\u00e4m\u00e4n\u00e4 j\u00e4senen\u00e4 n\u00e4yttelij\u00e4 <strong>Eppu Pastinen<\/strong>.<\/p>\n<p>Ty\u00f6ryhm\u00e4 p\u00e4\u00e4tt\u00e4\u00e4 haastatteluun kutsuttavat hakijat, haastattelee heid\u00e4t syyskuun puoliv\u00e4lin paikkeilla, teett\u00e4\u00e4 tarvittavat henkil\u00f6arvioinnit ja p\u00e4\u00e4tt\u00e4\u00e4 sen j\u00e4lkeen mahdollisista lis\u00e4haastatteluista.<\/p>\n","protected":false},"excerpt":{"rendered":"Lappeenrannan kaupunginteatterin johtajan teht\u00e4v\u00e4\u00e4n tuli m\u00e4\u00e4r\u00e4aikaan menness\u00e4 26 hakemusta. Teatterinjohtajan teht\u00e4v\u00e4 avautuu t\u00e4ytett\u00e4v\u00e4ksi 1. elokuuta 2026, kun nykyisen&hellip;\n","protected":false},"author":2,"featured_media":19050,"comment_status":"","ping_status":"","sticky":false,"template":"","format":"standard","meta":{"footnotes":""},"categories":[130],"tags":[137,33,31,30,108,3667,4507,1446,622,32,860,862,109],"class_list":{"0":"post-19049","1":"post","2":"type-post","3":"status-publish","4":"format-standard","5":"has-post-thumbnail","7":"category-viihde","8":"tag-entertainment","9":"tag-fi","10":"tag-finland","11":"tag-finnish","12":"tag-kulttuuri","13":"tag-lappee","14":"tag-lappeenrannan-kaupunki","15":"tag-lappeenranta","16":"tag-nayttelijat","17":"tag-suomi","18":"tag-tyoelama","19":"tag-tyollisyys","20":"tag-viihde"},"share_on_mastodon":{"url":"","error":""},"_links":{"self":[{"href":"https:\/\/www.europesays.com\/fi\/wp-json\/wp\/v2\/posts\/19049","targetHints":{"allow":["GET"]}}],"collection":[{"href":"https:\/\/www.europesays.com\/fi\/wp-json\/wp\/v2\/posts"}],"about":[{"href":"https:\/\/www.europesays.com\/fi\/wp-json\/wp\/v2\/types\/post"}],"author":[{"embeddable":true,"href":"https:\/\/www.europesays.com\/fi\/wp-json\/wp\/v2\/users\/2"}],"replies":[{"embeddable":true,"href":"https:\/\/www.europesays.com\/fi\/wp-json\/wp\/v2\/comments?post=19049"}],"version-history":[{"count":0,"href":"https:\/\/www.europesays.com\/fi\/wp-json\/wp\/v2\/posts\/19049\/revisions"}],"wp:featuredmedia":[{"embeddable":true,"href":"https:\/\/www.europesays.com\/fi\/wp-json\/wp\/v2\/media\/19050"}],"wp:attachment":[{"href":"https:\/\/www.europesays.com\/fi\/wp-json\/wp\/v2\/media?parent=19049"}],"wp:term":[{"taxonomy":"category","embeddable":true,"href":"https:\/\/www.europesays.com\/fi\/wp-json\/wp\/v2\/categories?post=19049"},{"taxonomy":"post_tag","embeddable":true,"href":"https:\/\/www.europesays.com\/fi\/wp-json\/wp\/v2\/tags?post=19049"}],"curies":[{"name":"wp","href":"https:\/\/api.w.org\/{rel}","templated":true}]}}