{"id":19051,"date":"2025-08-28T19:52:18","date_gmt":"2025-08-28T19:52:18","guid":{"rendered":"https:\/\/www.europesays.com\/fi\/19051\/"},"modified":"2025-08-28T19:52:18","modified_gmt":"2025-08-28T19:52:18","slug":"elon-musk-salaliitto","status":"publish","type":"post","link":"https:\/\/www.europesays.com\/fi\/19051\/","title":{"rendered":"Elon Musk: Salaliitto"},"content":{"rendered":"<p>Musk toteutti uhkauksensa ja haastoi kilpailijansa oikeuteen.<\/p>\n<p><img decoding=\"async\" class=\"image image-show image-preview\" src=\"https:\/\/img.ilcdn.fi\/vRxo2HIhNoQ40nXYozaMjoVAu1k=\/full-fit-in\/30x0\/img-s3.ilcdn.fi\/a4bc5e65aa48f78b4edcf1929e87d810cd42acf777528e42dc2fd727ba246ba3.jpg\" alt=\"\"\/><img decoding=\"async\" class=\"image image-show\" src=\"https:\/\/www.europesays.com\/fi\/wp-content\/uploads\/2025\/08\/a4bc5e65aa48f78b4edcf1929e87d810cd42acf777528e42dc2fd727ba246ba3.jpg\" alt=\"\"\/><\/p>\n<p>X ja XAI ovat Elon Muskin johtamia teknologiayrityksi\u00e4. EPA \/ AOP<\/p>\n<p class=\"paragraph\"><strong>Elon Muskin<\/strong> omistamat X Corp ja teko\u00e4ly-startup XAI ovat haastaneet Open AI:n ja Applen oikeuteen, <a href=\"https:\/\/www.theverge.com\/news\/765171\/elon-musk-apple-openai-antitrust-lawsuit\" rel=\"noopener nofollow\" target=\"_blank\">The Verge<\/a> uutisoi. Musk syytt\u00e4\u00e4 yhti\u00f6idens\u00e4 kautta Open AI:ta ja Applea salaliitosta ja monopolin luomisesta, jotta Chat GPT hallitsisi generatiivisten teko\u00e4lychattibottien markkinoita.<\/p>\n<p class=\"paragraph\">Texasissa oikeudelle j\u00e4tetyss\u00e4 kanteessa kyseenalaistetaan Applen ja Open AI:n viime vuonna solmima kumppanuus. Apple integroi Open AI:n teko\u00e4lyominaisuuksia k\u00e4ytt\u00f6j\u00e4rjestelmiins\u00e4. Ne ovat oletuksena k\u00e4yt\u00f6ss\u00e4 Apple Intelligencen k\u00e4ytt\u00e4min\u00e4 teko\u00e4lymalleina.<\/p>\n<p class=\"paragraph\">XAI kehitt\u00e4\u00e4 Grok-chatbottia, joka ei ole saavuttanut Chat GPT:n kaltaista suosiota. App Storessa muiden on vaikea ohittaa Chat GPT:n asemaa.<\/p>\n<p class=\"paragraph\">XAI vaatii kumppanuuden purkamista ja itselleen miljardien dollareiden vahingonkorvauksia kilpailun torppaamisesta.<\/p>\n<p class=\"paragraph\">Open AI kiisti v\u00e4itteet.<\/p>\n<p class=\"paragraph\">\u2013 T\u00e4m\u00e4 viimeisin kanne on linjassa herra Muskin jatkuvan h\u00e4irinn\u00e4n kanssa, Open AI:n edustaja kommentoi The Vergelle.<\/p>\n","protected":false},"excerpt":{"rendered":"Musk toteutti uhkauksensa ja haastoi kilpailijansa oikeuteen. X ja XAI ovat Elon Muskin johtamia teknologiayrityksi\u00e4. EPA \/ AOP&hellip;\n","protected":false},"author":2,"featured_media":19052,"comment_status":"","ping_status":"","sticky":false,"template":"","format":"standard","meta":{"footnotes":""},"categories":[76],"tags":[35,79,77,33,31,30,537,32,78,487,6854,149,926],"class_list":{"0":"post-19051","1":"post","2":"type-post","3":"status-publish","4":"format-standard","5":"has-post-thumbnail","7":"category-talous","8":"tag-24h","9":"tag-business","10":"tag-economy","11":"tag-fi","12":"tag-finland","13":"tag-finnish","14":"tag-informaatioteknologia-sektori","15":"tag-suomi","16":"tag-talous","17":"tag-teknologia-yleista","18":"tag-tesla-motors","19":"tag-tietojenkasittely-ja-informaatioteknologia","20":"tag-yrittajamiehet"},"share_on_mastodon":{"url":"","error":""},"_links":{"self":[{"href":"https:\/\/www.europesays.com\/fi\/wp-json\/wp\/v2\/posts\/19051","targetHints":{"allow":["GET"]}}],"collection":[{"href":"https:\/\/www.europesays.com\/fi\/wp-json\/wp\/v2\/posts"}],"about":[{"href":"https:\/\/www.europesays.com\/fi\/wp-json\/wp\/v2\/types\/post"}],"author":[{"embeddable":true,"href":"https:\/\/www.europesays.com\/fi\/wp-json\/wp\/v2\/users\/2"}],"replies":[{"embeddable":true,"href":"https:\/\/www.europesays.com\/fi\/wp-json\/wp\/v2\/comments?post=19051"}],"version-history":[{"count":0,"href":"https:\/\/www.europesays.com\/fi\/wp-json\/wp\/v2\/posts\/19051\/revisions"}],"wp:featuredmedia":[{"embeddable":true,"href":"https:\/\/www.europesays.com\/fi\/wp-json\/wp\/v2\/media\/19052"}],"wp:attachment":[{"href":"https:\/\/www.europesays.com\/fi\/wp-json\/wp\/v2\/media?parent=19051"}],"wp:term":[{"taxonomy":"category","embeddable":true,"href":"https:\/\/www.europesays.com\/fi\/wp-json\/wp\/v2\/categories?post=19051"},{"taxonomy":"post_tag","embeddable":true,"href":"https:\/\/www.europesays.com\/fi\/wp-json\/wp\/v2\/tags?post=19051"}],"curies":[{"name":"wp","href":"https:\/\/api.w.org\/{rel}","templated":true}]}}