{"id":190552,"date":"2026-03-10T12:27:12","date_gmt":"2026-03-10T12:27:12","guid":{"rendered":"https:\/\/www.europesays.com\/fi\/190552\/"},"modified":"2026-03-10T12:27:12","modified_gmt":"2026-03-10T12:27:12","slug":"maailma-on-siirtymassa-orwellilaiseen-kolmen-koplan-valtakauteen-arvioi-pitkan-linjan-journalisti-ja-tietokirjailija-ulkomaat","status":"publish","type":"post","link":"https:\/\/www.europesays.com\/fi\/190552\/","title":{"rendered":"Maailma on siirtym\u00e4ss\u00e4 orwellilaiseen kolmen koplan valtakauteen, arvioi pitk\u00e4n linjan journalisti ja tietokirjailija | Ulkomaat"},"content":{"rendered":"<ul class=\"aw-1jjocuh iJTSwP yle__article__list yle__article__list--ul\">\n<li class=\"aw-1j7gwms gNYKfi\">Tietokirjailija ja journalisti Hannu Reime arvioi uutuuskirjassaan, ett\u00e4 merkkej\u00e4 maailman siirtymisest\u00e4 r\u00e4hin\u00f6itsij\u00e4vallan aikakauteen.<\/li>\n<li class=\"aw-1j7gwms gNYKfi\">Reimen mukaan aikaa hallitsevat Yhdysvaltain, Ven\u00e4j\u00e4n ja Kiinan johtajat.<\/li>\n<li class=\"aw-1j7gwms gNYKfi\">T\u00e4m\u00e4 n\u00e4kyy paluuna avoimeen imperialismiin ja raakoina sotina, kuten Ukrainassa ja Gazassa.<\/li>\n<\/ul>\n<p class=\"aw-1gybjub aw-1p7kakr kEtdKx cEmitX yle__article__paragraph\">Maailman vanha j\u00e4rjestys vapisee, kun uusi ja aiempi kamppailevat, ja tulevaisuus on auki.<\/p>\n<p class=\"aw-1gybjub aw-1p7kakr kEtdKx cEmitX yle__article__paragraph\"><strong class=\"aw-ak79eh KyCXm yle__article__strong\">Donald Trumpin<\/strong> is\u00e4nn\u00f6idess\u00e4 valkoista taloa iso osa siit\u00e4, mit\u00e4 l\u00e4nsimaat ovat kahdeksassa vuosikymmeness\u00e4 rakentaneet, vaikuttaa kadonneen kuin tuhka tuuleen. Varsinkin Trumpin toisella presidenttikaudella on meno ollut hurjaa.<\/p>\n<p class=\"aw-1gybjub aw-1p7kakr kEtdKx cEmitX yle__article__paragraph\">Maailmanpolitiikkaa vuosikymmeni\u00e4 seuranneen tietokirjailijan ja journalistin <strong class=\"aw-ak79eh KyCXm yle__article__strong\">Hannu Reimen<\/strong> mukaan ilmassa on merkkej\u00e4 maailman siirtymisest\u00e4 r\u00e4hin\u00f6itsij\u00e4vallan aikakauteen.<\/p>\n<p class=\"aw-1gybjub aw-1p7kakr kEtdKx cEmitX yle__article__paragraph\">\u2013 Yhdysvallat on muuttunut Ven\u00e4j\u00e4n yst\u00e4v\u00e4ksi ja ymm\u00e4rt\u00e4j\u00e4ksi. Samalla Kiinasta on tullut vakavin geopoliittinen kilpailija kapitalismin nokkimisj\u00e4rjestyksen ykk\u00f6spaikkaa toisen maailmansodan j\u00e4lkeen pit\u00e4neelle valtiolle, Amerikan Yhdysvalloille.<\/p>\n<p class=\"aw-1gybjub aw-1p7kakr kEtdKx cEmitX yle__article__paragraph\">Reimelt\u00e4 on julkaistu uusi kirja Kompassia etsim\u00e4ss\u00e4 \u2013 mietteit\u00e4 politiikasta, historiasta ja maailmankuvasta. Siin\u00e4 kirjoittaja tarkastelee muun muassa maailman nykytilaa, suursodan uhkaa sek\u00e4 Ukrainan ja Gazan kaistaleen sotatapahtumia.<\/p>\n<p class=\"aw-1gybjub aw-1p7kakr kEtdKx cEmitX yle__article__paragraph\">\u2013 Trumpin tempoileva k\u00e4ytt\u00e4ytyminen, oudot presidentilliset asetukset ja muu pulina ja tohina, esimerkiksi rakkaudentunnustus tuontitulleille, ovat h\u00e4mm\u00e4stytt\u00e4neet koko maailmaa. Samanaikaisesti kansainv\u00e4lisess\u00e4 diplomatiassa yll\u00e4pidetty ajatus kahden valtion ratkaisusta L\u00e4hi-id\u00e4ss\u00e4 on paljastunut kulissiksi, jonka suojissa [Israelin] asuttajakolonialismi on voinut jatkua It\u00e4-Jerusalemin ja L\u00e4nsirannan miehitetyill\u00e4 palestiinalaisalueilla ja Gaza pysy\u00e4 saarrettuna keskitysleirin\u00e4.<\/p>\n<p class=\"aw-1gybjub aw-1p7kakr kEtdKx cEmitX yle__article__paragraph\">Kahden valtion malli tarkoittaa sit\u00e4, ett\u00e4 entisen Britannian Palestiinan alueelle syntyisi kaksi itsen\u00e4ist\u00e4 valtiota, Israel ja Palestiina.<\/p>\n<p class=\"aw-1gybjub aw-1p7kakr kEtdKx cEmitX yle__article__paragraph\">Nyt el\u00e4kep\u00e4ivi\u00e4\u00e4n viett\u00e4v\u00e4 Reime ty\u00f6skenteli yli 40 vuotta Ylen radiouutisissa. H\u00e4n on kielen, kulttuurin ja kansainv\u00e4lisen politiikan syv\u00e4llinen tuntija.<\/p>\n<p><img decoding=\"async\" alt=\"Hannu Reime\" src=\"https:\/\/www.europesays.com\/fi\/wp-content\/uploads\/2026\/03\/39-43128459ca521c72023.jpeg\" loading=\"lazy\" class=\"aw-1l9m598 hKVVvP\"\/><\/p>\n<p>Avaa kuvien katselu<\/p>\n<p>Ennen el\u00e4k\u00f6itymist\u00e4\u00e4n Hannu Reime ty\u00f6skenteli vuosikymmeni\u00e4 Ylen ulkomaantoimittajana. Reime raportoi suomalaisille aikoinaan jo Vietnamin sodasta. H\u00e4n on aiemmin julkaissut mm. teoksen \u201dIsrael\/Palestiina: Kahden kansan luvattu maa\u201d. Kuva: Petteri Sopanen \/ Yle<\/p>\n<p class=\"aw-1gybjub aw-1p7kakr kEtdKx cEmitX yle__article__paragraph\">Viimeisin kansainv\u00e4list\u00e4 j\u00e4rjestelm\u00e4\u00e4 heilutellut tapahtuma on ollut Yhdysvaltain ja Israelin hy\u00f6kk\u00e4ys pappisvallan diktatorisessa ikeess\u00e4 jo vuosikymmeni\u00e4 sinnitelleeseen Iraniin.<\/p>\n<p class=\"aw-1gybjub aw-1p7kakr kEtdKx cEmitX yle__article__paragraph\">\u2013 Sodasta voi tulla pitk\u00e4: ohjuksia on lent\u00e4nyt Iranista paitsi Israeliin my\u00f6s Yhdysvaltain arabiliittolaisten alueille. Israel on jo vuosien \u2013 ellei vuosikymmenten \u2013 ajan kuolannut Yhdysvalloilta lupaa hy\u00f6k\u00e4t\u00e4 Iraniin, mutta USA ei t\u00e4h\u00e4n menness\u00e4 ole suostunut p\u00e4\u00e4st\u00e4m\u00e4\u00e4n vahtikoiraansa irti.<\/p>\n<p class=\"aw-1gybjub aw-1p7kakr kEtdKx cEmitX yle__article__paragraph\">Israel on erityisesti pel\u00e4nnyt Yhdysvaltain ja Iranin suhteiden normalisoitumista, koska samalle L\u00e4hi-id\u00e4n geopoliittiselle tunkiolle ei mahdu kahta kukkoa, Reime tykitt\u00e4\u00e4.<\/p>\n<p class=\"aw-1gybjub aw-1p7kakr kEtdKx cEmitX yle__article__paragraph\">\u2013 Pelko Iranin ydinaseesta on vain ilmenem\u00e4 t\u00e4st\u00e4 vastakohtaisuudesta. Loppujen lopuksi kyse ei ole henkil\u00f6ist\u00e4 Trump ja Netanjahu, vaan Yhdysvaltain geopoliittisten intressien ja Israelin intressien yhdensuuntaisuudesta L\u00e4hi-id\u00e4n alueella.<\/p>\n<p class=\"aw-1gybjub aw-1p7kakr kEtdKx cEmitX yle__article__paragraph\">Sodan aloittaminen on nyky\u00e4\u00e4n n\u00e4in helppoa, kun perinteiset tekopyh\u00e4t selittelyt n\u00e4ytt\u00e4v\u00e4t kertaheitolla tulleen heitetyiksi historian kuuluisaan romukoppaan, Reime sivaltelee.<\/p>\n<p class=\"aw-1gybjub aw-1p7kakr kEtdKx cEmitX yle__article__paragraph\">\u2013 Trump ja Netanjahu eiv\u00e4t edes yritt\u00e4neet kehitell\u00e4 jonkinlaista laillisuuden verhoa aggressiolleen.<\/p>\n<p><img decoding=\"async\" alt=\"Ohjus on juuri laukaistu Iranin vallankumouskaartin sota-aluksesta merell\u00e4.\" src=\"https:\/\/www.europesays.com\/fi\/wp-content\/uploads\/2026\/03\/39-122824965a5c4d497856.jpeg\" loading=\"lazy\" class=\"aw-1l9m598 hKVVvP\"\/><\/p>\n<p>Avaa kuvien katselu<\/p>\n<p>Ohjus on juuri laukaistu Iranin vallankumouskaartin aluksesta Persianlahdella. Kuva on otettu tammikuun puoliv\u00e4liss\u00e4 pidetyss\u00e4 sotaharjoituksessa.  Kuva: AOP<\/p>\n<p class=\"aw-1gybjub aw-1p7kakr kEtdKx cEmitX yle__article__paragraph\">Maailma on Reimen mukaan siirtym\u00e4ss\u00e4 kolmen koplan \u2013 Trumpin, Putinin ja Xin \u2013 hallitsemaan aikakauteen.<\/p>\n<p class=\"aw-1gybjub aw-1p7kakr kEtdKx cEmitX yle__article__paragraph\">\u2013 Heist\u00e4 muodostuvat amerikkalaisen, ven\u00e4l\u00e4isen ja kiinalaisen kapitalismin t\u00e4m\u00e4nhetkiset kasvot.<\/p>\n<p class=\"aw-1gybjub aw-1p7kakr kEtdKx cEmitX yle__article__paragraph\">Xi viittaa Kiinan kansantasavallan presidenttiin ja puoluejohtajaan <strong class=\"aw-ak79eh KyCXm yle__article__strong\">Xi Jinpingiin<\/strong>.<\/p>\n<p class=\"aw-1gybjub aw-1p7kakr kEtdKx cEmitX yle__article__paragraph\">\u2013 Ajatusten ja arvojen kannalta pelottavinta t\u00e4ss\u00e4 uudessa tilanteessa on ajan taantumuksellisuus, paluu laajassa mitassa vanhanmallisen, avoimen imperialismin oikeuttamiseen, aluevaltauksiin, kilpailuun luonnonvaroista ja niin edelleen.<\/p>\n<p class=\"aw-1gybjub aw-1p7kakr kEtdKx cEmitX yle__article__paragraph\">Reime h\u00e4mm\u00e4stelee Ylelle antamassaan haastattelussa, kuka olisi voinut ennustaa vuosituhannen vaihteessa, vasta runsas pari vuosikymment\u00e4 sitten, ett\u00e4 Ven\u00e4j\u00e4 ja Ukraina k\u00e4yv\u00e4t vanhanaikaista, barbaarista maasotaa 2020-luvulla.<\/p>\n<p class=\"aw-1gybjub aw-1p7kakr kEtdKx cEmitX yle__article__paragraph\">\u2013 En olisi ikin\u00e4 voinut uskoa Putinin aloittavan t\u00e4ysimittaista hy\u00f6kk\u00e4yssotaa Ukrainaan. Itsen\u00e4inen Ukraina n\u00e4ytt\u00e4\u00e4 olevan Putinille samanlainen pakkomielle kuin juutalaiset Hitlerille.<\/p>\n<p class=\"aw-1gybjub aw-1p7kakr kEtdKx cEmitX yle__article__paragraph\">Tietokirjailija on tyrmistynyt tavasta, jolla Kremlin is\u00e4nt\u00e4 haluaisi muuttaa ukrainalaiset ven\u00e4l\u00e4isiksi, \u201dpalauttaa\u201d n\u00e4m\u00e4 v\u00e4h\u00e4ven\u00e4l\u00e4iset osaksi ven\u00e4l\u00e4ist\u00e4 maailmaa.<\/p>\n<p class=\"aw-1gybjub aw-1p7kakr kEtdKx cEmitX yle__article__paragraph\">\u2013 H\u00e4tk\u00e4hdytt\u00e4vimpi\u00e4 piirteit\u00e4 Putinin sodassa on sen arkaaisuus, vanhakantaisuus, paluu menneille vuosisadoille modernein asein. Mariupol ja But\u0161a ovat 2020-luvulla sit\u00e4, mit\u00e4 Guernica ja Lidice olivat 1930- ja 1940-luvuilla.<\/p>\n<p><img decoding=\"async\" alt=\"Miehet laskemassa arkkua hautaan, vasemmalla ortodoksipappi valkoisessa asussa. Paljon tuoreita ristej\u00e4 ja avoimia hautoja. \" src=\"https:\/\/www.europesays.com\/fi\/wp-content\/uploads\/2026\/03\/39-11767436511889f58b12.jpeg\" loading=\"lazy\" class=\"aw-1l9m598 hKVVvP\"\/><\/p>\n<p>Avaa kuvien katselu<\/p>\n<p>Ven\u00e4l\u00e4issotilaiden surmaaman ukrainalaisen arkkua lasketaan hautaan But\u0161assa Kiovan l\u00e4hell\u00e4 2. syyskuuta 2022. Hautapaikan ymp\u00e4rill\u00e4 on lukuisia uusia ristej\u00e4. Kuva: Mykhaylo Palinchak \/ AOP<\/p>\n<p class=\"aw-1gybjub aw-1p7kakr kEtdKx cEmitX yle__article__paragraph\">Ukrainalaiskaupunki Mariupol tuhottiin kammottavien taistelujen j\u00e4lkeen maan tasalle. 27 p\u00e4iv\u00e4\u00e4 kest\u00e4neen But\u0161an veril\u00f6ylyn aikana ven\u00e4l\u00e4issotilaat tappoivat satoja ukrainalaisia siviilej\u00e4.<\/p>\n<p class=\"aw-1gybjub aw-1p7kakr kEtdKx cEmitX yle__article__paragraph\">Guernican pommitus vuoden 1937 Espanjassa puolestaan oli siihen menness\u00e4 maailman suurin siviilikohteeseen tehty lentopommitus, joka surmasi satoja ihmisi\u00e4 \u2013 l\u00e4hes pelk\u00e4st\u00e4\u00e4n naisia ja lapsia. T\u0161ekiss\u00e4 sijaitseva Lidicen kyl\u00e4 taas tunnetaan natsi-Saksan sotilaiden sinne 10. kes\u00e4kuuta 1942 tekem\u00e4st\u00e4 kostoiskusta, joka tuhosi kyl\u00e4n t\u00e4ysin.<\/p>\n<p class=\"aw-1gybjub aw-1p7kakr kEtdKx cEmitX yle__article__paragraph\">Ven\u00e4j\u00e4 haluaa alistaa Ukrainan vasallikseen keinolla mill\u00e4 hyv\u00e4ns\u00e4, Reime toteaa.<\/p>\n<p class=\"aw-1gybjub aw-1p7kakr kEtdKx cEmitX yle__article__paragraph\">\u2013 Ei ihme, ett\u00e4 Baltian maissa ristit\u00e4\u00e4n sormet kiitokseksi siit\u00e4, ett\u00e4 maat kuuluvat t\u00e4ll\u00e4 hetkell\u00e4 Natoon samalla, kun pel\u00e4t\u00e4\u00e4n, mit\u00e4 Donald Trump saattaa juonitella pyrkiess\u00e4\u00e4n diiliin hyv\u00e4n yst\u00e4v\u00e4ns\u00e4 Vladimir Putinin kanssa.<\/p>\n<p>Orwellin hurjasta n\u00e4yst\u00e4 totta?<\/p>\n<p class=\"aw-1gybjub aw-1p7kakr kEtdKx cEmitX yle__article__paragraph\">Yhdysvaltain rakentamasta ja johtamasta kansainv\u00e4lisest\u00e4 j\u00e4rjestyksest\u00e4 ollaan nyt Reimen mukaan mahdollisesti siirtym\u00e4ss\u00e4 maailmaan, jota kirjailija ja journalisti George Orwell on kuvannut romaanissaan \u201d1984\u201d: on kolme kesken\u00e4\u00e4n kilpailevaa suurvaltaa, jotka hallitsevat maapalloa ja kyr\u00e4ilev\u00e4t toisiaan.<\/p>\n<p class=\"aw-1gybjub aw-1p7kakr kEtdKx cEmitX yle__article__paragraph\">Orwellin dystooppisessa kirjassa soditaan koko ajan niill\u00e4 alueilla, jotka eiv\u00e4t kuulu kolmen suuren pysyviin valtapiireihin.<\/p>\n<p class=\"aw-1gybjub aw-1p7kakr kEtdKx cEmitX yle__article__paragraph\">Romaanin kolmiodraaman p\u00e4\u00e4rooleja esitt\u00e4v\u00e4t Oseania (= Amerikka), Euraasia (= Ven\u00e4j\u00e4) ja It\u00e4-Aasia (= Kiina).<\/p>\n<p class=\"aw-1gybjub aw-1p7kakr kEtdKx cEmitX yle__article__paragraph\">\u2013 Tuntuuko tutulta, Reime tiedustelee kirjansa lukijalta.<\/p>\n<p><img decoding=\"async\" alt=\"George Orwell p\u00e5 BBC \u00e5r 1941.\" src=\"https:\/\/www.europesays.com\/fi\/wp-content\/uploads\/2026\/03\/14-svyle-282243570f97e62903c.jpeg\" loading=\"lazy\" class=\"aw-1l9m598 hKVVvP\"\/><\/p>\n<p>Avaa kuvien katselu<\/p>\n<p>Vuonna 1941 otettu potretti kuuluisasta brittikirjailijasta George Orwellista, oikealta nimelt\u00e4\u00e4n Eric Blair. Kuva on otettu Britannian yleisradioyhti\u00f6n BBC:n tiloissa.  Kuva: Wikimedia Commons<\/p>\n<p class=\"aw-1gybjub aw-1p7kakr kEtdKx cEmitX yle__article__paragraph\">Orwellin romaanissa suurvalloilla on n\u00e4ppins\u00e4 peliss\u00e4 lukuisissa paikallisissa ja alueellisissa kriiseiss\u00e4. Leimallista maailmalle ovat eri geopoliittisten leirien valtataistelut. Ei ihan tuntemattomia ilmi\u00f6it\u00e4 nykymaailmassa n\u00e4m\u00e4k\u00e4\u00e4n.<\/p>\n<p class=\"aw-1gybjub aw-1p7kakr kEtdKx cEmitX yle__article__paragraph\">Kirjailijan kuvaama valtio on totalitaarinen painajainen, jossa johtaja, Isoveli. kontrolloi kaikkea ja kaikkia, ja maanalainen vastarinta on \u00e4\u00e4rimm\u00e4isen vaarallista, vaikka sit\u00e4kin on.<\/p>\n<p class=\"aw-1gybjub aw-1p7kakr kEtdKx cEmitX yle__article__paragraph\">\u2013 Ilmaus \u201dzombifioida\u201d kuvaa osuvasti tilaa, mihin Putinin kaltaisen autokraatin johtama totalitaarinen valtio haluaa alamaisensa saattaa, Reime lataa.<\/p>\n<p><img decoding=\"async\" alt=\"Xi Jinping ulkona olevalla n\u00e4yt\u00f6ll\u00e4 kansankongressin avajaistilaisuudessa.\" src=\"https:\/\/www.europesays.com\/fi\/wp-content\/uploads\/2026\/03\/39-160693469a916ca0335c.jpeg\" loading=\"lazy\" class=\"aw-1l9m598 hKVVvP\"\/><\/p>\n<p>Avaa kuvien katselu<\/p>\n<p>Xi Jinping ulkona olevalla n\u00e4yt\u00f6ll\u00e4 Pekingiss\u00e4 Kiinan kansankongressin avajaistilaisuudessa 5. maaliskuuta 2026. Kuva: Adek Berry \/ AFP<\/p>\n<p class=\"aw-1gybjub aw-1p7kakr kEtdKx cEmitX yle__article__paragraph\">Kiina on noussut nopeasti globaaliksi taloudelliseksi ja teknologiseksi kolossiksi, jonka vaikutusvalta ulottuu jo maailman jokaiseen kolkkaan. Taloudellisen nousun lis\u00e4ksi Kiinan sotilaallinen mahti kasvaa kaiken aikaa.<\/p>\n<p class=\"aw-1gybjub aw-1p7kakr kEtdKx cEmitX yle__article__paragraph\">\u2013 Yhdysvalloissa t\u00e4t\u00e4 pidet\u00e4\u00e4n uhkana. Jotkut ovat verranneet Kiinan nousua Saksan teollistumiseen 1800-luvun lopulla ja 1900-luvun alussa, mik\u00e4 sitten johti ensimm\u00e4iseen maailmansotaan. Tuolloin nouseva Saksa haastoi l\u00e4ntiset suurvallat, nyt sen tekee Kiina, Reime taustoittaa.<\/p>\n<p class=\"aw-1gybjub aw-1p7kakr kEtdKx cEmitX yle__article__paragraph\">Presidentti Trump on avoimesti kertonut, ett\u00e4 Yhdysvaltain merkitt\u00e4vin vastustaja sek\u00e4 kilpailija on nyky\u00e4\u00e4n Kiina. Trumpin sanotaan puhuvan ja toimivan avoimesti it\u00e4isen Aasian j\u00e4ttil\u00e4ist\u00e4 vastaan.<\/p>\n<p class=\"aw-1gybjub aw-1p7kakr kEtdKx cEmitX yle__article__paragraph\">\u2013 Xi on varmasti mahtavampi vallank\u00e4ytt\u00e4j\u00e4 Kiinassa kuin mit\u00e4 Trump on Yhdysvalloissa. Sitten onkin jo vaikeampaa sanoa, kummalla on enemm\u00e4n valtaa, Xi&#8217;ll\u00e4 vai Putinilla.<\/p>\n<p class=\"aw-1gybjub aw-1p7kakr kEtdKx cEmitX yle__article__paragraph\">\u2013 Kiina tulee varmasti pysym\u00e4\u00e4n \u00e4\u00e4rimm\u00e4isen t\u00e4rke\u00e4n\u00e4 toimijana siin\u00e4 j\u00e4rjestyksess\u00e4, johon maailma nyt asettuu \u2013 kunhan vain todella suurelta katastrofilta (kolmas maailmansota) v\u00e4ltyt\u00e4\u00e4n.<\/p>\n<p><img decoding=\"async\" alt=\"Benjamin Netanjahun karikatyyri mielenosoituksessa.\" src=\"https:\/\/www.europesays.com\/fi\/wp-content\/uploads\/2025\/10\/39-15447076900baae7f325.jpeg\" loading=\"lazy\" class=\"aw-1l9m598 hKVVvP\"\/><\/p>\n<p>Avaa kuvien katselu<\/p>\n<p>Israelin p\u00e4\u00e4ministerin, Benjamin Netanjahun karikatyyri mielenosoituksessa Tel Avivissa 11. joulukuuta 2024. Kuva: Pertti Pesonen \/ Yle<\/p>\n<p class=\"aw-1gybjub aw-1p7kakr kEtdKx cEmitX yle__article__paragraph\">Vieraan maan miehitys johtaa aina vastarintaan, vastarinta sortoon, sorto terroriin ja terrori vastaterroriin, Reimen kirjassa muistutetaan.<\/p>\n<p class=\"aw-1gybjub aw-1p7kakr kEtdKx cEmitX yle__article__paragraph\">Ukrainan ohella veteraanijournalisti nostaa toiseksi esimerkiksi Palestiinan, jota Israel on vastoin kansainv\u00e4list\u00e4 oikeutta miehitt\u00e4nyt jo 58 vuoden ajan.<\/p>\n<p class=\"aw-1gybjub aw-1p7kakr kEtdKx cEmitX yle__article__paragraph\">\u2013 N\u00e4kym\u00e4t Palestiina\/Israelissa ovat synkemm\u00e4t kuin koskaan ja her\u00e4tt\u00e4v\u00e4t kysymyksen siit\u00e4, kuinka ulkomaailma voi sallia meneill\u00e4\u00e4n olevan Gazan asukkaiden online-murhaamisen ohjuksilla sek\u00e4 n\u00e4lk\u00e4\u00e4n n\u00e4\u00e4nnytt\u00e4misen ja saartamisen yh\u00e4 ahtaammalle. Kansanmurha voitaisiin lopettaa vaikka heti ja jonkinlaiseen rauhanomaiseen ratkaisuun voitaisiin p\u00e4\u00e4st\u00e4, jos l\u00e4nsi ja varsinkin Yhdysvallat Israelin siihen pakottaisivat.<\/p>\n<p class=\"aw-1gybjub aw-1p7kakr kEtdKx cEmitX yle__article__paragraph\">Ven\u00e4j\u00e4 kielt\u00e4ytyy tunnustamasta kansallisen olemassaolon oikeutta ukrainalaisille ja Israel palestiinalaisille.<\/p>\n<p class=\"aw-1gybjub aw-1p7kakr kEtdKx cEmitX yle__article__paragraph\">Reime muistuttaa, ett\u00e4 juutalaisvaltio on loppujen lopuksi riippuvainen saamastaan ulkomaisesta tuesta, johon aseiden lis\u00e4ksi kuuluu my\u00f6s vaikeneminen niist\u00e4 suunnattomista rikoksista, joihin Israel on h\u00e4nen mukaansa syyllistynyt Palestiinan kansaa kohtaan varsinkin loppuvuodesta 2023 alkaen.<\/p>\n<p class=\"aw-1gybjub aw-1p7kakr kEtdKx cEmitX yle__article__paragraph\">\u2013 Teot, aseiden viennin lopettaminen ja Israelin julistaminen kansainv\u00e4liseen boikottiin, huutavat viel\u00e4 poissaolollaan.<\/p>\n<p><img decoding=\"async\" alt=\"Avustusty\u00f6ntekij\u00e4t nostavat py\u00f6r\u00e4tuolissa istuvaa poikaa ambulanssiin.\" src=\"https:\/\/www.europesays.com\/fi\/wp-content\/uploads\/2026\/03\/39-1572619694536619ad4c.jpeg\" loading=\"lazy\" class=\"aw-1l9m598 hKVVvP\"\/><\/p>\n<p>Avaa kuvien katselu<\/p>\n<p>Vaikeasti haavoittunut palestiinalaispoika, jota nostetaan ambulanssin kyytiin, on tuotu hoitoon Sveitsin  Z\u00fcrichiin. Kuva on otettu 24. lokakuuta 2025. Kuva: Michael Buholzer \/ EPA<\/p>\n<p class=\"aw-1gybjub aw-1p7kakr kEtdKx cEmitX yle__article__paragraph\">Euroopan juutalaisten k\u00e4rsim\u00e4n holokaustin er\u00e4\u00e4nlaiseksi hyvitykseksi ja juutalaisten turvapaikaksi perustettu Israelin valtio on Reimen mukaan muuttunut monsteriksi, joka kylv\u00e4\u00e4 tuhoa ja kuolemaa naapurustoonsa.<\/p>\n<p class=\"aw-1gybjub aw-1p7kakr kEtdKx cEmitX yle__article__paragraph\">\u2013 Monissa sotakommenteissa on my\u00f6s kokonaan unohdettu, ett\u00e4 Gaza oli ollut 16 vuotta saarrettu, sis\u00e4isesti itsehallinnollinen keskitysleiri, jota Israel toistuvasti pommitti jo ennen nyt n\u00e4hty\u00e4 t\u00e4ystuhoa.<\/p>\n<p class=\"aw-1gybjub aw-1p7kakr kEtdKx cEmitX yle__article__paragraph\">Viimeisin Gazan sota k\u00e4ynnistyi 7. lokakuuta 2023, kun kaistaletta saartavan ter\u00e4saidan murtaneet \u00e4\u00e4rij\u00e4rjest\u00f6 Hamas ja muut aseelliset islamistiryhm\u00e4t hy\u00f6kk\u00e4siv\u00e4t Israelin puolelle. Israelin mukaan hy\u00f6kk\u00e4yksess\u00e4 kuoli yli 1 200 ihmist\u00e4.<\/p>\n<p class=\"aw-1gybjub aw-1p7kakr kEtdKx cEmitX yle__article__paragraph\">\u2013 Raakaa v\u00e4kivaltaa rauhallisia, juhlimassa olleita siviilej\u00e4 kohtaan ei voi oikeuttaa mink\u00e4\u00e4nlaisilla kansallisen vapautuksen tavoitteilla ja ideologialla, Reime kommentoi syksyn 2023 tapahtumia.<\/p>\n<p class=\"aw-1gybjub aw-1p7kakr kEtdKx cEmitX yle__article__paragraph\">T\u00e4m\u00e4n j\u00e4lkeen Israel toteutti ennenn\u00e4kem\u00e4tt\u00f6miin mittoihin nousseet kostotoimenpiteet, joissa on menehtynyt kymmeni\u00e4 tuhansia palestiinalaisia, ylivoimainen valtaosa heist\u00e4 siviilej\u00e4.<\/p>\n<p class=\"aw-1gybjub aw-1p7kakr kEtdKx cEmitX yle__article__paragraph\">Pitk\u00e4n linjan journalistilla ja maailmanpolitiikan kommentaattorilla on toive.<\/p>\n<p class=\"aw-1gybjub aw-1p7kakr kEtdKx cEmitX yle__article__paragraph\">\u2013 Toivon hartaasti, ett\u00e4 Israelin p\u00e4\u00e4ministeri Benjamin Netanjahu n\u00e4hd\u00e4\u00e4n joskus syytettyjen penkill\u00e4 Haagissa. Ja viel\u00e4 mieluiten niin, ett\u00e4 h\u00e4nen hyv\u00e4 kaverinsa Vladimir Putin on sijoitettuna viereiseen selliin.<\/p>\n<p><strong class=\"aw-1bgq5a3 bSmpIc\">Miksi Yhdysvallat iski Iraniin?<\/strong><\/p>\n<p><img decoding=\"async\" alt=\"\" src=\"https:\/\/www.europesays.com\/fi\/wp-content\/uploads\/2025\/11\/13-1-61894955-1744190688509.png\" class=\"aw-1l9m598 hKVVvP\"\/>Miksi Yhdysvallat ja Israel hy\u00f6kk\u00e4siv\u00e4t Iraniin? Kuuntele t\u00e4st\u00e4 sodan taustat.<\/p>\n","protected":false},"excerpt":{"rendered":"Tietokirjailija ja journalisti Hannu Reime arvioi uutuuskirjassaan, ett\u00e4 merkkej\u00e4 maailman siirtymisest\u00e4 r\u00e4hin\u00f6itsij\u00e4vallan aikakauteen. Reimen mukaan aikaa hallitsevat Yhdysvaltain,&hellip;\n","protected":false},"author":2,"featured_media":190553,"comment_status":"","ping_status":"","sticky":false,"template":"","format":"standard","meta":{"footnotes":"","_share_on_mastodon":"0"},"categories":[14],"tags":[3068,22,23,585,26,27,33,31,30,17,3648,10659,70,25949,24,25,25504,28,29,15,18,21,32,19,20,549,56,16,2257,29808,59,60,61,7744],"class_list":["post-190552","post","type-post","status-publish","format-standard","has-post-thumbnail","category-ulkomaat","tag-benjamin-netanjahu","tag-breaking-news","tag-breakingnews","tag-donald-trump","tag-featured-news","tag-featurednews","tag-fi","tag-finland","tag-finnish","tag-headlines","tag-iran","tag-israelin-ja-hamasin-sota-2023","tag-kansainvalinen-politiikka","tag-kansainvaliset-suhteet","tag-latest-news","tag-latestnews","tag-maailmanjarjestys","tag-main-news","tag-mainnews","tag-news","tag-otsikot","tag-paauutiset","tag-suomi","tag-top-stories","tag-topstories","tag-ukrainan-sota","tag-ulkomaat","tag-uutiset","tag-vladimir-putin","tag-voimapolitiikka","tag-world","tag-world-news","tag-worldnews","tag-xi-jinping"],"share_on_mastodon":{"url":"","error":"Validation failed: Text character limit of 500 exceeded"},"_links":{"self":[{"href":"https:\/\/www.europesays.com\/fi\/wp-json\/wp\/v2\/posts\/190552","targetHints":{"allow":["GET"]}}],"collection":[{"href":"https:\/\/www.europesays.com\/fi\/wp-json\/wp\/v2\/posts"}],"about":[{"href":"https:\/\/www.europesays.com\/fi\/wp-json\/wp\/v2\/types\/post"}],"author":[{"embeddable":true,"href":"https:\/\/www.europesays.com\/fi\/wp-json\/wp\/v2\/users\/2"}],"replies":[{"embeddable":true,"href":"https:\/\/www.europesays.com\/fi\/wp-json\/wp\/v2\/comments?post=190552"}],"version-history":[{"count":0,"href":"https:\/\/www.europesays.com\/fi\/wp-json\/wp\/v2\/posts\/190552\/revisions"}],"wp:featuredmedia":[{"embeddable":true,"href":"https:\/\/www.europesays.com\/fi\/wp-json\/wp\/v2\/media\/190553"}],"wp:attachment":[{"href":"https:\/\/www.europesays.com\/fi\/wp-json\/wp\/v2\/media?parent=190552"}],"wp:term":[{"taxonomy":"category","embeddable":true,"href":"https:\/\/www.europesays.com\/fi\/wp-json\/wp\/v2\/categories?post=190552"},{"taxonomy":"post_tag","embeddable":true,"href":"https:\/\/www.europesays.com\/fi\/wp-json\/wp\/v2\/tags?post=190552"}],"curies":[{"name":"wp","href":"https:\/\/api.w.org\/{rel}","templated":true}]}}