{"id":190875,"date":"2026-03-10T21:30:08","date_gmt":"2026-03-10T21:30:08","guid":{"rendered":"https:\/\/www.europesays.com\/fi\/190875\/"},"modified":"2026-03-10T21:30:08","modified_gmt":"2026-03-10T21:30:08","slug":"erikoisjoukot-kouluttajien-karsivallisyys-loppui-kansanedustaja-ulos-leirilta","status":"publish","type":"post","link":"https:\/\/www.europesays.com\/fi\/190875\/","title":{"rendered":"Erikoisjoukot: Kouluttajien k\u00e4rsiv\u00e4llisyys loppui &#8211; kansanedustaja ulos leirilt\u00e4"},"content":{"rendered":"<p class=\"subtitle \">Erikoisjoukkojen p\u00e4\u00e4kouluttaja Janne Lehtonen kyll\u00e4styi kokelaan asenteeseen ja itsens\u00e4 s\u00e4\u00e4stelyyn.<\/p>\n<p class=\"article-content article-content-width !bg-background\">Tiistaina 10. maaliskuuta Nelosella n\u00e4hdyss\u00e4 Erikoisjoukot-jaksossa oli edetty leirin toiseen p\u00e4iv\u00e4\u00e4n.<\/p>\n<p class=\"article-content article-content-width !bg-background\">Edellisp\u00e4iv\u00e4n iltatreeniss\u00e4 kokelaat\u00a0 ja   olivat j\u00e4tt\u00e4neet leikin kesken, joten toisen leirip\u00e4iv\u00e4n aamuun her\u00e4si 13 kokelasta.<\/p>\n<p class=\"article-content article-content-width !bg-background\">Poikkeuksellisesti kouluttajat laittoivat jo alkuvaiheessa leiri\u00e4 kokelaat pel\u00e4ttyyn motivaatiomonttu-nimiseen harjoitukseen.<\/p>\n<p>        <a itemprop=\"url\" href=\"https:\/\/www.seiska.fi\/katso\/erikoisjoukot-katsojilta-tyly-tuomio\/2093089\" rel=\"nofollow noopener\" target=\"_blank\"><\/p>\n<p>\nErikoisjoukot:\n<\/p>\n<p class=\"section-date\">\n        <strong class=\"article-section\" data-section=\"katso\"><br \/>\n            katso<br \/>\n        <\/strong><br \/>\n        5.3. 08:24\n    <\/p>\n<p>Erikoisjoukot: Katsojilta tyly tuomio\n    <\/p>\n<p itemprop=\"description\" class=\"subtitle \">\n    Kaksi Erikoisjoukot-kokelasta luovuttivat kilpailun alkumetreill\u00e4. Kansa on rient\u00e4nyt kertomaan mielipiteeens\u00e4 luovuttaneista kokelaista.\n<\/p>\n<p>        <\/a><\/p>\n<p class=\"article-content article-content-width !bg-background\">Jo aiemmissa teht\u00e4viss\u00e4 kouluttajien k\u00e4rsiv\u00e4llisyytt\u00e4 asenteellaan koetellut kokelas 10 eli kansanedustaja \u00a0\u00e4rsytti montulla kouluttajia entisest\u00e4\u00e4n.\u00a0<\/p>\n<p class=\"article-content article-content-width !bg-background\">\u2013\tMinua sapetti aika paljon muutama suoritus. Eniten kiinnostaa kymppi, p\u00e4\u00e4kouluttaja  totesi kollegoilleen teht\u00e4v\u00e4n j\u00e4lkeen.<\/p>\n<p class=\"article-content article-content-width !bg-background\">\u2013\tAina kun silm\u00e4 v\u00e4ltti, niin kepeni toiminta. Siin\u00e4 oli s\u00e4\u00e4stelemist\u00e4. Se n\u00e4kyi my\u00f6s sykkeess\u00e4, joka ei ollut samaa tasoa kuin muilla, leirin psyykkinen valmentaja  my\u00f6nsi.<\/p>\n<p class=\"article-content article-content-width !bg-background\">\u2013\tSen toiminta oli koko ajan kuin hidastetusta leffasta,  harmitteli.<\/p>\n<p class=\"article-content article-content-width !bg-background\">\u2013\tYritys puuttuu ihan t\u00e4ysin. N\u00e4ytti silt\u00e4 \u2013 tai ei edes pelk\u00e4st\u00e4\u00e4n n\u00e4ytt\u00e4nyt &#8211; ett\u00e4 ennen kuin edes l\u00e4hdettiin tekem\u00e4\u00e4n, niin se jo luovutti, Janne jatkoi.<\/p>\n<p>V\u00e4\u00e4ryys muita kokelaita kohtaan<\/p>\n<p class=\"article-content article-content-width !bg-background\">Kesken kokelaiden lepohetken kouluttaja  k\u00e4ski Pinjan kent\u00e4lle. H\u00e4net vietiin Jannen ja Robinin kuulusteltavaksi.<\/p>\n<p>                <img decoding=\"async\" src=\"https:\/\/www.europesays.com\/fi\/wp-content\/uploads\/2026\/03\/2095835.webp.jpeg\" width=\"576\" height=\"322\" alt=\"\u2013&#9;Kyll\u00e4 sen tiet\u00e4\u00e4 itsekin, ettei voi olettaa itselt\u00e4\u00e4n sellaista kuntoa, jota ei ole. Se on sit\u00e4, mit\u00e4 se on, Pinja totesi tuvassa kokelastovereilleen motivaatiomontun j\u00e4lkeen.\" loading=\"lazy\" \/>            <\/p>\n<p>\n            \u2013\tKyll\u00e4 sen tiet\u00e4\u00e4 itsekin, ettei voi olettaa itselt\u00e4\u00e4n sellaista kuntoa, jota ei ole. Se on sit\u00e4, mit\u00e4 se on, Pinja totesi tuvassa kokelastovereilleen motivaatiomontun j\u00e4lkeen.<br \/>\n            Jere Hietala\/Sanoma\n        <\/p>\n<p class=\"article-content article-content-width !bg-background\">Pinja uskoi istuvansa kuulustelutilassa, koska tuli harjoituksissa muiden per\u00e4ss\u00e4. H\u00e4n kuunteli rauhallisesti, kun Janne syytti h\u00e4nt\u00e4 itsens\u00e4 s\u00e4\u00e4stelyst\u00e4.<\/p>\n<p class=\"article-content article-content-width !bg-background\">\u2013\tOsa tekee hampaat irvess\u00e4, osa huutaen ja k\u00e4rsien juoksee monttua yl\u00f6s ja tekee parhaansa koko ajan. Sitten ne odottavat punnerrusasennossa. Sin\u00e4 et tee kaikkeasi sen eteen, ett\u00e4 sin\u00e4 mahdollisimman nopeasti vapautat ne siit\u00e4.<\/p>\n<p class=\"article-content article-content-width !bg-background\">\u2013\tKun sitten alamme yhdess\u00e4 punnertaa, osa tekee kaiken, vaikka ovat hitaampia. S\u00e4 et tehnyt, et antanut kaikkeasi, p\u00e4\u00e4kouluttaja sanoi.<\/p>\n<p>        <a itemprop=\"url\" href=\"https:\/\/www.seiska.fi\/katso\/kaksi-ulos-erikoisjoukoista\/2091360\" rel=\"nofollow noopener\" target=\"_blank\"><\/p>\n<p>\nErikoisjoukot\n<\/p>\n<p class=\"section-date\">\n        <strong class=\"article-section\" data-section=\"katso\"><br \/>\n            katso<br \/>\n        <\/strong><br \/>\n        3.3. 22:00\n    <\/p>\n<p>Kaksi ulos Erikoisjoukoista!\n    <\/p>\n<p itemprop=\"description\" class=\"subtitle \">\n    Ylpeys ja mukavuudenhalu olivat syin\u00e4 kahden leiril\u00e4isen luovuttamiseen.\n<\/p>\n<p>        <\/a><\/p>\n<p class=\"article-content article-content-width !bg-background\">Janne koki v\u00e4\u00e4r\u00e4n\u00e4, ett\u00e4 Pinja puristi itsest\u00e4\u00e4n enemm\u00e4n vasta teht\u00e4v\u00e4n loppumetreill\u00e4, kun kaikkeansa antaneet kokelaat alkoivat jo hyyty\u00e4.<\/p>\n<p class=\"article-content article-content-width !bg-background\">Kouluttaja teki radikaalin p\u00e4\u00e4t\u00f6ksen silt\u00e4 istumalta.<\/p>\n<p class=\"article-content article-content-width !bg-background\">\u2013\tOlisin halunnut tehd\u00e4 t\u00e4m\u00e4n jo siell\u00e4 montulla, kun huusin ja pyysin sua tekem\u00e4\u00e4n. Mutta teen sen nyt. Pyyd\u00e4n antamaan numerosi minulle, h\u00e4n ilmoitti.\u00a0<\/p>\n<p>Poliitikko pani vastaan Jannelle<\/p>\n<p class=\"article-content article-content-width !bg-background\">P\u00f6yt\u00e4\u00e4n laskeutui hiljaisuus. Janne tuijotti Pinjaa suoraan silmiin, mutta t\u00e4m\u00e4 ei tehnyt elett\u00e4k\u00e4\u00e4n luovuttaakseen numerolappuaan.<\/p>\n<p class=\"article-content article-content-width !bg-background\">\u2013\tEn m\u00e4 halua antaa sit\u00e4, kansanedustaja totesi.<\/p>\n<p class=\"article-content article-content-width !bg-background\">\u2013\tT\u00e4m\u00e4 ei ollut pyynt\u00f6. Me sanoimme aamulla, ett\u00e4 antakaa 110 prosenttia kaikessa, mit\u00e4 teette, Janne vastasi.<\/p>\n<p>                <img decoding=\"async\" src=\"https:\/\/www.europesays.com\/fi\/wp-content\/uploads\/2026\/03\/2095833.webp.jpeg\" width=\"576\" height=\"322\" alt=\"Pinja oli kolmas leirilt\u00e4 kesken poistunut kokelas.\" loading=\"lazy\" \/>            <\/p>\n<p>\n            Pinja oli kolmas leirilt\u00e4 kesken poistunut kokelas.<br \/>\n            Jere Hietala\/Sanoma\n        <\/p>\n<p class=\"article-content article-content-width !bg-background\">Lopulta kouluttajan ei auttanut muu kuin itse rep\u00e4ist\u00e4 numerolappu kokelaan hihasta.<\/p>\n<p class=\"article-content article-content-width !bg-background\">\u2013\tEhk\u00e4 kaikkein t\u00e4rkein asia oli se, ettei halua itse luovuttaa. Ajattelen, ett\u00e4 annoin kaikkeni.\u00a0<\/p>\n<p class=\"article-content article-content-width !bg-background\">\u2013\u00a0V\u00e4lill\u00e4 lensi laatta ja v\u00e4lill\u00e4 sattui ihan hemmetisti, mutta en miss\u00e4\u00e4n vaiheessa itse luovuttanut enk\u00e4 lopettanut. Se on, mit\u00e4 lupasin itselleni t\u00e4nne l\u00e4htiess\u00e4ni, Pinja kommentoi pudotustaan.<\/p>\n<p class=\"italic m-italic article-content article-content-width !bg-background\">Erikoisjoukot n\u00e4hd\u00e4\u00e4n tiistaisin klo 21.00 Nelosella sek\u00e4 Ruudussa. Seuraava jakso on katsottavissa ennakkoon Ruutu+:lla.\u00a0<\/p>\n<p>        <a itemprop=\"url\" href=\"https:\/\/www.seiska.fi\/katso\/karoliina-blackburn-avoin-tilitys-erikoisjoukoista\/2087817\" rel=\"nofollow noopener\" target=\"_blank\"><\/p>\n<p>\nKaroliina Blackburn\n<\/p>\n<p class=\"section-date\">\n        <strong class=\"article-section\" data-section=\"katso\"><br \/>\n            katso<br \/>\n        <\/strong><br \/>\n        3.3. 13:15\n    <\/p>\n<p>Karoliina Blackburn: Avoin tilitys Erikoisjoukoista\n    <\/p>\n<p itemprop=\"description\" class=\"subtitle \">\n    Karoliina Blackburnilla on mielipide Erikoisjoukkojen julkeista kouluttajista.\n<\/p>\n<p>        <\/a><\/p>\n","protected":false},"excerpt":{"rendered":"Erikoisjoukkojen p\u00e4\u00e4kouluttaja Janne Lehtonen kyll\u00e4styi kokelaan asenteeseen ja itsens\u00e4 s\u00e4\u00e4stelyyn. Tiistaina 10. maaliskuuta Nelosella n\u00e4hdyss\u00e4 Erikoisjoukot-jaksossa oli edetty&hellip;\n","protected":false},"author":2,"featured_media":190876,"comment_status":"","ping_status":"","sticky":false,"template":"","format":"standard","meta":{"footnotes":"","_share_on_mastodon":"0"},"categories":[130],"tags":[137,2159,33,31,30,2160,2155,10974,8438,8445,5854,12317,1758,28679,12433,2157,2158,28675,32,109,19402],"class_list":["post-190875","post","type-post","status-publish","format-standard","has-post-thumbnail","category-viihde","tag-entertainment","tag-erikoisjoukot","tag-fi","tag-finland","tag-finnish","tag-jan-knutti","tag-janne-lehtonen","tag-joona-puhakka","tag-kansanedustaja","tag-karkotus","tag-kouluttajat","tag-motivaatiomonttu","tag-nelonen","tag-pinja-perholehto","tag-pudotus","tag-robin-hendry","tag-ruutu","tag-samuli-jaskio","tag-suomi","tag-viihde","tag-vilho-ahola"],"share_on_mastodon":{"url":"https:\/\/pubeurope.com\/@fi\/116207014587587693","error":""},"_links":{"self":[{"href":"https:\/\/www.europesays.com\/fi\/wp-json\/wp\/v2\/posts\/190875","targetHints":{"allow":["GET"]}}],"collection":[{"href":"https:\/\/www.europesays.com\/fi\/wp-json\/wp\/v2\/posts"}],"about":[{"href":"https:\/\/www.europesays.com\/fi\/wp-json\/wp\/v2\/types\/post"}],"author":[{"embeddable":true,"href":"https:\/\/www.europesays.com\/fi\/wp-json\/wp\/v2\/users\/2"}],"replies":[{"embeddable":true,"href":"https:\/\/www.europesays.com\/fi\/wp-json\/wp\/v2\/comments?post=190875"}],"version-history":[{"count":0,"href":"https:\/\/www.europesays.com\/fi\/wp-json\/wp\/v2\/posts\/190875\/revisions"}],"wp:featuredmedia":[{"embeddable":true,"href":"https:\/\/www.europesays.com\/fi\/wp-json\/wp\/v2\/media\/190876"}],"wp:attachment":[{"href":"https:\/\/www.europesays.com\/fi\/wp-json\/wp\/v2\/media?parent=190875"}],"wp:term":[{"taxonomy":"category","embeddable":true,"href":"https:\/\/www.europesays.com\/fi\/wp-json\/wp\/v2\/categories?post=190875"},{"taxonomy":"post_tag","embeddable":true,"href":"https:\/\/www.europesays.com\/fi\/wp-json\/wp\/v2\/tags?post=190875"}],"curies":[{"name":"wp","href":"https:\/\/api.w.org\/{rel}","templated":true}]}}