{"id":19135,"date":"2025-08-28T22:27:08","date_gmt":"2025-08-28T22:27:08","guid":{"rendered":"https:\/\/www.europesays.com\/fi\/19135\/"},"modified":"2025-08-28T22:27:08","modified_gmt":"2025-08-28T22:27:08","slug":"the-beatlesin-uutuuslevylla-kuullaan-john-lennonin-laulua","status":"publish","type":"post","link":"https:\/\/www.europesays.com\/fi\/19135\/","title":{"rendered":"The Beatlesin uutuuslevyll\u00e4 kuullaan John Lennonin laulua"},"content":{"rendered":"<p>Julkaisemattomia \u00e4\u00e4nitteit\u00e4 kuullaan uudella The Beatlesin kokoelmalla.<\/p>\n<p><img decoding=\"async\" class=\"image image-show image-preview\" src=\"https:\/\/www.europesays.com\/fi\/wp-content\/uploads\/2025\/08\/4263692343029c5575b5ca7ac13807122a20b276c7d3a163781eae6a1421d5b4.jpg\" alt=\"\"\/><img decoding=\"async\" class=\"image image-show\" src=\"https:\/\/www.europesays.com\/fi\/wp-content\/uploads\/2025\/08\/1756420028_734_4263692343029c5575b5ca7ac13807122a20b276c7d3a163781eae6a1421d5b4.jpg\" alt=\"\"\/><\/p>\n<p>Paul McCartney on yksi Beatlesin alkuper\u00e4isist\u00e4 j\u00e4senist\u00e4. AOP<\/p>\n<p class=\"paragraph\">The Beatles -yhtye julkaisee loppuvuodesta uutta musiikkia. Uudella Anthology-kokoelmalla kuullaan my\u00f6s jo edesmenneen <a href=\"https:\/\/www.iltalehti.fi\/henkilot\/John Lennon\" class=\"article-link-person-page\" rel=\"nofollow noopener\" target=\"_blank\">John Lennonin<\/a> laulua, uutisoi <a href=\"https:\/\/www.dailymail.co.uk\/sciencetech\/article-15031581\/Paul-McCartney-AI-John-Lennon-voice-Beatles.html\" target=\"_blank\" rel=\"noopener nofollow\">Daily Mail<\/a>.<\/p>\n<p class=\"paragraph\"><a href=\"https:\/\/www.iltalehti.fi\/henkilot\/Paul McCartney\" class=\"article-link-person-page\" rel=\"nofollow noopener\" target=\"_blank\">Paul McCartney<\/a> on k\u00e4ytt\u00e4nyt teko\u00e4ly\u00e4, jonka avulla h\u00e4n on saanut erotettua Lennonin \u00e4\u00e4nen kahdesta huonolaatuisesta demosta, jotka Lennon teki ennen kuolemaansa.<\/p>\n<p class=\"paragraph\">Kappaleet Free as a Bird ja Real Love, joissa Lennonin laulua kuullaan, julkaistaan my\u00f6hemmin t\u00e4n\u00e4 vuonna.<\/p>\n<p class=\"paragraph\">Kyseinen teko\u00e4lyohjelma MAL on ohjaaja <a href=\"https:\/\/www.iltalehti.fi\/henkilot\/Peter Jackson\" class=\"article-link-person-page\" rel=\"nofollow noopener\" target=\"_blank\">Peter Jacksonin<\/a> johtaman tuotantoyhti\u00f6n luomus. MAL pystyy tunnistamaan \u00e4\u00e4ninauhoilta eri \u00e4\u00e4net ja erottamaan ne toisistaan.<\/p>\n<p class=\"paragraph\">McCartney on k\u00e4ytt\u00e4nyt teko\u00e4ly\u00e4 aiemminkin musiikin luomisessa. Vuonna 2023 h\u00e4n ja Jackson k\u00e4yttiv\u00e4t samaa tekniikkaa toiselle Lennonin \u00e4\u00e4nitt\u00e4m\u00e4lle demolle. Kappale Now and Then nousi listaykk\u00f6seksi Isossa-Britanniassa.<\/p>\n<p class=\"paragraph\">McCartney on my\u00f6s kritisoinut teko\u00e4ly\u00e4. Esimerkiksi toukokuussa h\u00e4n oli mukana vaatimassa Britannian hallitusta pakottamaan teko\u00e4ly-yritykset paljastamaan tekij\u00e4noikeudella suojatut teokset, joita k\u00e4ytettiin heid\u00e4n mallinsa kouluttamiseen.<\/p>\n","protected":false},"excerpt":{"rendered":"Julkaisemattomia \u00e4\u00e4nitteit\u00e4 kuullaan uudella The Beatlesin kokoelmalla. Paul McCartney on yksi Beatlesin alkuper\u00e4isist\u00e4 j\u00e4senist\u00e4. AOP The Beatles -yhtye&hellip;\n","protected":false},"author":2,"featured_media":19136,"comment_status":"","ping_status":"","sticky":false,"template":"","format":"standard","meta":{"footnotes":""},"categories":[132],"tags":[35,138,137,33,31,30,763,195,47,141,32,397,484,109],"class_list":{"0":"post-19135","1":"post","2":"type-post","3":"status-publish","4":"format-standard","5":"has-post-thumbnail","7":"category-musiikki","8":"tag-24h","9":"tag-audio","10":"tag-entertainment","11":"tag-fi","12":"tag-finland","13":"tag-finnish","14":"tag-kulttuuri-ja-viihde","15":"tag-music","16":"tag-musiikki","17":"tag-muusikot-bandit","18":"tag-suomi","19":"tag-taide","20":"tag-taiteellinen-ilmaisu-ja-mediat","21":"tag-viihde"},"share_on_mastodon":{"url":"","error":""},"_links":{"self":[{"href":"https:\/\/www.europesays.com\/fi\/wp-json\/wp\/v2\/posts\/19135","targetHints":{"allow":["GET"]}}],"collection":[{"href":"https:\/\/www.europesays.com\/fi\/wp-json\/wp\/v2\/posts"}],"about":[{"href":"https:\/\/www.europesays.com\/fi\/wp-json\/wp\/v2\/types\/post"}],"author":[{"embeddable":true,"href":"https:\/\/www.europesays.com\/fi\/wp-json\/wp\/v2\/users\/2"}],"replies":[{"embeddable":true,"href":"https:\/\/www.europesays.com\/fi\/wp-json\/wp\/v2\/comments?post=19135"}],"version-history":[{"count":0,"href":"https:\/\/www.europesays.com\/fi\/wp-json\/wp\/v2\/posts\/19135\/revisions"}],"wp:featuredmedia":[{"embeddable":true,"href":"https:\/\/www.europesays.com\/fi\/wp-json\/wp\/v2\/media\/19136"}],"wp:attachment":[{"href":"https:\/\/www.europesays.com\/fi\/wp-json\/wp\/v2\/media?parent=19135"}],"wp:term":[{"taxonomy":"category","embeddable":true,"href":"https:\/\/www.europesays.com\/fi\/wp-json\/wp\/v2\/categories?post=19135"},{"taxonomy":"post_tag","embeddable":true,"href":"https:\/\/www.europesays.com\/fi\/wp-json\/wp\/v2\/tags?post=19135"}],"curies":[{"name":"wp","href":"https:\/\/api.w.org\/{rel}","templated":true}]}}