{"id":191527,"date":"2026-03-11T15:57:07","date_gmt":"2026-03-11T15:57:07","guid":{"rendered":"https:\/\/www.europesays.com\/fi\/191527\/"},"modified":"2026-03-11T15:57:07","modified_gmt":"2026-03-11T15:57:07","slug":"erikoinen-naky-iranin-lentokentalla-kymmenet-koneet-kasassa","status":"publish","type":"post","link":"https:\/\/www.europesays.com\/fi\/191527\/","title":{"rendered":"Erikoinen n\u00e4ky Iranin lentokent\u00e4ll\u00e4 \u2013 kymmenet koneet kasassa"},"content":{"rendered":"<p>Iranin p\u00e4\u00e4kaupungin Teheranin Mehrabadin kansainv\u00e4lisell\u00e4 lentokent\u00e4ll\u00e4 n\u00e4kyy Google Mapsin satelliittikuvissa poikkeuksellinen n\u00e4ky lentokoneiden hautausmaasta. Kent\u00e4ll\u00e4 on rakennusten v\u00e4liss\u00e4 kasassa kymmeni\u00e4 lentokoneita. Kyse ei ole satelliittikuvan virheest\u00e4 tai optisesta harhasta, vaan Iraniin vuosikymmenten ajan kohdistuneiden pakotteiden seurauksesta.<\/p>\n<p>Iranin lentoyhti\u00f6t ovat k\u00e4rsineet pitk\u00e4\u00e4n siit\u00e4, etteiv\u00e4t ne ole pakotteiden vuoksi voineet ostaa riitt\u00e4v\u00e4sti uusia koneita tai varaosia l\u00e4nsimarkkinoilta. T\u00e4m\u00e4n seurauksena suuri osa kalustosta on vanhentunut, poistunut k\u00e4yt\u00f6st\u00e4 ja j\u00e4\u00e4nyt kentille seisomaan.<\/p>\n<p>Mainos &#8211; sis\u00e4lt\u00f6 jatkuu alla<\/p>\n<p>Google Mapsissa nyt n\u00e4kyv\u00e4 kuva on vuodelta 2026, mutta lentokonekasa ei ole uusi n\u00e4ky. Newsweek kirjoitti jo vuonna 2022 Mehrabadin kent\u00e4ll\u00e4 n\u00e4kyneist\u00e4 k\u00e4yt\u00f6st\u00e4 poistetuista koneista, ja vuonna 2023 iranilaismediassa sek\u00e4 kansainv\u00e4lisiss\u00e4 uutisissa aluetta kuvattiin lentokoneiden hautausmaaksi.<\/p>\n<p>L\u00e4nsikoneita kierr\u00e4tet\u00e4\u00e4n<\/p>\n<p>Newsweekin muutama vuosi sitten <a href=\"https:\/\/www.newsweek.com\/iran-airport-cannibalized-pile-plane-parts-stuns-internet-1674514\" rel=\"nofollow noopener\" target=\"_blank\">haastattelema<\/a> Iran Airin entinen lent\u00e4j\u00e4 <strong>Ross Aimer<\/strong> sanoi, ett\u00e4 satelliittikuvissa n\u00e4kyv\u00e4t koneet ovat p\u00e4\u00e4osin siviilikoneita, muun muassa Boeingin, Airbusin ja ven\u00e4l\u00e4isvalmisteisia koneita. H\u00e4nen mukaansa niist\u00e4 puuttuu moottoreita ja muita osia, koska koneita on purettu muiden koneiden pit\u00e4miseksi lentokelpoisina.<\/p>\n<p>\u2013 Ne ovat k\u00e4yt\u00e4nn\u00f6ss\u00e4 romua, kuin romuttamo tai lentokoneiden hautausmaa, Aimer kuvaili n\u00e4ky\u00e4 lentokoneelta.<\/p>\n<p>Ilmailualalla t\u00e4st\u00e4 k\u00e4ytet\u00e4\u00e4n nimityst\u00e4 kannibalisointi. Se tarkoittaa sit\u00e4, ett\u00e4 yhdest\u00e4 lentokoneesta irrotetaan k\u00e4ytt\u00f6kelpoisia osia, kuten moottoreita tai j\u00e4rjestelm\u00e4komponentteja, ja ne asennetaan toiseen koneeseen. N\u00e4in Iran on yritt\u00e4nyt pit\u00e4\u00e4 edes osan kalustostaan liikenteess\u00e4, kun uusia osia ei ole saatu normaalien toimitusketjujen kautta.<\/p>\n<p>Iranin ilmailun tilannetta helpotti hetkellisesti vuonna 2015 solmittu ydinsopimus, joka avasi mahdollisuuden l\u00e4nsikoneiden hankintaan. Iran aloitti tuolloin neuvottelut muun muassa Boeingin ja Airbusin kanssa, ja joitakin Airbus-koneita ehdittiin toimittaa. K\u00e4\u00e4nne j\u00e4i kuitenkin lyhytaikaiseksi, kun Yhdysvallat vet\u00e4ytyi sopimuksesta vuonna 2018 <strong>Donald Trumpin<\/strong> ensimm\u00e4isell\u00e4 presidenttikaudella ja palautti pakotteet voimaan.<\/p>\n<p>Mainos &#8211; sis\u00e4lt\u00f6 jatkuu alla<\/p>\n<p>Sen j\u00e4lkeen iranilaisyhti\u00f6t ovat joutuneet jatkamaan vanhan kaluston paikkaamista eri keinoin, kuten hankkimalla osia v\u00e4lik\u00e4sien kautta ja mustasta p\u00f6rssist\u00e4 tai purkamalla omia koneitaan varaosiksi. Mehrabadin lentokent\u00e4n lentokonekasa on t\u00e4st\u00e4 n\u00e4kyv\u00e4 muistutus.<\/p>\n<p><strong>LUE MY\u00d6S:<br \/><\/strong><a href=\"https:\/\/www.verkkouutiset.fi\/a\/iran-kay-vesisotaa-persianlahdella\/\" rel=\"nofollow noopener\" target=\"_blank\">Iran k\u00e4y sotaa makeasta vedest\u00e4 Persianlahdella<\/a><br \/><a href=\"https:\/\/www.verkkouutiset.fi\/a\/israelin-ilmavoimien-komentaja-lensi-iranin-ylle-taistelutehtavalla\/\" rel=\"nofollow noopener\" target=\"_blank\">Israelin ilmavoimien komentaja lensi Iranin ylle taisteluteht\u00e4v\u00e4ll\u00e4<\/a><br \/><a href=\"https:\/\/www.verkkouutiset.fi\/a\/iranin-vaijyva-ohjus-yllatti-11-usan-lennokkia-ammuttu-alas\/\" rel=\"nofollow noopener\" target=\"_blank\">Iranin v\u00e4ijyv\u00e4 ohjus yll\u00e4tti \u2013 11 USA:n Reaper-lennokkia ammuttu alas<\/a><\/p>\n","protected":false},"excerpt":{"rendered":"Iranin p\u00e4\u00e4kaupungin Teheranin Mehrabadin kansainv\u00e4lisell\u00e4 lentokent\u00e4ll\u00e4 n\u00e4kyy Google Mapsin satelliittikuvissa poikkeuksellinen n\u00e4ky lentokoneiden hautausmaasta. Kent\u00e4ll\u00e4 on rakennusten v\u00e4liss\u00e4&hellip;\n","protected":false},"author":2,"featured_media":191528,"comment_status":"","ping_status":"","sticky":false,"template":"","format":"standard","meta":{"footnotes":"","_share_on_mastodon":"0"},"categories":[14],"tags":[22,23,26,27,33,31,30,17,4706,3648,24,25,28,29,15,18,21,15589,32,19,20,56,16,59,60,61],"class_list":["post-191527","post","type-post","status-publish","format-standard","has-post-thumbnail","category-ulkomaat","tag-breaking-news","tag-breakingnews","tag-featured-news","tag-featurednews","tag-fi","tag-finland","tag-finnish","tag-headlines","tag-ilmailu","tag-iran","tag-latest-news","tag-latestnews","tag-main-news","tag-mainnews","tag-news","tag-otsikot","tag-paauutiset","tag-pakotteet","tag-suomi","tag-top-stories","tag-topstories","tag-ulkomaat","tag-uutiset","tag-world","tag-world-news","tag-worldnews"],"share_on_mastodon":{"url":"https:\/\/pubeurope.com\/@fi\/116211367702209583","error":""},"_links":{"self":[{"href":"https:\/\/www.europesays.com\/fi\/wp-json\/wp\/v2\/posts\/191527","targetHints":{"allow":["GET"]}}],"collection":[{"href":"https:\/\/www.europesays.com\/fi\/wp-json\/wp\/v2\/posts"}],"about":[{"href":"https:\/\/www.europesays.com\/fi\/wp-json\/wp\/v2\/types\/post"}],"author":[{"embeddable":true,"href":"https:\/\/www.europesays.com\/fi\/wp-json\/wp\/v2\/users\/2"}],"replies":[{"embeddable":true,"href":"https:\/\/www.europesays.com\/fi\/wp-json\/wp\/v2\/comments?post=191527"}],"version-history":[{"count":0,"href":"https:\/\/www.europesays.com\/fi\/wp-json\/wp\/v2\/posts\/191527\/revisions"}],"wp:featuredmedia":[{"embeddable":true,"href":"https:\/\/www.europesays.com\/fi\/wp-json\/wp\/v2\/media\/191528"}],"wp:attachment":[{"href":"https:\/\/www.europesays.com\/fi\/wp-json\/wp\/v2\/media?parent=191527"}],"wp:term":[{"taxonomy":"category","embeddable":true,"href":"https:\/\/www.europesays.com\/fi\/wp-json\/wp\/v2\/categories?post=191527"},{"taxonomy":"post_tag","embeddable":true,"href":"https:\/\/www.europesays.com\/fi\/wp-json\/wp\/v2\/tags?post=191527"}],"curies":[{"name":"wp","href":"https:\/\/api.w.org\/{rel}","templated":true}]}}