{"id":19179,"date":"2025-08-28T23:29:08","date_gmt":"2025-08-28T23:29:08","guid":{"rendered":"https:\/\/www.europesays.com\/fi\/19179\/"},"modified":"2025-08-28T23:29:08","modified_gmt":"2025-08-28T23:29:08","slug":"varkauden-uusi-taukopaikka-avataan-syyskuussa-savo","status":"publish","type":"post","link":"https:\/\/www.europesays.com\/fi\/19179\/","title":{"rendered":"Varkauden uusi taukopaikka avataan syyskuussa | Savo"},"content":{"rendered":"<p>Varkauden Huili-taukopaikka avataan Neste Warkaudenporttiin 25. syyskuuta. Huili on ravintolayritys Restelin uusi taukopaikkaketju, jonka toimipaikkoja avataan Suomeen vuoden loppuun menness\u00e4 yhteens\u00e4 33. Ensimm\u00e4inen taukopaikka avattiin t\u00e4n\u00e4\u00e4n Vantaan Tammistoon.<\/p>\n<p>Pohjois-Savoon on suunnitteilla my\u00f6s toinen Huili, joka avataan Neste Kuopio Puijonlaaksoon. Restelin tiedotteen mukaan toimipaikkakohtaiset aikataulut tarkentuvat sit\u00e4 mukaa kun sopimukset vahvistetaan.<\/p>\n<p>Neste Puijonlaakson liikenneasema on ollut polttoainepumppua lukuun ottamatta suljettuna kes\u00e4kuusta l\u00e4htien, koska Kesko on luopumassa Neste K-liikenneasemistaan vuoden loppuun menness\u00e4.<\/p>\n<p><strong class=\"diks-storyline__impact\">Huili-taukopaikat<\/strong> remontoidaan muotoilutoimisto KOKO3:n suunnittelemalla sisustuksella. Niiss\u00e4 tarjoillaan aamuisin buffet ja lounasaikaan kotiruokaa, keittoa ja salaattip\u00f6yt\u00e4. Viikonloppuisin lounas laajenee buffetiksi ja tarjolla on my\u00f6s \u00e0 la carte -lista.<\/p>\n<p>Varkauden taukopaikan lis\u00e4ksi syyskuun ja lokakuun alun aikana avataan Huilit Tampereelle Hatanp\u00e4\u00e4h\u00e4n, Imatran Korvenkankaalle, Janakkalan Linnatuuleen ja Lahden Kivist\u00f6nm\u00e4elle.<\/p>\n<p>Restel py\u00f6ritt\u00e4\u00e4 Suomessa muun muassa Burger King ja Taco Bell -ravintolaketjuja. Restelin omistaa osuuskunta Tradeka.<\/p>\n","protected":false},"excerpt":{"rendered":"Varkauden Huili-taukopaikka avataan Neste Warkaudenporttiin 25. syyskuuta. Huili on ravintolayritys Restelin uusi taukopaikkaketju, jonka toimipaikkoja avataan Suomeen vuoden&hellip;\n","protected":false},"author":2,"featured_media":19180,"comment_status":"","ping_status":"","sticky":false,"template":"","format":"standard","meta":{"footnotes":""},"categories":[5],"tags":[22,23,26,27,33,31,30,3888,17,736,3889,24,25,121,28,29,15,18,21,3723,900,2331,32,19,20,16],"class_list":{"0":"post-19179","1":"post","2":"type-post","3":"status-publish","4":"format-standard","5":"has-post-thumbnail","7":"category-otsikot","8":"tag-breaking-news","9":"tag-breakingnews","10":"tag-featured-news","11":"tag-featurednews","12":"tag-fi","13":"tag-finland","14":"tag-finnish","15":"tag-hameenlinnan-seutukunta","16":"tag-headlines","17":"tag-imatra","18":"tag-janakkala","19":"tag-latest-news","20":"tag-latestnews","21":"tag-liikenne-ja-kuljetus","22":"tag-main-news","23":"tag-mainnews","24":"tag-news","25":"tag-otsikot","26":"tag-paauutiset","27":"tag-ravintolat","28":"tag-ruoka","29":"tag-ruoka-ja-juoma","30":"tag-suomi","31":"tag-top-stories","32":"tag-topstories","33":"tag-uutiset"},"share_on_mastodon":{"url":"","error":""},"_links":{"self":[{"href":"https:\/\/www.europesays.com\/fi\/wp-json\/wp\/v2\/posts\/19179","targetHints":{"allow":["GET"]}}],"collection":[{"href":"https:\/\/www.europesays.com\/fi\/wp-json\/wp\/v2\/posts"}],"about":[{"href":"https:\/\/www.europesays.com\/fi\/wp-json\/wp\/v2\/types\/post"}],"author":[{"embeddable":true,"href":"https:\/\/www.europesays.com\/fi\/wp-json\/wp\/v2\/users\/2"}],"replies":[{"embeddable":true,"href":"https:\/\/www.europesays.com\/fi\/wp-json\/wp\/v2\/comments?post=19179"}],"version-history":[{"count":0,"href":"https:\/\/www.europesays.com\/fi\/wp-json\/wp\/v2\/posts\/19179\/revisions"}],"wp:featuredmedia":[{"embeddable":true,"href":"https:\/\/www.europesays.com\/fi\/wp-json\/wp\/v2\/media\/19180"}],"wp:attachment":[{"href":"https:\/\/www.europesays.com\/fi\/wp-json\/wp\/v2\/media?parent=19179"}],"wp:term":[{"taxonomy":"category","embeddable":true,"href":"https:\/\/www.europesays.com\/fi\/wp-json\/wp\/v2\/categories?post=19179"},{"taxonomy":"post_tag","embeddable":true,"href":"https:\/\/www.europesays.com\/fi\/wp-json\/wp\/v2\/tags?post=19179"}],"curies":[{"name":"wp","href":"https:\/\/api.w.org\/{rel}","templated":true}]}}