{"id":19191,"date":"2025-08-28T23:53:08","date_gmt":"2025-08-28T23:53:08","guid":{"rendered":"https:\/\/www.europesays.com\/fi\/19191\/"},"modified":"2025-08-28T23:53:08","modified_gmt":"2025-08-28T23:53:08","slug":"euroopan-e3-maat-kaynnistivat-pakoteprosessin-iranille-iran-tulistui-heti-uutisia-lyhyesti","status":"publish","type":"post","link":"https:\/\/www.europesays.com\/fi\/19191\/","title":{"rendered":"Euroopan E3-maat k\u00e4ynnistiv\u00e4t pakoteprosessin Iranille \u2013 Iran tulistui heti | Uutisia lyhyesti"},"content":{"rendered":"<p class=\"sc-jYczwO sc-dNFkOE bUKqJd eiHPxO yle__article__paragraph\">YK:n turvallisuus\u00adneuvosto kokoontuu huomenna perjantaina k\u00e4sittelem\u00e4\u00e4n Ranskan, Saksan ja Britannian aloitetta Iranin pakotteiden palautta\u00admiseksi.<\/p>\n<p class=\"sc-jYczwO sc-ciCoXh bUKqJd cIOueB yle__article__paragraph\">Ranska, Britannia ja Saksa k\u00e4ynnistiv\u00e4t torstaina prosessin, jonka tavoitteena on palauttaa YK:n pakotteet Iraniin maan ydinohjelman takia.<\/p>\n<p class=\"sc-jYczwO sc-ciCoXh bUKqJd cIOueB yle__article__paragraph\">Niin sanottu snapback-menetelm\u00e4 sis\u00e4llytettiin Iranin ja suurvaltojen vuonna 2015 solmimaan ydinsopimukseen. Menetelm\u00e4n avulla aiemmin puretut kansainv\u00e4liset pakotteet voidaan palauttaa nopeasti voimaan, jos Iran rikkoo sopimuksen ehtoja.<\/p>\n<p class=\"sc-jYczwO sc-ciCoXh bUKqJd cIOueB yle__article__paragraph\">E3-maiden aloittama prosessi k\u00e4ynnist\u00e4\u00e4 30 p\u00e4iv\u00e4n m\u00e4\u00e4r\u00e4ajan, jonka j\u00e4lkeen pakotteet astuvat uudelleen voimaan. Maat varoittivat jo elokuun alussa snapback-menetelm\u00e4 mahdollisuudesta, kun Iran keskeytti yhteisty\u00f6ns\u00e4 Kansainv\u00e4lisen atomienergiaj\u00e4rjest\u00f6 IAEA:n kanssa.<\/p>\n<p class=\"sc-jYczwO sc-ciCoXh bUKqJd cIOueB yle__article__paragraph\">YK:n turvallisuusneuvosto kokoontuu huomenna perjantaina k\u00e4sittelem\u00e4\u00e4n asiaa.<\/p>\n<p class=\"sc-jYczwO sc-ciCoXh bUKqJd cIOueB yle__article__paragraph\">Pakotteet muun muassa j\u00e4\u00e4dytt\u00e4isiv\u00e4t j\u00e4lleen Iranin ulkomaiset varat, pys\u00e4ytt\u00e4isiv\u00e4t asekaupan Iranin kanssa ja rankaisisivat ballististen ohjusten kehitt\u00e4misest\u00e4.<\/p>\n<p>Iran uhkaa vastatoimilla<\/p>\n<p class=\"sc-jYczwO sc-ciCoXh bUKqJd cIOueB yle__article__paragraph\">Iran katkaisi yhteisty\u00f6n YK:n ydintarkkailijoiden kanssa 12 p\u00e4iv\u00e4\u00e4 kest\u00e4neen sodan j\u00e4lkeen. Sodan aikana Israel ja Yhdysvallat pommittivat Iranin ydinlaitoksia.<\/p>\n<p class=\"sc-jYczwO sc-ciCoXh bUKqJd cIOueB yle__article__paragraph\">Iran syytti IAEA:ta sodan lietsomisesta, eik\u00e4 p\u00e4\u00e4st\u00e4nyt sen tutkijoita tarkistamaan ydinlaitosten vaurioita. Eilen kuitenkin uutisoitiin, ett\u00e4 IAEA:n tutkijat ovat <a class=\"sc-jDJeIs gotUgl yle__article__link\" href=\"https:\/\/yle.fi\/a\/74-20179561\" role=\"link\" rel=\"nofollow noopener\" target=\"_blank\">palanneet Iraniin<\/a>.<\/p>\n<p class=\"sc-jYczwO sc-ciCoXh bUKqJd cIOueB yle__article__paragraph\">Iran reagoi nopeasti Euroopan maiden aloittamaan pakoteprosessiin. Maan ulkoministeri <strong class=\"sc-eEHciv gtNhAX yle__article__strong\">Abbas Aragchi<\/strong> uhkasi maita \u201dasianmukaisilla vastatoimilla\u201d, mutta ei t\u00e4sment\u00e4nyt, mit\u00e4 ne voisivat olla.<\/p>\n<p class=\"sc-jYczwO sc-ciCoXh bUKqJd cIOueB yle__article__paragraph\">Iranin ulkoministeri\u00f6n mukaan E3-maiden aloite on provokatiivinen ja heikent\u00e4\u00e4 vakavasti Iranin ja IAEA:n v\u00e4list\u00e4 vuoropuhelua.<\/p>\n<p class=\"sc-jYczwO sc-ciCoXh bUKqJd cIOueB yle__article__paragraph\">Yhdysvaltain ulkoministeri <strong class=\"sc-eEHciv gtNhAX yle__article__strong\">Marco Rubio<\/strong> puolestaan toivotti tervetulleeksi pakoteprosessin k\u00e4ynnist\u00e4misen. Yhdysvallat k\u00e4vi alkuvuonna tuloksettomia ydinkeskusteluja Iranin kanssa.<\/p>\n<p class=\"sc-jYczwO sc-ciCoXh bUKqJd cIOueB yle__article__paragraph\">L\u00e4hteet: AFP, Reuters, AP<\/p>\n","protected":false},"excerpt":{"rendered":"YK:n turvallisuus\u00adneuvosto kokoontuu huomenna perjantaina k\u00e4sittelem\u00e4\u00e4n Ranskan, Saksan ja Britannian aloitetta Iranin pakotteiden palautta\u00admiseksi. Ranska, Britannia ja Saksa&hellip;\n","protected":false},"author":2,"featured_media":74,"comment_status":"","ping_status":"","sticky":false,"template":"","format":"standard","meta":{"footnotes":"","_share_on_mastodon":"0"},"categories":[14],"tags":[22,23,26,27,33,31,30,17,6880,3648,70,5129,992,24,25,28,29,15,18,21,32,19,20,56,16,59,60,61,3649,619],"class_list":["post-19191","post","type-post","status-publish","format-standard","has-post-thumbnail","category-ulkomaat","tag-breaking-news","tag-breakingnews","tag-featured-news","tag-featurednews","tag-fi","tag-finland","tag-finnish","tag-headlines","tag-iaea","tag-iran","tag-kansainvalinen-politiikka","tag-kansainvaliset-pakotteet","tag-lahi-ita","tag-latest-news","tag-latestnews","tag-main-news","tag-mainnews","tag-news","tag-otsikot","tag-paauutiset","tag-suomi","tag-top-stories","tag-topstories","tag-ulkomaat","tag-uutiset","tag-world","tag-world-news","tag-worldnews","tag-ydinaseet","tag-yhdysvallat"],"share_on_mastodon":{"url":"","error":""},"_links":{"self":[{"href":"https:\/\/www.europesays.com\/fi\/wp-json\/wp\/v2\/posts\/19191","targetHints":{"allow":["GET"]}}],"collection":[{"href":"https:\/\/www.europesays.com\/fi\/wp-json\/wp\/v2\/posts"}],"about":[{"href":"https:\/\/www.europesays.com\/fi\/wp-json\/wp\/v2\/types\/post"}],"author":[{"embeddable":true,"href":"https:\/\/www.europesays.com\/fi\/wp-json\/wp\/v2\/users\/2"}],"replies":[{"embeddable":true,"href":"https:\/\/www.europesays.com\/fi\/wp-json\/wp\/v2\/comments?post=19191"}],"version-history":[{"count":0,"href":"https:\/\/www.europesays.com\/fi\/wp-json\/wp\/v2\/posts\/19191\/revisions"}],"wp:featuredmedia":[{"embeddable":true,"href":"https:\/\/www.europesays.com\/fi\/wp-json\/wp\/v2\/media\/74"}],"wp:attachment":[{"href":"https:\/\/www.europesays.com\/fi\/wp-json\/wp\/v2\/media?parent=19191"}],"wp:term":[{"taxonomy":"category","embeddable":true,"href":"https:\/\/www.europesays.com\/fi\/wp-json\/wp\/v2\/categories?post=19191"},{"taxonomy":"post_tag","embeddable":true,"href":"https:\/\/www.europesays.com\/fi\/wp-json\/wp\/v2\/tags?post=19191"}],"curies":[{"name":"wp","href":"https:\/\/api.w.org\/{rel}","templated":true}]}}