{"id":19256,"date":"2025-08-29T01:37:09","date_gmt":"2025-08-29T01:37:09","guid":{"rendered":"https:\/\/www.europesays.com\/fi\/19256\/"},"modified":"2025-08-29T01:37:09","modified_gmt":"2025-08-29T01:37:09","slug":"trumpin-hallinto-pyytaa-laivastotukikohdan-tukea-chicagon-sotilasoperaatioon-uutisia-lyhyesti","status":"publish","type":"post","link":"https:\/\/www.europesays.com\/fi\/19256\/","title":{"rendered":"Trumpin hallinto pyyt\u00e4\u00e4 laivastotukikohdan tukea Chicagon sotilasoperaatioon | Uutisia lyhyesti"},"content":{"rendered":"<p class=\"sc-jYczwO sc-ciCoXh bUKqJd cIOueB yle__article__paragraph\">Yhdysvaltain Sis\u00e4isen turvallisuuden ministeri\u00f6 pyyt\u00e4\u00e4 Great Lakes -laivastoasemalta apua apua Chicagon tulevaa sotilasoperaatiota varten, asema tiedottaa.<\/p>\n<p class=\"sc-jYczwO sc-ciCoXh bUKqJd cIOueB yle__article__paragraph\">Ministeri\u00f6 sanoo tarvitsevansa toimitiloja, infrastruktuuria ja logistista tukea.<\/p>\n<p class=\"sc-jYczwO sc-ciCoXh bUKqJd cIOueB yle__article__paragraph\">Ministeri\u00f6 sanoo l\u00e4hett\u00e4v\u00e4ns\u00e4 kaupunkiin kansalliskaartin joukkoja hillitsem\u00e4\u00e4n kaupungin rehottavaa siirtolaisongelmaa samalla tavalla kuin se teki pari viikkoa sitten Washingtonissa.<\/p>\n<p class=\"sc-jYczwO sc-ciCoXh bUKqJd cIOueB yle__article__paragraph\">Illinois&#8217;n osavaltion kuvern\u00f6\u00f6ri, demokraatti JB Pritzker sanoo, ettei Chicago tarvitse eik\u00e4 halua sotilasoperaatiota alueelleen.<\/p>\n<p class=\"sc-jYczwO sc-ciCoXh bUKqJd cIOueB yle__article__paragraph\">L\u00e4hde: AP<\/p>\n","protected":false},"excerpt":{"rendered":"Yhdysvaltain Sis\u00e4isen turvallisuuden ministeri\u00f6 pyyt\u00e4\u00e4 Great Lakes -laivastoasemalta apua apua Chicagon tulevaa sotilasoperaatiota varten, asema tiedottaa. Ministeri\u00f6 sanoo&hellip;\n","protected":false},"author":2,"featured_media":19257,"comment_status":"","ping_status":"","sticky":false,"template":"","format":"standard","meta":{"footnotes":"","_share_on_mastodon":"0"},"categories":[14],"tags":[22,23,5860,26,27,33,31,30,17,635,24,25,996,28,29,15,18,21,6890,32,19,20,56,16,59,60,61,619],"class_list":["post-19256","post","type-post","status-publish","format-standard","has-post-thumbnail","category-ulkomaat","tag-breaking-news","tag-breakingnews","tag-chicago","tag-featured-news","tag-featurednews","tag-fi","tag-finland","tag-finnish","tag-headlines","tag-kansalliskaarti","tag-latest-news","tag-latestnews","tag-levottomuudet","tag-main-news","tag-mainnews","tag-news","tag-otsikot","tag-paauutiset","tag-sotilasoperaatiot","tag-suomi","tag-top-stories","tag-topstories","tag-ulkomaat","tag-uutiset","tag-world","tag-world-news","tag-worldnews","tag-yhdysvallat"],"share_on_mastodon":{"url":"","error":""},"_links":{"self":[{"href":"https:\/\/www.europesays.com\/fi\/wp-json\/wp\/v2\/posts\/19256","targetHints":{"allow":["GET"]}}],"collection":[{"href":"https:\/\/www.europesays.com\/fi\/wp-json\/wp\/v2\/posts"}],"about":[{"href":"https:\/\/www.europesays.com\/fi\/wp-json\/wp\/v2\/types\/post"}],"author":[{"embeddable":true,"href":"https:\/\/www.europesays.com\/fi\/wp-json\/wp\/v2\/users\/2"}],"replies":[{"embeddable":true,"href":"https:\/\/www.europesays.com\/fi\/wp-json\/wp\/v2\/comments?post=19256"}],"version-history":[{"count":0,"href":"https:\/\/www.europesays.com\/fi\/wp-json\/wp\/v2\/posts\/19256\/revisions"}],"wp:featuredmedia":[{"embeddable":true,"href":"https:\/\/www.europesays.com\/fi\/wp-json\/wp\/v2\/media\/19257"}],"wp:attachment":[{"href":"https:\/\/www.europesays.com\/fi\/wp-json\/wp\/v2\/media?parent=19256"}],"wp:term":[{"taxonomy":"category","embeddable":true,"href":"https:\/\/www.europesays.com\/fi\/wp-json\/wp\/v2\/categories?post=19256"},{"taxonomy":"post_tag","embeddable":true,"href":"https:\/\/www.europesays.com\/fi\/wp-json\/wp\/v2\/tags?post=19256"}],"curies":[{"name":"wp","href":"https:\/\/api.w.org\/{rel}","templated":true}]}}