{"id":192754,"date":"2026-03-13T00:00:10","date_gmt":"2026-03-13T00:00:10","guid":{"rendered":"https:\/\/www.europesays.com\/fi\/192754\/"},"modified":"2026-03-13T00:00:10","modified_gmt":"2026-03-13T00:00:10","slug":"farmi-suomi-frederik-putosi-ensimmaisena-jatti-jalkeensa-hammentavan-viestin","status":"publish","type":"post","link":"https:\/\/www.europesays.com\/fi\/192754\/","title":{"rendered":"Farmi Suomi: Frederik putosi ensimm\u00e4isen\u00e4 \u2013 j\u00e4tti j\u00e4lkeens\u00e4 h\u00e4mment\u00e4v\u00e4n viestin"},"content":{"rendered":"<p>\n            Farmi Suomen juontaja Susanna Laine luotsasi kisaajat ensimm\u00e4iseen kaksintaisteluun.<br \/>\n            Alpertti Rieskj\u00e4rvi\/Sanoma\n        <\/p>\n<p class=\"subtitle \">Kilpailija juoniteltiin taitavasti ulos ohjelmasta.<\/p>\n<p class=\"article-content article-content-width !bg-background\">Ensimm\u00e4inen kilpailija on h\u00e4\u00e4detty Farmi Suomesta. Nelosella t\u00e4n\u00e4\u00e4n alkaneen realitykilpailun joutui j\u00e4tt\u00e4m\u00e4\u00e4n ensimm\u00e4isen\u00e4 laulaja , 81.<\/p>\n<p class=\"font-weight-bold m-font-weight-bold article-content article-content-width !bg-background\">Video: Frederik kertoo, mik\u00e4 el\u00e4in h\u00e4n olisi.<\/p>\n<p class=\"article-content article-content-width !bg-background\">Junttidiscon kuninkaaksi itse\u00e4\u00e4n kutsuva Frederik juoniteltiin pois kisasta kahden kilpailijan tekemien peliliikkeiden ansiosta.<\/p>\n<p class=\"article-content article-content-width !bg-background\">Ensimm\u00e4inen Frederikin tuhoon johtaneista kuvioista koski majoitusta Pieks\u00e4m\u00e4ell\u00e4 sijaitsevalla maatilalla. Kilpailijat on jaettu kahteen porukkaan, josta toiset y\u00f6pyv\u00e4t tuvassa ja toiset aitassa.<\/p>\n<p class=\"article-content article-content-width !bg-background\">Putoamisen ratkaisevassa kaksintaistelussa kohtaavat tuvasta ja aitasta valitut kilpailijat.<\/p>\n<p class=\"article-content article-content-width !bg-background\">Majapaikkoja arvottaessa  tunnetulla  k\u00e4vi eritt\u00e4in huono tuuri, sill\u00e4 aittamajoituksen lis\u00e4ksi sattuma m\u00e4\u00e4r\u00e4si h\u00e4net kaksintaisteluun. Tomi p\u00e4\u00e4si kuitenkin valitsemaan itselleen vastustajan tupalaisten joukosta.<\/p>\n<p>                <img loading=\"lazy\" decoding=\"async\" src=\"https:\/\/www.europesays.com\/fi\/wp-content\/uploads\/2026\/03\/2079653.webp.jpeg\" width=\"576\" height=\"322\" title=\"Frederik aloitti Farmi-kisan torailemalla pehtoorin kanssa aikaisesta aamuher\u00e4tyksest\u00e4.\" alt=\"Frederik Farmin kuvauspaikalla.\" \/>            <\/p>\n<p>\n            Frederik aloitti Farmi-kisan torailemalla pehtoorin kanssa aikaisesta aamuher\u00e4tyksest\u00e4.<br \/>\n            Alpertti Rieskj\u00e4rvi\/Sanoma\n        <\/p>\n<p>        <a itemprop=\"url\" href=\"https:\/\/www.seiska.fi\/katso\/farmi-suomen-pehtoori-sai-frederikilta-haisevat-terveiset-nain-han-kommentoi\/2079626\" rel=\"nofollow noopener\" target=\"_blank\"><\/p>\n<p>\nFarmi Suomi\n<\/p>\n<p class=\"section-date\">\n        <strong class=\"article-section\" data-section=\"katso\"><br \/>\n            katso<br \/>\n        <\/strong><br \/>\n        18.2. 12:15\n    <\/p>\n<p>Farmi Suomen pehtoori sai Frederikilt\u00e4 haisevat terveiset \u2013 n\u00e4in h\u00e4n kommentoi\n    <\/p>\n<p itemprop=\"description\" class=\"subtitle \">\n    Varhainen aamuher\u00e4tys ei ollut konkarilaulajan mieleen Farmin ensimm\u00e4isen\u00e4 p\u00e4iv\u00e4n\u00e4.\n<\/p>\n<p>        <\/a><\/p>\n<p>Janne vaihtoi paikkoja<\/p>\n<p class=\"article-content article-content-width !bg-background\">T\u00e4ss\u00e4 vaiheessa n\u00e4htiin  peliliike, kun h\u00e4n ilmoitti haluavansa vaihtaa majoituspaikkaa Frederikin kanssa.<\/p>\n<p class=\"article-content article-content-width !bg-background\">\u2013\u00a0Me ollaan Frederikin kanssa puhuttu, ett\u00e4 h\u00e4n mielell\u00e4\u00e4n voisi tulla t\u00e4nne tuvan puolelle nukkumaan. Mua taas ei haittaisi ollenkaan menn\u00e4 tuonne aittaan, Janne sanoi.<\/p>\n<p class=\"article-content article-content-width !bg-background\">\u2013\u00a0Jannekin on niin ter\u00e4v\u00e4 kaveri, ett\u00e4 osasi taitavasti pelata tuon tilanteen. Pelasti ittens\u00e4, Tomi antoi tunnustusta.<\/p>\n<p class=\"article-content article-content-width !bg-background\">Aittaan siirtyess\u00e4\u00e4n Janne pelasti itsens\u00e4 kaksintaisteluun joutumiselta, mutta antoi samalla Tomille mahdollisuuden haastaa veteraanilaulaja.<\/p>\n<p class=\"article-content article-content-width !bg-background\">Tomi k\u00e4yttikin tilaisuuden v\u00e4litt\u00f6m\u00e4sti ja haastoi konkariartistin kaksintaisteluun.<\/p>\n<p>                <img loading=\"lazy\" decoding=\"async\" src=\"https:\/\/www.europesays.com\/fi\/wp-content\/uploads\/2026\/03\/2098859.webp.jpeg\" width=\"576\" height=\"322\" title=\"Sattuma vei Janne Naakan nukkumaan tupaan, mutta ovelan suunnitelman seurauksena majoitus vaihtuikin aittaan.\" alt=\"Janne Naakka nostaa laatikkoa.\" \/>            <\/p>\n<p>\n            Sattuma vei Janne Naakan nukkumaan tupaan, mutta ovelan suunnitelman seurauksena majoitus vaihtuikin aittaan.<br \/>\n            Alpertti Rieskj\u00e4rvi\/Sanoma\n        <\/p>\n<p>        <a itemprop=\"url\" href=\"https:\/\/www.seiska.fi\/katso\/kirsi-salo-sosiaaliset-taidot-hukassa-tv-kuvauksissa\/2085082\" rel=\"nofollow noopener\" target=\"_blank\"><\/p>\n<p>\nKirsi Salo\n<\/p>\n<p class=\"section-date\">\n        <strong class=\"article-section\" data-section=\"katso\"><br \/>\n            katso<br \/>\n        <\/strong><br \/>\n        26.2. 16:15\n    <\/p>\n<p>Kirsi Salo: Sosiaaliset taidot hukassa tv-kuvauksissa\n    <\/p>\n<p itemprop=\"description\" class=\"subtitle \">\n    Omavaraistilalla asuva Kirsi valmistautui kisaan hakkaamalla halkoja ja katsomalla aiemmat Farmi-kaudet putkeen.\n<\/p>\n<p>        <\/a><\/p>\n<p>Tomi ved\u00e4tti Frederiki\u00e4<\/p>\n<p class=\"article-content article-content-width !bg-background\">Toinen peliliike n\u00e4htiinkin sitten Tomilta, kun h\u00e4n vet\u00e4ytyi Frederikin kanssa laavulle keskustelemaan. Haastettuna Frederik sai valita lajin, jossa kaksikko kilvoittelee.<\/p>\n<p class=\"article-content article-content-width !bg-background\">Tomi pelk\u00e4si Frederikin voittavan h\u00e4net tiedoissa ja taidoissa, joten h\u00e4n manipuloi junttidiscokuninkaan valitsemaan lajiksi voimamittel\u00f6n.<\/p>\n<p class=\"article-content article-content-width !bg-background\">\u2013\u00a0Tietoa varmasti l\u00f6ytyy enemm\u00e4n. Taito riippuu t\u00e4ysin lajista. Voima on sitten meid\u00e4n yhteinen k\u00e4denv\u00e4\u00e4nt\u00f6, Tomi puntaroi lajia.<\/p>\n<p class=\"article-content article-content-width !bg-background\">Tomi muun muassa kehuskeli Frederikille opintomenestyksell\u00e4\u00e4n, kuten luonnontieteiden osaamisellaan. H\u00e4n kehui olevansa my\u00f6s taitava, sill\u00e4 h\u00e4n on harrastanut j\u00e4\u00e4kiekkoa, jalkapalloa ja salibandya.<\/p>\n<p class=\"article-content article-content-width !bg-background\">\u2013\u00a0Ihan t\u00e4ytt\u00e4 bluffia tuo. En m\u00e4 mist\u00e4\u00e4n mit\u00e4\u00e4n tied\u00e4. M\u00e4 yrit\u00e4n johtaa Reetua tiettyyn suuntaan, Tomi naureskeli iskelm\u00e4orin sel\u00e4n takana.<\/p>\n<p class=\"article-content article-content-width !bg-background\">Tomi my\u00f6s v\u00e4h\u00e4tteli voimiaan ja v\u00e4itti, ettei ole k\u00e4ynyt kuntosalilla kahteen vuoteen.<\/p>\n<p>                <img loading=\"lazy\" decoding=\"async\" src=\"https:\/\/www.europesays.com\/fi\/wp-content\/uploads\/2026\/03\/2098852.webp.jpeg\" width=\"576\" height=\"720\" title=\"H\u00e4\u00e4rij\u00e4n\u00e4 tunnettu Tomi H\u00e4pp\u00f6l\u00e4 pelasi Frederikin ulos kisasta manipuloinnin ja voiman avulla.\" alt=\"H\u00e4\u00e4rij\u00e4 eli Tomi H\u00e4pp\u00f6l\u00e4 K\u00e4\u00e4rij\u00e4-paita p\u00e4\u00e4ll\u00e4\u00e4n.\" \/>            <\/p>\n<p>\n            H\u00e4\u00e4rij\u00e4n\u00e4 tunnettu Tomi H\u00e4pp\u00f6l\u00e4 pelasi Frederikin ulos kisasta manipuloinnin ja voiman avulla.<br \/>\n            Alpertti Rieskj\u00e4rvi\/Sanoma\n        <\/p>\n<p>        <a itemprop=\"url\" href=\"https:\/\/www.seiska.fi\/katso\/haarija-paljastaa-todelliset-kasvonsa-farmi-suomessa\/2080172\" rel=\"nofollow noopener\" target=\"_blank\"><\/p>\n<p>\nFarmi Suomi\n<\/p>\n<p class=\"section-date\">\n        <strong class=\"article-section\" data-section=\"katso\"><br \/>\n            katso<br \/>\n        <\/strong><br \/>\n        23.2. 07:15\n    <\/p>\n<p>H\u00e4\u00e4rij\u00e4 paljastaa todelliset kasvonsa Farmi Suomessa\n    <\/p>\n<p itemprop=\"description\" class=\"subtitle \">\n    H\u00e4\u00e4rij\u00e4n pottakampauksen alla pillee Tomi H\u00e4pp\u00f6l\u00e4, joka on mukana tulevalla Farmi Suomi -kaudella.\n<\/p>\n<p>        <\/a><\/p>\n<p>Kummallinen kirje kanssakisaajille<\/p>\n<p class=\"article-content article-content-width !bg-background\">Johdattelun seurauksena Frederik valitsi lajiksi voiman, joka oli t\u00e4ll\u00e4 kertaa k\u00f6ydenveto. Kovan v\u00e4\u00e4nn\u00f6n j\u00e4lkeen Tomi p\u00e4ihitti Frederikin n\u00e4ytt\u00e4v\u00e4sti.\u00a0<\/p>\n<p class=\"article-content article-content-width !bg-background\">L\u00e4ksi\u00e4isiksi Tomi antoi Frederikille H\u00e4\u00e4rij\u00e4-alushousut.<\/p>\n<p class=\"article-content article-content-width !bg-background\">\u2013\u00a0T\u00e4m\u00e4 mun uloslent\u00e4minen tuli \u00e4kki\u00e4.\u00a0T\u00e4m\u00e4h\u00e4n oli aivan j\u00e4risytt\u00e4v\u00e4 kokemus, Frederik kuvaili lyhytt\u00e4 Farmi-aikaansa.<\/p>\n<p class=\"article-content article-content-width !bg-background\">Ennen l\u00e4ht\u00f6\u00e4\u00e4n Frederik kirjoitti j\u00e4ljelle j\u00e4\u00e4neille kilpailijoille h\u00e4mment\u00e4v\u00e4n kirjeen.<\/p>\n<p class=\"article-content article-content-width !bg-background\">\u2013\u00a0Mukanamme on pari tummaihoista poikaa, jotka ovat my\u00f6s jonkinlaisia julkkiksia. Meill\u00e4 oli hauskat jutut. Terveiset muun muassa heille, Frederik kirjoitti.<\/p>\n<p class=\"article-content article-content-width !bg-background\">\u2013\u00a0Farmilaisia tytt\u00f6j\u00e4 on n\u00e4ttej\u00e4 monenmoisia. N\u00e4in j\u00e4t\u00e4nkin pojille v\u00e4h\u00e4n silm\u00e4niloa maat\u00f6iden ohessa.<\/p>\n<p>                <img decoding=\"async\" src=\"https:\/\/www.europesays.com\/fi\/wp-content\/uploads\/2026\/03\/2098844.webp.jpeg\" width=\"576\" height=\"274\" title=\"P\u00f6yd\u00e4n p\u00e4\u00e4ss\u00e4 istuvat Frederik (vas.) ja Jucci Hellstr\u00f6m (oik.). Frederikin puolella p\u00f6yt\u00e4\u00e4 istuu my\u00f6s Tidj\u00e2n Ba (lippis p\u00e4\u00e4ss\u00e4).\" alt=\"Farmilaiset istuvat pirtiss\u00e4 p\u00f6yd\u00e4n ymp\u00e4rill\u00e4.\" loading=\"lazy\" \/>            <\/p>\n<p>\n            P\u00f6yd\u00e4n p\u00e4\u00e4ss\u00e4 istuvat Frederik (vas.) ja Jucci Hellstr\u00f6m (oik.). Frederikin puolella p\u00f6yt\u00e4\u00e4 istuu my\u00f6s Tidj\u00e2n Ba (lippis p\u00e4\u00e4ss\u00e4).<br \/>\n            Alpertti Rieskj\u00e4rvi\/Sanoma\n        <\/p>\n<p class=\"italic m-italic article-content article-content-width !bg-background\">Farmi Suomi Nelosella torstaisin kello 20.00. Ruutu+:ssa on 12.3. julkaistu kaksi ensimm\u00e4ist\u00e4 jaksoa.<\/p>\n<p>        <a itemprop=\"url\" href=\"https:\/\/www.seiska.fi\/katso\/susanna-laine-totuus-farmi-suomen-kulisseista\/2079959\" rel=\"nofollow noopener\" target=\"_blank\"><\/p>\n<p>\nSusanna Laine\n<\/p>\n<p class=\"section-date\">\n        <strong class=\"article-section\" data-section=\"katso\"><br \/>\n            katso<br \/>\n        <\/strong><br \/>\n        19.2. 15:15\n    <\/p>\n<p>Susanna Laine: Totuus Farmi Suomen kulisseista\n    <\/p>\n<p itemprop=\"description\" class=\"subtitle \">\n    Juontaja paljastaa, miten itse menestyisi kilpailijana.\n<\/p>\n<p>        <\/a><\/p>\n","protected":false},"excerpt":{"rendered":"Farmi Suomen juontaja Susanna Laine luotsasi kisaajat ensimm\u00e4iseen kaksintaisteluun. Alpertti Rieskj\u00e4rvi\/Sanoma Kilpailija juoniteltiin taitavasti ulos ohjelmasta. Ensimm\u00e4inen kilpailija&hellip;\n","protected":false},"author":2,"featured_media":192755,"comment_status":"","ping_status":"","sticky":false,"template":"","format":"standard","meta":{"footnotes":"","_share_on_mastodon":"0"},"categories":[136],"tags":[407,137,1762,33,31,30,1759,18071,408,29999,1758,2385,2158,32,28218,109],"class_list":["post-192754","post","type-post","status-publish","format-standard","has-post-thumbnail","category-julkkikset","tag-celebrities","tag-entertainment","tag-farmi-suomi","tag-fi","tag-finland","tag-finnish","tag-frederik","tag-janne-naakka","tag-julkkikset","tag-kaksintaistelu","tag-nelonen","tag-reality","tag-ruutu","tag-suomi","tag-tomi-happola","tag-viihde"],"share_on_mastodon":{"url":"https:\/\/pubeurope.com\/@fi\/116218929404935587","error":""},"_links":{"self":[{"href":"https:\/\/www.europesays.com\/fi\/wp-json\/wp\/v2\/posts\/192754","targetHints":{"allow":["GET"]}}],"collection":[{"href":"https:\/\/www.europesays.com\/fi\/wp-json\/wp\/v2\/posts"}],"about":[{"href":"https:\/\/www.europesays.com\/fi\/wp-json\/wp\/v2\/types\/post"}],"author":[{"embeddable":true,"href":"https:\/\/www.europesays.com\/fi\/wp-json\/wp\/v2\/users\/2"}],"replies":[{"embeddable":true,"href":"https:\/\/www.europesays.com\/fi\/wp-json\/wp\/v2\/comments?post=192754"}],"version-history":[{"count":0,"href":"https:\/\/www.europesays.com\/fi\/wp-json\/wp\/v2\/posts\/192754\/revisions"}],"wp:featuredmedia":[{"embeddable":true,"href":"https:\/\/www.europesays.com\/fi\/wp-json\/wp\/v2\/media\/192755"}],"wp:attachment":[{"href":"https:\/\/www.europesays.com\/fi\/wp-json\/wp\/v2\/media?parent=192754"}],"wp:term":[{"taxonomy":"category","embeddable":true,"href":"https:\/\/www.europesays.com\/fi\/wp-json\/wp\/v2\/categories?post=192754"},{"taxonomy":"post_tag","embeddable":true,"href":"https:\/\/www.europesays.com\/fi\/wp-json\/wp\/v2\/tags?post=192754"}],"curies":[{"name":"wp","href":"https:\/\/api.w.org\/{rel}","templated":true}]}}