{"id":19278,"date":"2025-08-29T02:04:08","date_gmt":"2025-08-29T02:04:08","guid":{"rendered":"https:\/\/www.europesays.com\/fi\/19278\/"},"modified":"2025-08-29T02:04:08","modified_gmt":"2025-08-29T02:04:08","slug":"liikennekaaos-sekoitti-tampereen-keskustan-tunneiksi-keskiviikkona-nyt-tiesulkujen-ajankohtaa-muutettiin-kotimaa","status":"publish","type":"post","link":"https:\/\/www.europesays.com\/fi\/19278\/","title":{"rendered":"Liikennekaaos sekoitti Tampereen keskustan tunneiksi keskiviikkona \u2013 nyt tiesulkujen ajankohtaa muutettiin | Kotimaa"},"content":{"rendered":"<p class=\"sc-jYczwO sc-dNFkOE bUKqJd eiHPxO yle__article__paragraph\">Tampereen keskusta ruuhkautui pahasti koripallon EM-kisojen avajaisp\u00e4iv\u00e4n\u00e4 keskiviikkona. Nyt ruuhkiin etsit\u00e4\u00e4n helpotusta my\u00f6h\u00e4ist\u00e4m\u00e4ll\u00e4 katusulkuja.<\/p>\n<p><img decoding=\"async\" alt=\"Keskustan liikennej\u00e4rjestelyt ovat v\u00e4liaikaisesti muutettu johtuen alueella meneill\u00e4\u00e4n olevista tiety\u00f6maista. Kulkuv\u00e4yl\u00e4t on rajattu keltaisilla kaiteilla, ja katualueella n\u00e4kyy liikennemerkkien sek\u00e4 valo-ohjausten opastavan autoilijoita ja jalankulkijoita.\" src=\"https:\/\/www.europesays.com\/fi\/wp-content\/uploads\/2025\/08\/39-151389168b032a2511ae.jpeg\" class=\"sc-dntSTA iywpZY\"\/><\/p>\n<p>Avaa kuvien katselu<\/p>\n<p>Yksi keskiviikkoisen liikenneruuhkan syist\u00e4 l\u00f6ytyy tiety\u00f6maista. Sellainen l\u00f6ytyy esimerkiksi Tampereen areenan l\u00e4hist\u00f6lt\u00e4 Vuolteenkadulta. Kuva: Juha Kokkala \/ Yle<\/p>\n<p>28.8. 14:23\u2022P\u00e4ivitetty 28.8. 15:33<\/p>\n<p class=\"sc-jYczwO sc-ciCoXh bUKqJd cIOueB yle__article__paragraph\">Tampereen kaupunki siirt\u00e4\u00e4 <a class=\"sc-jDJeIs gotUgl yle__article__link\" href=\"https:\/\/yle.fi\/a\/74-20179493\" role=\"link\" rel=\"nofollow noopener\" target=\"_blank\">katusulkujen <\/a>alkua my\u00f6hemm\u00e4ksi, jotta iltap\u00e4iv\u00e4ruuhkat saataisiin kuriin.<\/p>\n<p class=\"sc-jYczwO sc-ciCoXh bUKqJd cIOueB yle__article__paragraph\">Tampereen kaupunkiymp\u00e4rist\u00f6n palvelualuejohtaja <strong class=\"sc-eEHciv gtNhAX yle__article__strong\">Mikko Nurminen<\/strong> kertoo, ett\u00e4 huomenna perjantaina laaja katusulku alkaa vasta kello 18.30 ja lauantaina kello 12. Ensi viikon maanantaina katusulku alkaa kello 18 ja keskiviikkona kello 18.30.<\/p>\n<p class=\"sc-jYczwO sc-ciCoXh bUKqJd cIOueB yle__article__paragraph\">Tampereen keskusta ruuhkautui eilen keskiviikkona pahoin moneksi tunniksi. H\u00e4meenkadulla seisoi pys\u00e4htyneen\u00e4 useita linja-autoja ja raitiovaunuja.<\/p>\n<p><img decoding=\"async\" alt=\"Jono busseja seisoo Tampereen H\u00e4meenkadulla. Jalkak\u00e4yt\u00e4v\u00e4ll\u00e4 on tilannetta seuraavia ja kuvaavia ihmisi\u00e4.\" src=\"https:\/\/www.europesays.com\/fi\/wp-content\/uploads\/2025\/08\/39-151340768af2db788220.jpeg\" class=\"sc-dntSTA iywpZY\"\/><\/p>\n<p class=\"sc-jYczwO sc-ciCoXh bUKqJd cIOueB yle__article__paragraph\">Eilist\u00e4 liikenneruuhkaa on Nurmisen mukaan puitu jo illalla, sek\u00e4 t\u00e4n\u00e4 aamuna pormestari <strong class=\"sc-eEHciv gtNhAX yle__article__strong\">Ilmari Nurmisen<\/strong> johdolla.<\/p>\n<p class=\"sc-jYczwO sc-ciCoXh bUKqJd cIOueB yle__article__paragraph\">Vaikka jonkinlaiset ruuhkat olivat odotettavissa, tuli liikennekaaos Mikko Nurmisen mukaan yll\u00e4tyksen\u00e4. H\u00e4n kertoo, ett\u00e4 ruuhkautuminen oli monen asian summa.<\/p>\n<p class=\"sc-jYczwO sc-ciCoXh bUKqJd cIOueB yle__article__paragraph\">\u2013 Keskeinen syy oli luultavasti Vuolteenkadun sulku ruuhka-aikana. Liikenteess\u00e4 oli my\u00f6s pys\u00e4htyneen\u00e4 yksitt\u00e4isi\u00e4 autoja h\u00e4t\u00e4vilkut p\u00e4\u00e4ll\u00e4. Liikenteess\u00e4 oli varmasti ihmisi\u00e4, jotka eiv\u00e4t tunne Tampereen liikennett\u00e4 ja ovat ehk\u00e4 aiheuttaneet ongelmia, h\u00e4n sanoo.<\/p>\n<p class=\"sc-jYczwO sc-ciCoXh bUKqJd cIOueB yle__article__paragraph\">Tampereen areenalla on j\u00e4rjestetty viime vuosina paljon isoja tapahtumia, muun muassa j\u00e4\u00e4kiekon MM-kisat vuosina 2022 ja 2023. Silloin vastaavanlaista ongelmaa ei ollut.<\/p>\n<p class=\"sc-jYczwO sc-ciCoXh bUKqJd cIOueB yle__article__paragraph\">\u2013 Nyt Tampereen ydinkeskustan l\u00e4heisyydess\u00e4 on enemm\u00e4n tiety\u00f6maita, kuten ratikkaty\u00f6maa. Olemme painottaneet, ett\u00e4 ty\u00f6maaj\u00e4rjestelyjen ja reittiohjeistusten tulisi olla hyvin selkeit\u00e4, ettei aiheutuisi lis\u00e4h\u00e4iri\u00f6it\u00e4, Mikko Nurminen sanoo.<\/p>\n<p class=\"sc-jYczwO sc-ciCoXh bUKqJd cIOueB yle__article__paragraph\">Nurminen painottaa, ett\u00e4 Tampereelle on iso etu, ett\u00e4 areena on ydinkeskustassa. Tapahtumien aikaan se kuitenkin tulee n\u00e4kym\u00e4\u00e4n arjessa.<\/p>\n<p class=\"sc-jYczwO sc-ciCoXh bUKqJd cIOueB yle__article__paragraph\">\u2013 Vaikka tilannetta korjataan, kenenk\u00e4\u00e4n ei pid\u00e4 olettaa, ett\u00e4 arki on ihan samanlaista kun kaupungissa on valtavan iso tapahtuma. Emme voi luvata, ett\u00e4 liikenne soljuisi kuten normaalina arkip\u00e4iv\u00e4n\u00e4. Yrit\u00e4mme kuitenkin parantaa ja oppia.<\/p>\n<p class=\"sc-jYczwO sc-ciCoXh bUKqJd cIOueB yle__article__paragraph\">Katusulkujen siirt\u00e4minen my\u00f6hemm\u00e4ksi vaikuttaa my\u00f6s bussien poikkeusreittien ajankohtiin.<\/p>\n<p class=\"sc-jYczwO sc-ciCoXh bUKqJd cIOueB yle__article__paragraph\">Alkuper\u00e4isen suunnitelman mukaan poikkeusreitit oli tarkoitus aloittaa jo puoliltap\u00e4ivin kaikkina kisap\u00e4ivin\u00e4.<\/p>\n<p class=\"sc-jYczwO sc-ciCoXh bUKqJd cIOueB yle__article__paragraph\">Nyt poikkeusreitit ovat voimassa perjantaina kello 18.30\u201300, lauantaina kello 12\u201300, maanantaina kello 18\u201300 ja keskiviikkona kello 18.30\u201300.<\/p>\n","protected":false},"excerpt":{"rendered":"Tampereen keskusta ruuhkautui pahasti koripallon EM-kisojen avajaisp\u00e4iv\u00e4n\u00e4 keskiviikkona. Nyt ruuhkiin etsit\u00e4\u00e4n helpotusta my\u00f6h\u00e4ist\u00e4m\u00e4ll\u00e4 katusulkuja. Avaa kuvien katselu Yksi&hellip;\n","protected":false},"author":2,"featured_media":19279,"comment_status":"","ping_status":"","sticky":false,"template":"","format":"standard","meta":{"footnotes":""},"categories":[12],"tags":[22,23,26,27,33,31,30,6895,17,1164,71,24,25,1161,6893,28,29,15,18,21,553,32,551,128,6894,19,20,16],"class_list":{"0":"post-19278","1":"post","2":"type-post","3":"status-publish","4":"format-standard","5":"has-post-thumbnail","7":"category-suomi","8":"tag-breaking-news","9":"tag-breakingnews","10":"tag-featured-news","11":"tag-featurednews","12":"tag-fi","13":"tag-finland","14":"tag-finnish","15":"tag-hameenkatu","16":"tag-headlines","17":"tag-joukkoliikenne","18":"tag-kotimaa","19":"tag-latest-news","20":"tag-latestnews","21":"tag-liikenne","22":"tag-liikenneruuhkat","23":"tag-main-news","24":"tag-mainnews","25":"tag-news","26":"tag-otsikot","27":"tag-paauutiset","28":"tag-pirkanmaa","29":"tag-suomi","30":"tag-tampere","31":"tag-tieliikenne","32":"tag-tieliikennehairiot","33":"tag-top-stories","34":"tag-topstories","35":"tag-uutiset"},"share_on_mastodon":{"url":"","error":""},"_links":{"self":[{"href":"https:\/\/www.europesays.com\/fi\/wp-json\/wp\/v2\/posts\/19278","targetHints":{"allow":["GET"]}}],"collection":[{"href":"https:\/\/www.europesays.com\/fi\/wp-json\/wp\/v2\/posts"}],"about":[{"href":"https:\/\/www.europesays.com\/fi\/wp-json\/wp\/v2\/types\/post"}],"author":[{"embeddable":true,"href":"https:\/\/www.europesays.com\/fi\/wp-json\/wp\/v2\/users\/2"}],"replies":[{"embeddable":true,"href":"https:\/\/www.europesays.com\/fi\/wp-json\/wp\/v2\/comments?post=19278"}],"version-history":[{"count":0,"href":"https:\/\/www.europesays.com\/fi\/wp-json\/wp\/v2\/posts\/19278\/revisions"}],"wp:featuredmedia":[{"embeddable":true,"href":"https:\/\/www.europesays.com\/fi\/wp-json\/wp\/v2\/media\/19279"}],"wp:attachment":[{"href":"https:\/\/www.europesays.com\/fi\/wp-json\/wp\/v2\/media?parent=19278"}],"wp:term":[{"taxonomy":"category","embeddable":true,"href":"https:\/\/www.europesays.com\/fi\/wp-json\/wp\/v2\/categories?post=19278"},{"taxonomy":"post_tag","embeddable":true,"href":"https:\/\/www.europesays.com\/fi\/wp-json\/wp\/v2\/tags?post=19278"}],"curies":[{"name":"wp","href":"https:\/\/api.w.org\/{rel}","templated":true}]}}