{"id":192996,"date":"2026-03-13T07:53:11","date_gmt":"2026-03-13T07:53:11","guid":{"rendered":"https:\/\/www.europesays.com\/fi\/192996\/"},"modified":"2026-03-13T07:53:11","modified_gmt":"2026-03-13T07:53:11","slug":"lordi-sai-ylen-tylysta-torjunnasta-huikeasti-palstatilaa-kiitos-umk","status":"publish","type":"post","link":"https:\/\/www.europesays.com\/fi\/192996\/","title":{"rendered":"Lordi sai Ylen tylyst\u00e4 torjunnasta huikeasti palstatilaa: &#8221;Kiitos UMK!&#8221;"},"content":{"rendered":"<p>Lordi nousi viisuvoittoon kev\u00e4\u00e4ll\u00e4 2006. Kun viisuvoitosta tulee nyt tasavuosia, b\u00e4ndin esiintyminen oli toiveissa t\u00e4m\u00e4n vuoden Uuden Musiikin Kilpailussa. Toisin kuitenkin k\u00e4vi. N\u00e4in Mr. Lordi eli <strong>Tomi Putaansuu<\/strong> kommentoi kohua ja kuulumisia.<\/p>\n<p>Yle torppasi Lordin esiintymisen UMK-finaalissa, mit\u00e4 ajattelit tapahtuneesta?<\/p>\n<p>\u201dOlo oli v\u00e4h\u00e4n h\u00e4mmentynyt ja hyljeksitty, ett\u00e4 pit\u00e4\u00e4k\u00f6 t\u00e4ss\u00e4 painaa leuka rintaan. Mietin, etteik\u00f6 se viisuvoitto 20 vuotta sitten olekaan en\u00e4\u00e4 niin kova juttu.<\/p>\n<p>T\u00e4m\u00e4 huomio tuli v\u00e4h\u00e4n pyyt\u00e4m\u00e4tt\u00e4 ja yll\u00e4tt\u00e4en, kun Ylen torjunta selvisi. Olimme tarjoutuneet pariinkin otteeseen esiintyjiksi Uuden Musiikin Kilpailuun, ja er\u00e4s toimittaja sai siit\u00e4 vihi\u00e4.<\/p>\n<p>Emme me olleet vihaisia Ylelle, mutta torjunta tuntui v\u00e4h\u00e4n surulliselta. Min\u00e4 kun kiroilen aika paljon, se paisui v\u00e4h\u00e4n sellaiseksi Lordi jyr\u00e4ht\u00e4\u00e4 -jutuksi. Ei se tarkoita, ett\u00e4 olisin pahalla p\u00e4\u00e4ll\u00e4.<\/p>\n<p>Olimme naiivisti ajatelleet, ett\u00e4 tietenkin meid\u00e4t huolitaan viisukarsintoihin esiintym\u00e4\u00e4n. L\u00e4mmitti mielt\u00e4, ett\u00e4 iso osa tv-katsojista oli samaa mielt\u00e4. <\/p>\n<p>Meille t\u00e4m\u00e4 meni lopulta komeasti. Kiitos vaan UMK, ett\u00e4 saimme Lordille paljon palstatilaa.\u201d \u00a0<\/p>\n<p><a href=\"https:\/\/seura.fi\/ilmiot\/historia\/suomen-euroviisuedustajat\/\" rel=\"nofollow noopener\" target=\"_blank\">Lue my\u00f6s: Suomen euroviisukirous kesti 40 vuotta, kunnes ensimm\u00e4inen voitto heltisi Ateenassa \u2013 T\u00e4llainen on ollut viisuedustajiemme tuskien taival<\/a><\/p>\n<p>    <a href=\"https:\/\/seura.fi\/wp-content\/uploads\/2025\/05\/se70158ky_56-scaled.jpg\" rel=\"nofollow noopener\" target=\"_blank\"><img loading=\"lazy\" decoding=\"async\" alt=\"Lordi voitti Euroviisut vuonna 2006.\" class=\"wp-image-2112702 awpo-lqip awpo-lazy\" width=\"2560\" height=\"1707\" style=\"--aspect-ratio: 1.5\" src=\"https:\/\/www.europesays.com\/fi\/wp-content\/uploads\/2026\/03\/se70158ky_56-scaled.jpg\"\/><\/a><br \/>\n      Lordi voitti Euroviisut vuonna 2006.      <\/p>\n<p>          \u00a9 Otavamedia        <\/p>\n<p>Lordi keikkailee paljon my\u00f6s ulkomailla. Onko joku eri maiden fanikulttuureissa yll\u00e4tt\u00e4nyt?<\/p>\n<p>\u201dIhmisiss\u00e4, kansoissa, fanikulttuureissa ja yleis\u00f6iss\u00e4 on eroja, joista osa on aika streotyyppisi\u00e4kin. Mit\u00e4 etel\u00e4mm\u00e4s menn\u00e4\u00e4n, Espanja-Italia-sektorille, jengi on villimp\u00e4\u00e4. Ollaan niin sanotusti ihan p\u00e4hkin\u00f6in\u00e4.<\/p>\n<p>Saksassa keikoilla ollaan hillitymmin, ihan kuten Suomessakin. On enemm\u00e4n rock-poliiseja, joka ny\u00f6kyttelev\u00e4t hyv\u00e4ksyv\u00e4sti musiikin tahtiin, k\u00e4det puuskassa.<\/p>\n<p>Suurimmat erot l\u00f6yt\u00e4\u00e4kseen pit\u00e4\u00e4 menn\u00e4 aika paljon kauemmaksi. Kaikki Japanissa keikkailleet b\u00e4ndit tiet\u00e4v\u00e4t, ett\u00e4 siell\u00e4 on ihan omanlaisensa kulttuuri. Jos keikka alkaa kello 20, kello 19.59 siell\u00e4 voi seista tuhansia ihmisi\u00e4 yleis\u00f6ss\u00e4 ihan hiljaa. Kun kello ly\u00f6 tasan, yleis\u00f6 alkaa huutaa, ett\u00e4 jee jee. Sit\u00e4 kest\u00e4\u00e4 puoli minuuttia, ja jos b\u00e4ndi ei ole silloin lavalla, yleis\u00f6 h\u00e4mmentyy. Japanilainen j\u00e4mptiys on aika h\u00e4mm\u00e4stytt\u00e4v\u00e4\u00e4.<\/p>\n<p>Japanissa j\u00e4nn\u00e4 piirre on my\u00f6s se, ett\u00e4 Cosplay-kulttuuri n\u00e4kyy siin\u00e4, miten keikoille pukeudutaan. Laitetaan tukka pystyyn ja heviliivit p\u00e4\u00e4lle. Mutta kun keikka loppuu, kamat pakataan kassiin ja vaihdetaan siistit vaatteet kotimatkalle.\u201d<\/p>\n<p>Onko joku kohtaaminen ollut Lordi-hommissa vuosien varrelta erityinen?<\/p>\n<p>\u201dTeen b\u00e4ndihommia ja musiikkia yht\u00e4 ihmist\u00e4 ajatellen. Olen Lordin suurin fani, ja t\u00e4rke\u00e4\u00e4 on vain se, ett\u00e4 itse tykk\u00e4\u00e4n. Minua ei kiinnostaa, tykk\u00e4\u00e4v\u00e4tk\u00f6 fanit tai pahoittaako joku mielens\u00e4. Se on plussaa, jos muutkin pit\u00e4v\u00e4t siit\u00e4, mit\u00e4 me b\u00e4ndin\u00e4 teemme.<\/p>\n<p>On tuntunut hienolta, kun omista idoleista on tullut kollegoja, kavereita ja yst\u00e4vi\u00e4, ja he osoittavat hyv\u00e4ksynt\u00e4\u00e4. Yksi hienoimmista muistoista on, kun Twisted Sisterin laulaja <strong>Dee Snider<\/strong> tuli viimeisell\u00e4 keikallaan halaamaan minua ja sanoi, ett\u00e4 \u201dYou can take it from here\u201d \u2013 Sin\u00e4 voit jatkaa t\u00e4st\u00e4.\u201d<\/p>\n<p><a href=\"https:\/\/seura.fi\/ilmiot\/historia\/lordi-voitti-euroviisut-vuonna-2006\/\" rel=\"nofollow noopener\" target=\"_blank\">Lue my\u00f6s: Lordi mursi Suomen euroviisukirouksen vuonna 2006 \u2013 Muistatko n\u00e4m\u00e4 pedot ja Hard Rock Hallelujah -viisukappaleen sanat?<\/a><\/p>\n","protected":false},"excerpt":{"rendered":"Lordi nousi viisuvoittoon kev\u00e4\u00e4ll\u00e4 2006. Kun viisuvoitosta tulee nyt tasavuosia, b\u00e4ndin esiintyminen oli toiveissa t\u00e4m\u00e4n vuoden Uuden Musiikin&hellip;\n","protected":false},"author":2,"featured_media":192997,"comment_status":"","ping_status":"","sticky":false,"template":"","format":"standard","meta":{"footnotes":"","_share_on_mastodon":"0"},"categories":[132],"tags":[137,27836,909,33,31,30,23498,195,47,32,906,109],"class_list":["post-192996","post","type-post","status-publish","format-standard","has-post-thumbnail","category-musiikki","tag-entertainment","tag-euroviisukarsinnat","tag-euroviisut","tag-fi","tag-finland","tag-finnish","tag-lordi","tag-music","tag-musiikki","tag-suomi","tag-umk","tag-viihde"],"share_on_mastodon":{"url":"https:\/\/pubeurope.com\/@fi\/116220789204741725","error":""},"_links":{"self":[{"href":"https:\/\/www.europesays.com\/fi\/wp-json\/wp\/v2\/posts\/192996","targetHints":{"allow":["GET"]}}],"collection":[{"href":"https:\/\/www.europesays.com\/fi\/wp-json\/wp\/v2\/posts"}],"about":[{"href":"https:\/\/www.europesays.com\/fi\/wp-json\/wp\/v2\/types\/post"}],"author":[{"embeddable":true,"href":"https:\/\/www.europesays.com\/fi\/wp-json\/wp\/v2\/users\/2"}],"replies":[{"embeddable":true,"href":"https:\/\/www.europesays.com\/fi\/wp-json\/wp\/v2\/comments?post=192996"}],"version-history":[{"count":0,"href":"https:\/\/www.europesays.com\/fi\/wp-json\/wp\/v2\/posts\/192996\/revisions"}],"wp:featuredmedia":[{"embeddable":true,"href":"https:\/\/www.europesays.com\/fi\/wp-json\/wp\/v2\/media\/192997"}],"wp:attachment":[{"href":"https:\/\/www.europesays.com\/fi\/wp-json\/wp\/v2\/media?parent=192996"}],"wp:term":[{"taxonomy":"category","embeddable":true,"href":"https:\/\/www.europesays.com\/fi\/wp-json\/wp\/v2\/categories?post=192996"},{"taxonomy":"post_tag","embeddable":true,"href":"https:\/\/www.europesays.com\/fi\/wp-json\/wp\/v2\/tags?post=192996"}],"curies":[{"name":"wp","href":"https:\/\/api.w.org\/{rel}","templated":true}]}}