{"id":19305,"date":"2025-08-29T02:55:10","date_gmt":"2025-08-29T02:55:10","guid":{"rendered":"https:\/\/www.europesays.com\/fi\/19305\/"},"modified":"2025-08-29T02:55:10","modified_gmt":"2025-08-29T02:55:10","slug":"hessenin-prinsessa-dorothea-on-kuollut","status":"publish","type":"post","link":"https:\/\/www.europesays.com\/fi\/19305\/","title":{"rendered":"Hessenin prinsessa Dorothea on kuollut"},"content":{"rendered":"<p>Kuningas Charlesin vanhin serkku kuoli t\u00e4ll\u00e4 viikolla.<\/p>\n<p><img decoding=\"async\" class=\"image image-show image-preview\" src=\"https:\/\/www.europesays.com\/fi\/wp-content\/uploads\/2025\/08\/043dfdf43f15cc472bc7db30d66b79b5d04f4a3e362806d738f3b573cef40400.jpg\" alt=\"\"\/><img decoding=\"async\" class=\"image image-show\" src=\"https:\/\/www.europesays.com\/fi\/wp-content\/uploads\/2025\/08\/1756436110_570_043dfdf43f15cc472bc7db30d66b79b5d04f4a3e362806d738f3b573cef40400.jpg\" alt=\"\"\/><\/p>\n<p>Hessenin prinsessa Dorothea ja h\u00e4nen miehens\u00e4 Windisch-Graetzin prinssi Friedrich meniv\u00e4t naimisiin vuonna 1959.<br \/>\n AOP<\/p>\n<p class=\"paragraph\">Hessenin prinsessa <strong>Dorothea<\/strong> kuoli t\u00e4m\u00e4n viikon maanantaina Belgiassa.<\/p>\n<p class=\"paragraph\">H\u00e4n oli kuollessaan 91-vuotias.<\/p>\n<p class=\"paragraph\">Asiasta uutisoi muun muassa <a href=\"https:\/\/www.tatler.com\/article\/remembering-princess-dorothea-of-hesse-obituary\" rel=\"noopener nofollow\" target=\"_blank\">Tatler-sivusto<\/a>.<\/p>\n<p class=\"paragraph\">Dorothea oli kuningas <a href=\"https:\/\/www.iltalehti.fi\/henkilot\/Charles III\" class=\"article-link-person-page\" rel=\"nofollow noopener\" target=\"_blank\">Charlesin<\/a> vanhin serkku. Prinssi <a href=\"https:\/\/www.iltalehti.fi\/henkilot\/Prinssi Philip, Edinburghin herttua\" class=\"article-link-person-page\" rel=\"nofollow noopener\" target=\"_blank\">Philip<\/a> oli h\u00e4nen enonsa.<\/p>\n<p class=\"paragraph\">Dorotheaa on pidetty linkin brittihovin ja mannereurooppalaisten hovien v\u00e4lill\u00e4.<\/p>\n<p class=\"paragraph\">Dorothea syntyi Saksassa hein\u00e4kuussa 1934.<\/p>\n<p class=\"paragraph\">H\u00e4n vietti Lontoossa paljon aikaa erityisesti 1950-luvulla ja vieraili usein Buckinghamin palatsissa. Dorothea ty\u00f6skenteli jonkin aikaa lontoolaisessa antiikkiliikkeess\u00e4 1950-luvulla.<\/p>\n<p class=\"paragraph\">Dorothea meni vuonna 1959 naimisiin Windisch-Gr\u00e4tzin prinssin Friedrichin kanssa. H\u00e4iss\u00e4 oli vieraita useista eri hoveista ymp\u00e4ri Eurooppaa. He saivat kaksi tyt\u00e4rt\u00e4.<\/p>\n<p class=\"paragraph\">Perhe asui pitk\u00e4\u00e4n Italiassa, jossa Friedrich ty\u00f6skenteli liikemiehen\u00e4. H\u00e4n kuoli vuonna 2002.<\/p>\n","protected":false},"excerpt":{"rendered":"Kuningas Charlesin vanhin serkku kuoli t\u00e4ll\u00e4 viikolla. Hessenin prinsessa Dorothea ja h\u00e4nen miehens\u00e4 Windisch-Graetzin prinssi Friedrich meniv\u00e4t naimisiin&hellip;\n","protected":false},"author":2,"featured_media":19306,"comment_status":"","ping_status":"","sticky":false,"template":"","format":"standard","meta":{"footnotes":""},"categories":[14],"tags":[35,22,23,654,26,27,33,31,30,17,653,652,24,25,28,29,15,18,21,98,32,19,20,56,16,59,60,61,3006],"class_list":{"0":"post-19305","1":"post","2":"type-post","3":"status-publish","4":"format-standard","5":"has-post-thumbnail","7":"category-ulkomaat","8":"tag-24h","9":"tag-breaking-news","10":"tag-breakingnews","11":"tag-britannian-kuningashuone","12":"tag-featured-news","13":"tag-featurednews","14":"tag-fi","15":"tag-finland","16":"tag-finnish","17":"tag-headlines","18":"tag-julkkisperheet","19":"tag-kuninkaalliset","20":"tag-latest-news","21":"tag-latestnews","22":"tag-main-news","23":"tag-mainnews","24":"tag-news","25":"tag-otsikot","26":"tag-paauutiset","27":"tag-perhe","28":"tag-suomi","29":"tag-top-stories","30":"tag-topstories","31":"tag-ulkomaat","32":"tag-uutiset","33":"tag-world","34":"tag-world-news","35":"tag-worldnews","36":"tag-yhdistynyt-kuningaskunta"},"share_on_mastodon":{"url":"","error":""},"_links":{"self":[{"href":"https:\/\/www.europesays.com\/fi\/wp-json\/wp\/v2\/posts\/19305","targetHints":{"allow":["GET"]}}],"collection":[{"href":"https:\/\/www.europesays.com\/fi\/wp-json\/wp\/v2\/posts"}],"about":[{"href":"https:\/\/www.europesays.com\/fi\/wp-json\/wp\/v2\/types\/post"}],"author":[{"embeddable":true,"href":"https:\/\/www.europesays.com\/fi\/wp-json\/wp\/v2\/users\/2"}],"replies":[{"embeddable":true,"href":"https:\/\/www.europesays.com\/fi\/wp-json\/wp\/v2\/comments?post=19305"}],"version-history":[{"count":0,"href":"https:\/\/www.europesays.com\/fi\/wp-json\/wp\/v2\/posts\/19305\/revisions"}],"wp:featuredmedia":[{"embeddable":true,"href":"https:\/\/www.europesays.com\/fi\/wp-json\/wp\/v2\/media\/19306"}],"wp:attachment":[{"href":"https:\/\/www.europesays.com\/fi\/wp-json\/wp\/v2\/media?parent=19305"}],"wp:term":[{"taxonomy":"category","embeddable":true,"href":"https:\/\/www.europesays.com\/fi\/wp-json\/wp\/v2\/categories?post=19305"},{"taxonomy":"post_tag","embeddable":true,"href":"https:\/\/www.europesays.com\/fi\/wp-json\/wp\/v2\/tags?post=19305"}],"curies":[{"name":"wp","href":"https:\/\/api.w.org\/{rel}","templated":true}]}}