{"id":19312,"date":"2025-08-29T03:12:07","date_gmt":"2025-08-29T03:12:07","guid":{"rendered":"https:\/\/www.europesays.com\/fi\/19312\/"},"modified":"2025-08-29T03:12:07","modified_gmt":"2025-08-29T03:12:07","slug":"nelli-matulalta-shokkipaljastus-syksylla-mennaan-taas","status":"publish","type":"post","link":"https:\/\/www.europesays.com\/fi\/19312\/","title":{"rendered":"Nelli Matulalta shokkipaljastus: &#8221;Syksyll\u00e4 menn\u00e4\u00e4n taas&#8221;"},"content":{"rendered":"<p><strong>Nelli Matula<\/strong> jatkaa keikkailua syksyll\u00e4. Nellin levy-yhti\u00f6 ilmoitti somessa seuraavaa:<\/p>\n<p>Lue my\u00f6s: <a href=\"https:\/\/www.como.fi\/uutiset\/nelli-matula-tunnusti-siit-on-nyt-about-vuosi\/\" title=\"Nelli Matula tunnusti: \u201dSiit on nyt about vuosi\u2026\u201d\" class=\"underline-custom !font-montserrat !font-bold !underline-offset-4 !decoration-4 !decoration-red-600 !text-md\" rel=\"nofollow noopener\" target=\"_blank\">Nelli Matula tunnusti: \u201dSiit on nyt about vuosi\u2026\u201d<\/a><\/p>\n<p>Lue my\u00f6s: <a href=\"https:\/\/www.como.fi\/uutiset\/nelli-matulalla-todettiin-parantumaton-sairaus-kertoi-nyt-lisaa-ikavia-uutisia\/\" title=\"Nelli Matulalla todettiin parantumaton sairaus \u2013 kertoi nyt lis\u00e4\u00e4 ik\u00e4vi\u00e4 uutisia\" class=\"underline-custom !font-montserrat !font-bold !underline-offset-4 !decoration-4 !decoration-red-600 !text-md\" rel=\"nofollow noopener\" target=\"_blank\">Nelli Matulalla todettiin parantumaton sairaus \u2013 kertoi nyt lis\u00e4\u00e4 ik\u00e4vi\u00e4 uutisia<\/a><\/p>\n<p>\u201dIhastuttava Nelli Matula jatkaa kev\u00e4\u00e4ll\u00e4 alkanutta V\u00e4rit palasi maailmaan -kiertuettaan t\u00e4n\u00e4 syksyn\u00e4! T\u00e4lt\u00e4 artistilta ei lavakarismaa tai energisyytt\u00e4 puutu \u2013 tuu siis mukaan kokemaan t\u00e4\u00e4 show ja varmista lippusi nopeasti.\u201d<\/p>\n<p>Nellin keikkapaikat l\u00f6yd\u00e4t alta.<\/p>\n<p>Lue my\u00f6s: <a href=\"https:\/\/www.como.fi\/tilaa-comon-uutiskirje\/\" title=\"Tilaa Comon uutiskirje ja tied\u00e4t mist\u00e4 kahvitauolla puhutaan! Nappaa kotimaan tv-vinkit ja puheenaiheet suoraan s\u00e4hk\u00f6postiin t\u00e4st\u00e4.\" class=\"underline-custom !font-montserrat !font-bold !underline-offset-4 !decoration-4 !decoration-red-600 !text-md\" rel=\"nofollow noopener\" target=\"_blank\">Tilaa Comon uutiskirje ja tied\u00e4t mist\u00e4 kahvitauolla puhutaan! Nappaa kotimaan tv-vinkit ja puheenaiheet suoraan s\u00e4hk\u00f6postiin t\u00e4st\u00e4.<\/a><\/p>\n","protected":false},"excerpt":{"rendered":"Nelli Matula jatkaa keikkailua syksyll\u00e4. Nellin levy-yhti\u00f6 ilmoitti somessa seuraavaa: Lue my\u00f6s: Nelli Matula tunnusti: \u201dSiit on nyt&hellip;\n","protected":false},"author":2,"featured_media":19313,"comment_status":"","ping_status":"","sticky":false,"template":"","format":"standard","meta":{"footnotes":""},"categories":[133],"tags":[137,33,31,30,2841,32,206,156,109],"class_list":{"0":"post-19312","1":"post","2":"type-post","3":"status-publish","4":"format-standard","5":"has-post-thumbnail","7":"category-televisiot","8":"tag-entertainment","9":"tag-fi","10":"tag-finland","11":"tag-finnish","12":"tag-nelli-matula","13":"tag-suomi","14":"tag-televisiot","15":"tag-tv","16":"tag-viihde"},"share_on_mastodon":{"url":"","error":""},"_links":{"self":[{"href":"https:\/\/www.europesays.com\/fi\/wp-json\/wp\/v2\/posts\/19312","targetHints":{"allow":["GET"]}}],"collection":[{"href":"https:\/\/www.europesays.com\/fi\/wp-json\/wp\/v2\/posts"}],"about":[{"href":"https:\/\/www.europesays.com\/fi\/wp-json\/wp\/v2\/types\/post"}],"author":[{"embeddable":true,"href":"https:\/\/www.europesays.com\/fi\/wp-json\/wp\/v2\/users\/2"}],"replies":[{"embeddable":true,"href":"https:\/\/www.europesays.com\/fi\/wp-json\/wp\/v2\/comments?post=19312"}],"version-history":[{"count":0,"href":"https:\/\/www.europesays.com\/fi\/wp-json\/wp\/v2\/posts\/19312\/revisions"}],"wp:featuredmedia":[{"embeddable":true,"href":"https:\/\/www.europesays.com\/fi\/wp-json\/wp\/v2\/media\/19313"}],"wp:attachment":[{"href":"https:\/\/www.europesays.com\/fi\/wp-json\/wp\/v2\/media?parent=19312"}],"wp:term":[{"taxonomy":"category","embeddable":true,"href":"https:\/\/www.europesays.com\/fi\/wp-json\/wp\/v2\/categories?post=19312"},{"taxonomy":"post_tag","embeddable":true,"href":"https:\/\/www.europesays.com\/fi\/wp-json\/wp\/v2\/tags?post=19312"}],"curies":[{"name":"wp","href":"https:\/\/api.w.org\/{rel}","templated":true}]}}