{"id":19314,"date":"2025-08-29T03:14:08","date_gmt":"2025-08-29T03:14:08","guid":{"rendered":"https:\/\/www.europesays.com\/fi\/19314\/"},"modified":"2025-08-29T03:14:08","modified_gmt":"2025-08-29T03:14:08","slug":"illalla-tvssa-taytta-rytinaa-heti-alussa-neljan-tahden-toimintatykitys-avaa-elokuvasarjan-4-tahden-veroisesti","status":"publish","type":"post","link":"https:\/\/www.europesays.com\/fi\/19314\/","title":{"rendered":"Illalla tv:ss\u00e4: T\u00e4ytt\u00e4 rytin\u00e4\u00e4 heti alussa \u2013 nelj\u00e4n t\u00e4hden toimintatykitys avaa elokuvasarjan 4 t\u00e4hden veroisesti"},"content":{"rendered":"<p>Illan tv-ohjelmistosta voi valita katsottavaksi toimintaelokuvan John Wick (2014), joka on saanut useita jatko-osia.<\/p>\n<p>Vuoden 2014 elokuvassa <strong>Keanu Reeves<\/strong> esitt\u00e4\u00e4 John Wicki\u00e4, joka l\u00e4htee kostoretkelle, kun h\u00e4nen rakas koiransa menehtyy roistojen k\u00e4siss\u00e4. Vastassa on armoton mafiapomo ja t\u00e4m\u00e4n k\u00e4tyrit, jotka her\u00e4tt\u00e4v\u00e4t Johnin raivon ja h\u00e4nen palkkatappajan kykyns\u00e4.<\/p>\n<p>Elokuvassa n\u00e4hd\u00e4\u00e4n my\u00f6s <strong>Michael Nyqvist<\/strong> ja <strong>Alfie Allen<\/strong>. Ohjaajana toimii <strong>Chad Stahelski<\/strong>, joka on tunnettu vaikuttavasta stunt-urastaan. H\u00e4n toimi Reevesin kaksoisolentona Matrix-elokuvissa.<\/p>\n<p>Episodin <a href=\"https:\/\/www.episodi.fi\/elokuvat\/john-wick\/\" target=\"_blank\" rel=\"noreferrer noopener nofollow\">arvostelussa<\/a> elokuva sai nelj\u00e4 t\u00e4hte\u00e4:<\/p>\n<p>\u201dSulavaliikkeinen Reeves eroaa edukseen muista saman ik\u00e4luokan toimintakonkareista. H\u00e4nen karismansa kumpuaa r\u00e4hj\u00e4isest\u00e4 hiljaisuudesta ja hahmon rehellisest\u00e4 surumielisyydest\u00e4, joka ilmeett\u00f6myydess\u00e4\u00e4n tuo mieleen niin Constantinen kuin\u00a0The Matrixin\u00a0Neonkin. Kaikki kulminoituu mieheen, jolla ei kostomatkallaan ole en\u00e4\u00e4 mit\u00e4\u00e4n menetett\u00e4v\u00e4\u00e4.\u00a0John Wickin my\u00f6t\u00e4 Reevesin t\u00e4hden toivoisi l\u00e4htev\u00e4n uuteen, ansaittuun nousuun.\u201d<\/p>\n<p>Reeves teki elokuvan stunteista 90 prosenttia itse, ja h\u00e4n on tuuminut, ettei pystyisi en\u00e4\u00e4 tekem\u00e4\u00e4n fyysisesti vaativia Wick-elokuvia. T\u00e4st\u00e4 huolimatta viides osa on kehityksess\u00e4.<\/p>\n<p>Elokuva on my\u00f6s Viddlassa, Cineastissa ja Viaplayssa. Leffan kriitikkomittari Rotten Tomatoesissa on luvussa 86 ja yleis\u00f6mittari luvussa 82. Alla traileri. <\/p>\n<p>Tulevat l\u00e4hetykset:<\/p>\n<ul class=\"wp-block-list\">\n<li>Pe 29.8.2025 klo 23.00 \u00b7 Nelonen<\/li>\n<li>La 13.9.2025 klo 21.00 \u00b7 Nelonen<\/li>\n<li>Pe 19.9.2025 klo 22.00 \u00b7 Jim<\/li>\n<\/ul>\n<p>Lue my\u00f6s: <a href=\"https:\/\/www.episodi.fi\/uutiset\/john-wick-universumin-ballerina-julkaistaan-suomessa-kaikissa-levyformaateissa\/\" title=\"John Wick -universumin Ballerina julkaistaan Suomessa kaikissa levyformaateissa\" class=\"underline-custom !font-montserrat !font-bold !underline-offset-4 !decoration-4 !decoration-episodi-blue !text-md\" rel=\"nofollow noopener\" target=\"_blank\">John Wick -universumin Ballerina julkaistaan Suomessa kaikissa levyformaateissa<\/a><\/p>\n<p>Lue my\u00f6s: <a href=\"https:\/\/www.episodi.fi\/uutiset\/tiesitko-tata-keanu-reeves-kolaroi-oikeasti-90-luvun-toimintahitissa\/\" title=\"Tiesitk\u00f6 t\u00e4t\u00e4? Keanu Reeves kolaroi oikeasti 90-luvun toimintahitiss\u00e4\" class=\"underline-custom !font-montserrat !font-bold !underline-offset-4 !decoration-4 !decoration-episodi-blue !text-md\" rel=\"nofollow noopener\" target=\"_blank\">Tiesitk\u00f6 t\u00e4t\u00e4? Keanu Reeves kolaroi oikeasti 90-luvun toimintahitiss\u00e4<\/a><\/p>\n<p>Lue my\u00f6s: <a href=\"https:\/\/www.episodi.fi\/uutiset\/charlize-theron-on-nyt-50-vuotias-talta-upea-tahti-nayttaa-nykyaan\/\" title=\"Charlize Theron on nyt 50-vuotias! T\u00e4lt\u00e4 upea t\u00e4hti n\u00e4ytt\u00e4\u00e4 nyky\u00e4\u00e4n\" class=\"underline-custom !font-montserrat !font-bold !underline-offset-4 !decoration-4 !decoration-episodi-blue !text-md\" rel=\"nofollow noopener\" target=\"_blank\">Charlize Theron on nyt 50-vuotias! T\u00e4lt\u00e4 upea t\u00e4hti n\u00e4ytt\u00e4\u00e4 nyky\u00e4\u00e4n<\/a><\/p>\n<p><img loading=\"lazy\" decoding=\"async\" alt=\"YouTube video\" width=\"480\" height=\"360\" data-pin-nopin=\"true\" nopin=\"nopin\" class=\"perfmatters-lazy\" src=\"https:\/\/www.europesays.com\/fi\/wp-content\/uploads\/2025\/08\/1756437248_857_hqdefault.jpg\"\/><\/p>\n<p>Lue my\u00f6s: <a href=\"https:\/\/www.episodi.fi\/uutiskirje\/?uutiskirjemainos=tekstilinkkimainos\" title=\"Tilaa Episodin uutiskirje ja voit voittaa leffalippuja! Nappaa tv-vinkit suoraan s\u00e4hk\u00f6postiin t\u00e4st\u00e4.\" class=\"underline-custom !font-montserrat !font-bold !underline-offset-4 !decoration-4 !decoration-episodi-blue !text-md\" rel=\"nofollow noopener\" target=\"_blank\">Tilaa Episodin uutiskirje ja voit voittaa leffalippuja! Nappaa katseluvinkit suoraan s\u00e4hk\u00f6postiin t\u00e4st\u00e4.<\/a><\/p>\n","protected":false},"excerpt":{"rendered":"Illan tv-ohjelmistosta voi valita katsottavaksi toimintaelokuvan John Wick (2014), joka on saanut useita jatko-osia. Vuoden 2014 elokuvassa Keanu&hellip;\n","protected":false},"author":2,"featured_media":19315,"comment_status":"","ping_status":"","sticky":false,"template":"","format":"standard","meta":{"footnotes":""},"categories":[131],"tags":[155,137,33,173,31,30,172,32,139,109],"class_list":{"0":"post-19314","1":"post","2":"type-post","3":"status-publish","4":"format-standard","5":"has-post-thumbnail","7":"category-elokuvat","8":"tag-elokuvat","9":"tag-entertainment","10":"tag-fi","11":"tag-film","12":"tag-finland","13":"tag-finnish","14":"tag-movies","15":"tag-suomi","16":"tag-tv-ohjelmat","17":"tag-viihde"},"share_on_mastodon":{"url":"","error":""},"_links":{"self":[{"href":"https:\/\/www.europesays.com\/fi\/wp-json\/wp\/v2\/posts\/19314","targetHints":{"allow":["GET"]}}],"collection":[{"href":"https:\/\/www.europesays.com\/fi\/wp-json\/wp\/v2\/posts"}],"about":[{"href":"https:\/\/www.europesays.com\/fi\/wp-json\/wp\/v2\/types\/post"}],"author":[{"embeddable":true,"href":"https:\/\/www.europesays.com\/fi\/wp-json\/wp\/v2\/users\/2"}],"replies":[{"embeddable":true,"href":"https:\/\/www.europesays.com\/fi\/wp-json\/wp\/v2\/comments?post=19314"}],"version-history":[{"count":0,"href":"https:\/\/www.europesays.com\/fi\/wp-json\/wp\/v2\/posts\/19314\/revisions"}],"wp:featuredmedia":[{"embeddable":true,"href":"https:\/\/www.europesays.com\/fi\/wp-json\/wp\/v2\/media\/19315"}],"wp:attachment":[{"href":"https:\/\/www.europesays.com\/fi\/wp-json\/wp\/v2\/media?parent=19314"}],"wp:term":[{"taxonomy":"category","embeddable":true,"href":"https:\/\/www.europesays.com\/fi\/wp-json\/wp\/v2\/categories?post=19314"},{"taxonomy":"post_tag","embeddable":true,"href":"https:\/\/www.europesays.com\/fi\/wp-json\/wp\/v2\/tags?post=19314"}],"curies":[{"name":"wp","href":"https:\/\/api.w.org\/{rel}","templated":true}]}}