{"id":19318,"date":"2025-08-29T03:17:09","date_gmt":"2025-08-29T03:17:09","guid":{"rendered":"https:\/\/www.europesays.com\/fi\/19318\/"},"modified":"2025-08-29T03:17:09","modified_gmt":"2025-08-29T03:17:09","slug":"laakkeita-vetanyt-mira-luoti-joutui-putkaan","status":"publish","type":"post","link":"https:\/\/www.europesays.com\/fi\/19318\/","title":{"rendered":"L\u00e4\u00e4kkeit\u00e4 vet\u00e4nyt Mira Luoti joutui putkaan"},"content":{"rendered":"<p>            Yle\n        <\/p>\n<p class=\"subtitle \">Paula Vesala ja Mira Luoti tekev\u00e4t useita isoja paljastuksia Ylen uudessa PMMP-dokumentissa.<\/p>\n<p class=\"article-content article-content-width !bg-background\">Ylell\u00e4 6. syyskuuta julkaistava  ohjaama dokumentti PMMP keikalla: Ei en\u00e4\u00e4 ikin\u00e4\u00a0kertoo suosikkiyhtyeen\u00a0paluusta ja valmistautumisesta vuoden 2024 stadionkeikkaan.<\/p>\n<p class=\"article-content article-content-width !bg-background\">Samalla dokumentti palaa menneeseen ja n\u00e4ytt\u00e4\u00e4, millaista oli olla nuori naisartisti 2000-luvun alun Suomessa.<\/p>\n<p>Mira joutui<br \/>\nputkaan<\/p>\n<p class=\"article-content article-content-width !bg-background\">Dokumentin autossa kuvatussa kohtauksessa tuottaja ,  ja  muistelevat yhtyeen vaiheita ajomatkalla ensimm\u00e4iselle studiolleen.<\/p>\n<p class=\"article-content article-content-width !bg-background\">\u2013 Ei,<br \/>\nmulla on ihan hirvee sielt\u00e4 muisto sielt\u00e4, alkaa ahdistaa. S\u00e4 kerroit niist\u00e4<br \/>\nl\u00e4\u00e4kkeist\u00e4, ett\u00e4 n\u00e4ill\u00e4 l\u00e4htee ahdistus, Mira kertoo ohjelmassa.<\/p>\n<p>                <img decoding=\"async\" src=\"https:\/\/www.europesays.com\/fi\/wp-content\/uploads\/2025\/08\/1914105.webp\" width=\"576\" height=\"274\" alt=\"Jori Roosberg, Mira Luoti ja Paula Vesala puhuvat suosion varjopuolista.\" loading=\"lazy\" \/>            <\/p>\n<p>\n            Jori Roosberg, Mira Luoti ja Paula Vesala puhuvat suosion varjopuolista.<br \/>\n            Yle\n        <\/p>\n<p class=\"article-content article-content-width !bg-background\">\u2013 Ne olivat<br \/>\nmulle m\u00e4\u00e4r\u00e4ttyj\u00e4 ahdistusl\u00e4\u00e4kkeit\u00e4, Jori sanoo ja mainitsee samalla olleensa\u00a0Kovemmat<br \/>\nk\u00e4det -levyn aikaan ahdistunut.<\/p>\n<p class=\"article-content article-content-width !bg-background\">Paula muistelee,<br \/>\nkuinka saatteli Miraa junalle, eik\u00e4 tiennyt, ett\u00e4 t\u00e4m\u00e4 oli ottanut l\u00e4\u00e4kkeit\u00e4. Tulossa<br \/>\noli my\u00f6s keikka Lapissa.<\/p>\n<p class=\"article-content article-content-width !bg-background\">\u2013 Sittenh\u00e4n<br \/>\ns\u00e4 jouduit viel\u00e4 putkaan siell\u00e4 asemalla, kun menin hakemaan automaatista rahaa,<br \/>\nett\u00e4 saan sut kotiin. Sut oli viety siit\u00e4 penkilt\u00e4 sill\u00e4 aikaa, kun m\u00e4<br \/>\nk\u00e4\u00e4nsin selk\u00e4ni. Mun piti hakea sut putkasta. Sitten m\u00e4 puhuin sut<br \/>\nlentokoneeseen, Paula kertoo.<\/p>\n<p>        <a itemprop=\"url\" href=\"https:\/\/www.seiska.fi\/katso\/julkkisselviytyjien-tuotantoyhtiolta-ulostulo-mira-luoti-koki-seksuaalista-vakivaltaa\/1907279\" rel=\"nofollow noopener\" target=\"_blank\"><\/p>\n<p>\nMira Luoti koki seksuaalista v\u00e4kivaltaa\n<\/p>\n<p class=\"section-date\">\n        <strong class=\"article-section\" data-section=\"katso\"><br \/>\n            katso<br \/>\n        <\/strong><br \/>\n        22.8. 09:34\n    <\/p>\n<p>    Julkkisselviytyjien tuotantoyhti\u00f6lt\u00e4 ulostulo \u2013 Mira Luoti koki seksuaalista v\u00e4kivaltaa<\/p>\n<p itemprop=\"description\" class=\"subtitle \">\n    Mira Luoti avautuu kokemuksistaan PMMP-dokumenttielokuvassa.\n<\/p>\n<p>        <\/a><\/p>\n<p>L\u00e4\u00e4ppivi\u00e4 ja m\u00e4\u00e4r\u00e4ilevi\u00e4 seti\u00e4<\/p>\n<p class=\"article-content article-content-width !bg-background\">Paula ja Mira paljastavat dokumentissa, millaista kohtelua ovat saaneet uransa varrella osakseen.<\/p>\n<p>                <img decoding=\"async\" src=\"https:\/\/www.europesays.com\/fi\/wp-content\/uploads\/2025\/08\/1914124.webp\" width=\"576\" height=\"274\" alt=\"PMMP:st\u00e4 kertova dokumentti saa maailmanensiiltansa 6. syyskuuta.\" loading=\"lazy\" \/>            <\/p>\n<p>\n            PMMP:st\u00e4 kertova dokumentti saa maailmanensiiltansa 6. syyskuuta.<br \/>\n            Anne H\u00e4m\u00e4l\u00e4inen \/ Yle\n        <\/p>\n<p class=\"article-content article-content-width !bg-background\">\u2013 Koko tuo aika. Se oli sellaista l\u00e4\u00e4ppivi\u00e4 seti\u00e4 ja m\u00e4\u00e4r\u00e4ilevi\u00e4 seti\u00e4. Naisen ja tytt\u00f6jen asema oli naurettava. Joka k\u00e4\u00e4nteess\u00e4 on joku, jota ket\u00e4 pit\u00e4\u00e4 varoa ja katsoa, ettei se tule per\u00e4ss\u00e4 vessaan, Paula\u00a0 kuvailee ohjelmassa.<\/p>\n<p class=\"article-content article-content-width !bg-background\">Paula ja Mira kertovat dokumentissa avoimesti kipeist\u00e4 kokemuksistaan. Artisteilla on ollut toisistaan vahva tuki, joka on kannatellut heit\u00e4 vaikeidenkin vaiheiden yli.<\/p>\n<p>        <a itemprop=\"url\" href=\"https:\/\/www.seiska.fi\/katso\/yle-paula-vesala-kavi-lapi-lapsettomuushoidot-haave-jai-toteutumatta\/1905141\" rel=\"nofollow noopener\" target=\"_blank\"><\/p>\n<p>\nYle:\n<\/p>\n<p class=\"section-date\">\n        <strong class=\"article-section\" data-section=\"katso\"><br \/>\n            katso<br \/>\n        <\/strong><br \/>\n        20.8. 16:15\n    <\/p>\n<p>    Yle: Paula Vesala k\u00e4vi l\u00e4pi lapsettomuushoidot \u2013 haave j\u00e4i toteutumatta<\/p>\n<p itemprop=\"description\" class=\"subtitle \">\n    Paula Vesala avautuu PMMP keikalla: Ei en\u00e4\u00e4 ikin\u00e4 -dokumentissa henkil\u00f6kohtaisesta aiheesta.\n<\/p>\n<p>        <\/a><\/p>\n<p>Matti-Esko<br \/>\nennusti v\u00e4\u00e4rin<\/p>\n<p class=\"article-content article-content-width !bg-background\">Dokumentissa<br \/>\nPaula ja Mira selailevat vanhoja lehtileikkeit\u00e4.  arvosteli<br \/>\nlehdess\u00e4 PMMP:n esikoislevyn ja kehotti samalla Paulaa hypp\u00e4\u00e4m\u00e4\u00e4n sementtiin. Ennustus<br \/>\nb\u00e4ndin tulevaisuudesta meni pahasti mets\u00e4\u00e4n.<\/p>\n<p class=\"article-content article-content-width !bg-background\">\u2013 Jumala<br \/>\non sittenkin olemassa. Kun Rusketusraidat katoaa sinkkulistalta k\u00e4rjest\u00e4, uutta<br \/>\nhitti\u00e4\u00a0PMMP:lt\u00e4 ei ole tulossa. Paula Vesala on k\u00f6yh\u00e4n naisen versio\u00a0Gimmelin\u00a0, lukee Paula ohjelmassa Matti-Eskon arviota.<\/p>\n<p>                <img decoding=\"async\" src=\"https:\/\/www.europesays.com\/fi\/wp-content\/uploads\/2025\/08\/1914138.webp\" width=\"576\" height=\"274\" alt=\"PMMP:st\u00e4 tuli kestot\u00e4hti.\" loading=\"lazy\" \/>            <\/p>\n<p>\n            PMMP:st\u00e4 tuli kestot\u00e4hti.<br \/>\n            Yle\n        <\/p>\n<p class=\"article-content article-content-width !bg-background\">Vuosina<br \/>\n2002\u20132013 toiminut ja vuonna 2024 uudelleen yhteen palannut PMMP\u00a0kuuluu nyky\u00e4\u00e4n kotimaisiin kestosuosikkeihin ja on haalinut lukuisia Emma-patsaita.<\/p>\n<p class=\"italic m-italic article-content article-content-width !bg-background\">PMMP<br \/>\nkeikalla: Ei en\u00e4\u00e4 ikin\u00e4 -dokumentti n\u00e4hd\u00e4\u00e4n Yle Teema &amp; Fem:ill\u00e4 6.9. kello<br \/>\n21.00. Teema &amp; Fem:ill\u00e4 esitet\u00e4\u00e4n 6.9. my\u00f6s PMMP:n vanha<br \/>\nkeikkataltiointi kello 20.<\/p>\n<p>        <a itemprop=\"url\" href=\"https:\/\/www.seiska.fi\/kotimaa\/hs-mira-luoti-puhuu-nyt-totuus-paljastui\/1908148\" rel=\"nofollow noopener\" target=\"_blank\"><\/p>\n<p>\nHS:\n<\/p>\n<p class=\"section-date\">\n        <strong class=\"article-section\" data-section=\"kotimaa\"><br \/>\n            kotimaa<br \/>\n        <\/strong><br \/>\n        22.8. 22:06\n    <\/p>\n<p>    HS: Mira Luoti puhuu nyt \u2013 totuus paljastui<\/p>\n<p itemprop=\"description\" class=\"subtitle \">\n    Makwan Amirkhani pysyy edelleen hiljaa Mira Luodin tapauksesta.\n<\/p>\n<p>        <\/a><\/p>\n","protected":false},"excerpt":{"rendered":"Yle Paula Vesala ja Mira Luoti tekev\u00e4t useita isoja paljastuksia Ylen uudessa PMMP-dokumentissa. Ylell\u00e4 6. syyskuuta julkaistava ohjaama&hellip;\n","protected":false},"author":2,"featured_media":19319,"comment_status":"","ping_status":"","sticky":false,"template":"","format":"standard","meta":{"footnotes":""},"categories":[130],"tags":[819,137,33,31,30,5160,4800,47,4793,4803,4794,6905,32,6904,109,1149,913,6906],"class_list":{"0":"post-19318","1":"post","2":"type-post","3":"status-publish","4":"format-standard","5":"has-post-thumbnail","7":"category-viihde","8":"tag-dokumentti","9":"tag-entertainment","10":"tag-fi","11":"tag-finland","12":"tag-finnish","13":"tag-jori-roosberg","14":"tag-mira-luoti","15":"tag-musiikki","16":"tag-paula-vesala","17":"tag-pmmp","18":"tag-pmmp-keikalla-ei-enaa-ikina","19":"tag-putka","20":"tag-suomi","21":"tag-suosikkiyhtye","22":"tag-viihde","23":"tag-yle","24":"tag-yle-areena","25":"tag-yle-teema-fem"},"share_on_mastodon":{"url":"","error":""},"_links":{"self":[{"href":"https:\/\/www.europesays.com\/fi\/wp-json\/wp\/v2\/posts\/19318","targetHints":{"allow":["GET"]}}],"collection":[{"href":"https:\/\/www.europesays.com\/fi\/wp-json\/wp\/v2\/posts"}],"about":[{"href":"https:\/\/www.europesays.com\/fi\/wp-json\/wp\/v2\/types\/post"}],"author":[{"embeddable":true,"href":"https:\/\/www.europesays.com\/fi\/wp-json\/wp\/v2\/users\/2"}],"replies":[{"embeddable":true,"href":"https:\/\/www.europesays.com\/fi\/wp-json\/wp\/v2\/comments?post=19318"}],"version-history":[{"count":0,"href":"https:\/\/www.europesays.com\/fi\/wp-json\/wp\/v2\/posts\/19318\/revisions"}],"wp:featuredmedia":[{"embeddable":true,"href":"https:\/\/www.europesays.com\/fi\/wp-json\/wp\/v2\/media\/19319"}],"wp:attachment":[{"href":"https:\/\/www.europesays.com\/fi\/wp-json\/wp\/v2\/media?parent=19318"}],"wp:term":[{"taxonomy":"category","embeddable":true,"href":"https:\/\/www.europesays.com\/fi\/wp-json\/wp\/v2\/categories?post=19318"},{"taxonomy":"post_tag","embeddable":true,"href":"https:\/\/www.europesays.com\/fi\/wp-json\/wp\/v2\/tags?post=19318"}],"curies":[{"name":"wp","href":"https:\/\/api.w.org\/{rel}","templated":true}]}}