{"id":193282,"date":"2026-03-13T14:45:11","date_gmt":"2026-03-13T14:45:11","guid":{"rendered":"https:\/\/www.europesays.com\/fi\/193282\/"},"modified":"2026-03-13T14:45:11","modified_gmt":"2026-03-13T14:45:11","slug":"danny-ja-helmi-yllattivat-yhdessa-katso-kuva","status":"publish","type":"post","link":"https:\/\/www.europesays.com\/fi\/193282\/","title":{"rendered":"Danny ja Helmi yll\u00e4ttiv\u00e4t yhdess\u00e4 \u2013 Katso kuva!"},"content":{"rendered":"<p>\n            Danny ja Helmi viihtyv\u00e4t hyvin yhdess\u00e4.<br \/>\n            Timo Korhonen\n        <\/p>\n<p class=\"subtitle \">Danny ja Helmi vierailevat musiikkialan konkarin ohjelmassa.<\/p>\n<p class=\"article-content article-content-width !bg-background\">Laulajalegenda, musiikkineuvos , eli  ja h\u00e4nen hyv\u00e4 yst\u00e4v\u00e4ns\u00e4  rikkoivat somehiljaisuuden.\u00a0<\/p>\n<p class=\"article-content article-content-width !bg-background\">Syy on selv\u00e4.<\/p>\n<p class=\"article-content article-content-width !bg-background\">Parivaljakko n\u00e4hd\u00e4\u00e4n vieraina itsens\u00e4  luotsamaassa Kansankappeli-ohjelmassa. Ile julkaisi <a href=\"https:\/\/www.instagram.com\/ilkkavainio\/\" aria-label=\"Ilkka Vainion Instagram-tili\" target=\"_blank\" rel=\"nofollow noopener\">Instagram-tilill\u00e4\u00e4n<\/a> kuvan, jossa koko trio poseeraa hyv\u00e4ntuulisina.<\/p>\n<p class=\"article-content article-content-width !bg-background\">Katsojan huomio kiinnittyy kuitenkin mielenkiintoiseen yksityiskohtaan Dannyn ja Helmin pukeutumisessa.<\/p>\n<p>Tiimivaatteet<\/p>\n<p class=\"article-content article-content-width !bg-background\">Helmi ja Danny ovat pukeutuneet kuvassa &#8221;tiimivaatteisiin&#8221;: molemmat ovat valinneet ylleen tyylik\u00e4st\u00e4 mustaa ja kultaisia yksityiskohtia.<\/p>\n<p class=\"article-content article-content-width !bg-background\">Helmin asua koristaa suuri kullanv\u00e4rinen vy\u00f6nsolki, ja Dannyn kaulassa riippuu kullanv\u00e4rinen kaulakoru.<\/p>\n<p class=\"article-content article-content-width !bg-background\">Ile edustaa puolestaan tavalleen tyypillisesti tyylikk\u00e4\u00e4ss\u00e4 mustassa puvussa, valkoisessa kauluspaidassa ja mustassa kravatissa.<\/p>\n<p class=\"article-content article-content-width !bg-background\">Haastattelun annista Ile ei julkaisussaan hiisku, mutta ohjelman formaattiin kuuluu haastattelu, syntinen osuus sek\u00e4 vieraiden musiikkiesitys.<\/p>\n<p class=\"article-content article-content-width !bg-background\">Kenties ohjelmassa kuullaan Dannyn ja Helmin duetto.<\/p>\n<p>Matalalla profiililla<\/p>\n<p class=\"article-content article-content-width !bg-background\">Talvesta leijonan osan Espanjan auringon alla viett\u00e4neet Danny ja Helmi ovat pit\u00e4neet viime aikoina matalaa profiilia julkisuudessa.\u00a0<\/p>\n<p>                <img decoding=\"async\" src=\"https:\/\/www.europesays.com\/fi\/wp-content\/uploads\/2026\/03\/2101236.webp.jpeg\" width=\"576\" height=\"322\" title=\"Helmi t\u00e4ytti taannoin 25 vuotta. Kuva vuodelta 2024.\" alt=\"Helmi Loukasm\u00e4ki\" loading=\"lazy\" \/>            <\/p>\n<p>\n            Helmi t\u00e4ytti taannoin 25 vuotta. Kuva vuodelta 2024.<br \/>\n            Timo Korhonen\n        <\/p>\n<p class=\"article-content article-content-width !bg-background\">Viimeksi Helmi ilostutti yli 12 000 Instagram-seuraajaansa pari viikkoa sitten, kun h\u00e4n julkaisi syntt\u00e4reidens\u00e4 kunniaksi kuvan itsest\u00e4\u00e4n oranssiin mekkoon pukeutuneena.<\/p>\n<p>        <a itemprop=\"url\" href=\"https:\/\/www.seiska.fi\/kotimaa\/harvinainen-kuva-helmi-loukasmaki-taytti-25-vuotta\/2085930\" rel=\"nofollow noopener\" target=\"_blank\"><\/p>\n<p>\nHelmi Loukasm\u00e4ki 25 vuotta\n<\/p>\n<p class=\"section-date\">\n        <strong class=\"article-section\" data-section=\"kotimaa\"><br \/>\n            kotimaa<br \/>\n        <\/strong><br \/>\n        25.2. 08:32\n    <\/p>\n<p>Harvinainen kuva! Helmi Loukasm\u00e4ki t\u00e4ytti 25 vuotta\n    <\/p>\n<p itemprop=\"description\" class=\"subtitle \">\n    Helmi poseeraa hyvin s\u00e4h\u00e4k\u00e4ss\u00e4 minimekossa.\n<\/p>\n<p>        <\/a><\/p>\n<p class=\"italic m-italic article-content article-content-width !bg-background\">Juttua korjattu 13.3. klo 15.20: Korjattu lausetta kappaleesta, jossa kuvaillaan Dannyn ja Helmin pukeutumisen yksityiskohtia.<\/p>\n<p><script async src=\"\/\/www.instagram.com\/embed.js\"><\/script><\/p>\n","protected":false},"excerpt":{"rendered":"Danny ja Helmi viihtyv\u00e4t hyvin yhdess\u00e4. Timo Korhonen Danny ja Helmi vierailevat musiikkialan konkarin ohjelmassa. Laulajalegenda, musiikkineuvos ,&hellip;\n","protected":false},"author":2,"featured_media":193283,"comment_status":"","ping_status":"","sticky":false,"template":"","format":"standard","meta":{"footnotes":"","_share_on_mastodon":"0"},"categories":[136],"tags":[407,8967,137,33,31,30,9178,18642,408,30053,32,109],"class_list":["post-193282","post","type-post","status-publish","format-standard","has-post-thumbnail","category-julkkikset","tag-celebrities","tag-danny","tag-entertainment","tag-fi","tag-finland","tag-finnish","tag-helmi-loukasmaki","tag-ilkka-vainio","tag-julkkikset","tag-kansankappeli","tag-suomi","tag-viihde"],"share_on_mastodon":{"url":"https:\/\/pubeurope.com\/@fi\/116222409361564646","error":""},"_links":{"self":[{"href":"https:\/\/www.europesays.com\/fi\/wp-json\/wp\/v2\/posts\/193282","targetHints":{"allow":["GET"]}}],"collection":[{"href":"https:\/\/www.europesays.com\/fi\/wp-json\/wp\/v2\/posts"}],"about":[{"href":"https:\/\/www.europesays.com\/fi\/wp-json\/wp\/v2\/types\/post"}],"author":[{"embeddable":true,"href":"https:\/\/www.europesays.com\/fi\/wp-json\/wp\/v2\/users\/2"}],"replies":[{"embeddable":true,"href":"https:\/\/www.europesays.com\/fi\/wp-json\/wp\/v2\/comments?post=193282"}],"version-history":[{"count":0,"href":"https:\/\/www.europesays.com\/fi\/wp-json\/wp\/v2\/posts\/193282\/revisions"}],"wp:featuredmedia":[{"embeddable":true,"href":"https:\/\/www.europesays.com\/fi\/wp-json\/wp\/v2\/media\/193283"}],"wp:attachment":[{"href":"https:\/\/www.europesays.com\/fi\/wp-json\/wp\/v2\/media?parent=193282"}],"wp:term":[{"taxonomy":"category","embeddable":true,"href":"https:\/\/www.europesays.com\/fi\/wp-json\/wp\/v2\/categories?post=193282"},{"taxonomy":"post_tag","embeddable":true,"href":"https:\/\/www.europesays.com\/fi\/wp-json\/wp\/v2\/tags?post=193282"}],"curies":[{"name":"wp","href":"https:\/\/api.w.org\/{rel}","templated":true}]}}