{"id":193395,"date":"2026-03-13T18:00:10","date_gmt":"2026-03-13T18:00:10","guid":{"rendered":"https:\/\/www.europesays.com\/fi\/193395\/"},"modified":"2026-03-13T18:00:10","modified_gmt":"2026-03-13T18:00:10","slug":"tuomio-entinen-kauppias-ja-myyja-syrjivat-romania-kontiolahden-k-marketissa-video-todisti-tapauksen-pohjois-karjala","status":"publish","type":"post","link":"https:\/\/www.europesays.com\/fi\/193395\/","title":{"rendered":"Tuomio: entinen kauppias ja myyj\u00e4 syrjiv\u00e4t romania Kontiolahden K-marketissa \u2013 video todisti tapauksen | Pohjois-Karjala"},"content":{"rendered":"<p class=\"aw-1gybjub aw-5vja16 kEtdKx kmuxyA yle__article__paragraph\">Tapaus sai laajaa julkisuutta kaksi vuotta sitten, kun syrjitty nainen julkaisi tilanteesta videon Facebookissa.<\/p>\n<p><img decoding=\"async\" alt=\"Rakennuksen lumisella pihalla kyltti, jossa tekstit k\u00e4r\u00e4j\u00e4oikeus, syytt\u00e4j\u00e4laitos ja It\u00e4-Suomen syytt\u00e4j\u00e4alue.\" src=\"https:\/\/www.europesays.com\/fi\/wp-content\/uploads\/2026\/03\/39-15852916971d8b504560.jpeg\" class=\"aw-1l9m598 hKVVvP\"\/><\/p>\n<p>Avaa kuvien katselu<\/p>\n<p>Tuomio luettiin Pohjois-Karjalan k\u00e4r\u00e4j\u00e4oikeudessa perjantaina. Arkistokuva. Kuva: Heikki Haapalainen \/ Yle<\/p>\n<p>15:53\u2022P\u00e4ivitetty 17:00<\/p>\n<p class=\"aw-1gybjub aw-1p7kakr kEtdKx cEmitX yle__article__paragraph\">Pohjois-Karjalan k\u00e4r\u00e4j\u00e4oikeus on tuominnut Kontiolahden K-marketin entisen kauppiaan ja myyj\u00e4n sakkoihin syrjinn\u00e4st\u00e4.<\/p>\n<p class=\"aw-1gybjub aw-1p7kakr kEtdKx cEmitX yle__article__paragraph\">Oikeuden mukaan kauppias <strong class=\"aw-ak79eh KyCXm yle__article__strong\">Jari Ven\u00e4l\u00e4inen<\/strong> oli kielt\u00e4nyt ty\u00f6ntekij\u00f6it\u00e4\u00e4n palvelemasta romaneja. Myyj\u00e4 toteutti kauppiaan m\u00e4\u00e4r\u00e4yst\u00e4 kielt\u00e4m\u00e4ll\u00e4 energiajuoman myynnin helsinkil\u00e4iselle romaninaiselle.<\/p>\n<p class=\"aw-1gybjub aw-1p7kakr kEtdKx cEmitX yle__article__paragraph\">Ven\u00e4l\u00e4inen tuomittiin 60 p\u00e4iv\u00e4sakkoon, mist\u00e4 kertyy h\u00e4nelle maksettavaa 1\u00a0440 euroa. Myyj\u00e4 tuomittiin 40 p\u00e4iv\u00e4sakkoon, josta maksettavaa kertyi 1\u00a0240 euroa.<\/p>\n<p class=\"aw-1gybjub aw-1p7kakr kEtdKx cEmitX yle__article__paragraph\">Tuomitut kiistiv\u00e4t syrjinn\u00e4n. Oikeuden mukaan kummankaan syyllisyydest\u00e4 ei kuitenkaan j\u00e4\u00e4nyt varteenotettavaa ep\u00e4ily\u00e4. Aluesyytt\u00e4j\u00e4 <strong class=\"aw-ak79eh KyCXm yle__article__strong\">Antti Kolehmainen<\/strong> toteaa olevansa tyytyv\u00e4inen tuomioihin. Yle ei tavoittanut Jari Ven\u00e4l\u00e4ist\u00e4 kommentoimaan tuomiota.<\/p>\n<p class=\"aw-1gybjub aw-1p7kakr kEtdKx cEmitX yle__article__paragraph\">Yle julkaisee kauppiaan nimen, jotta ep\u00e4ily ei kohdistu sivullisiin. Lis\u00e4ksi syrjint\u00e4ep\u00e4ily on yhteiskunnallisesti merkityksellinen ja asia oli laajasti julkisuudessa kev\u00e4ttalvella 2024.<\/p>\n<p class=\"aw-1gybjub aw-1p7kakr kEtdKx cEmitX yle__article__paragraph\">Asia nousi julkisuuteen, kun kaupassa helmikuussa 2024 asioinut <strong class=\"aw-ak79eh KyCXm yle__article__strong\">Tamara Nyman<\/strong> <a class=\"aw-iao6s4 iHOxEa yle__article__link\" href=\"https:\/\/yle.fi\/a\/74-20075916\" role=\"link\" rel=\"nofollow noopener\" target=\"_blank\">julkaisi kuvaamansa videon<\/a> Facebookissa. Videota k\u00e4ytettiin kirjallisena todisteena oikeudessa. K\u00e4r\u00e4j\u00e4oikeuden mukaan video antaa vakuuttavan n\u00e4yt\u00f6n kauppiaan antamasta syrjint\u00e4ohjeesta.<\/p>\n<p>Tamara Nymanin kuvaama video tilanteesta. Videossa myyj\u00e4n \u00e4\u00e4nt\u00e4 on muutettu h\u00e4nen yksityisyytens\u00e4 suojelemiseksi.<\/p>\n<p class=\"aw-1gybjub aw-1p7kakr kEtdKx cEmitX yle__article__paragraph\">Tapahtuneen j\u00e4lkeen Ven\u00e4l\u00e4inen kommentoi asiaa Ylelle s\u00e4hk\u00f6postitse. H\u00e4nen mukaansa kyseisess\u00e4 asiakaspalvelutilanteessa oli toimittu yksiselitteisesti v\u00e4\u00e4rin.<\/p>\n<p class=\"aw-1gybjub aw-1p7kakr kEtdKx cEmitX yle__article__paragraph\">Ven\u00e4l\u00e4inen pyysi tapahtunutta anteeksi ja totesi, ett\u00e4 Kontiolahden K-marketissa ei hyv\u00e4ksyt\u00e4 syrjint\u00e4\u00e4 miss\u00e4\u00e4n muodossa.<\/p>\n<p class=\"aw-1gybjub aw-1p7kakr kEtdKx cEmitX yle__article__paragraph\">Nyky\u00e4\u00e4n Kontiolahden K-Marketissa on toinen kauppias, jolla ei ole mit\u00e4\u00e4n tekemist\u00e4 syrjint\u00e4tapauksen kanssa. Kauppias vaihtui toukokuussa 2024.<\/p>\n<p><img decoding=\"async\" alt=\"Kontiolahden K-market.\" src=\"https:\/\/www.europesays.com\/fi\/wp-content\/uploads\/2026\/02\/39-124808365d74a5cb90e9.jpeg\" loading=\"lazy\" class=\"aw-1l9m598 hKVVvP\"\/><\/p>\n<p>Avaa kuvien katselu<\/p>\n<p>Kontiolahden K-kaupan kauppias vaihtui vajaat kaksi vuotta sitten. Kauppaa nykyisin luotsaava kauppias kertoo saaneensa boikottiuhkauksia edelt\u00e4j\u00e4ns\u00e4 aikakauden tapahtumista.  Kuva: Ari Haimakainen \/ Yle<\/p>\n<p class=\"aw-1gybjub aw-1p7kakr kEtdKx cEmitX yle__article__paragraph\">Tuomiot eiv\u00e4t ole lainvoimaisia.<\/p>\n","protected":false},"excerpt":{"rendered":"Tapaus sai laajaa julkisuutta kaksi vuotta sitten, kun syrjitty nainen julkaisi tilanteesta videon Facebookissa. Avaa kuvien katselu Tuomio&hellip;\n","protected":false},"author":2,"featured_media":193396,"comment_status":"","ping_status":"","sticky":false,"template":"","format":"standard","meta":{"footnotes":"","_share_on_mastodon":"0"},"categories":[12],"tags":[22,23,26,27,33,31,30,17,21457,3777,1686,71,24,25,28,29,15,18,21,1137,581,30060,14060,32,4798,19,20,16],"class_list":["post-193395","post","type-post","status-publish","format-standard","has-post-thumbnail","category-suomi","tag-breaking-news","tag-breakingnews","tag-featured-news","tag-featurednews","tag-fi","tag-finland","tag-finnish","tag-headlines","tag-k-market","tag-kesko","tag-kontiolahti","tag-kotimaa","tag-latest-news","tag-latestnews","tag-main-news","tag-mainnews","tag-news","tag-otsikot","tag-paauutiset","tag-pohjois-karjala","tag-rikokset","tag-romanien-syrjinta","tag-romanit","tag-suomi","tag-syrjinta","tag-top-stories","tag-topstories","tag-uutiset"],"share_on_mastodon":{"url":"https:\/\/pubeurope.com\/@fi\/116223176043617460","error":""},"_links":{"self":[{"href":"https:\/\/www.europesays.com\/fi\/wp-json\/wp\/v2\/posts\/193395","targetHints":{"allow":["GET"]}}],"collection":[{"href":"https:\/\/www.europesays.com\/fi\/wp-json\/wp\/v2\/posts"}],"about":[{"href":"https:\/\/www.europesays.com\/fi\/wp-json\/wp\/v2\/types\/post"}],"author":[{"embeddable":true,"href":"https:\/\/www.europesays.com\/fi\/wp-json\/wp\/v2\/users\/2"}],"replies":[{"embeddable":true,"href":"https:\/\/www.europesays.com\/fi\/wp-json\/wp\/v2\/comments?post=193395"}],"version-history":[{"count":0,"href":"https:\/\/www.europesays.com\/fi\/wp-json\/wp\/v2\/posts\/193395\/revisions"}],"wp:featuredmedia":[{"embeddable":true,"href":"https:\/\/www.europesays.com\/fi\/wp-json\/wp\/v2\/media\/193396"}],"wp:attachment":[{"href":"https:\/\/www.europesays.com\/fi\/wp-json\/wp\/v2\/media?parent=193395"}],"wp:term":[{"taxonomy":"category","embeddable":true,"href":"https:\/\/www.europesays.com\/fi\/wp-json\/wp\/v2\/categories?post=193395"},{"taxonomy":"post_tag","embeddable":true,"href":"https:\/\/www.europesays.com\/fi\/wp-json\/wp\/v2\/tags?post=193395"}],"curies":[{"name":"wp","href":"https:\/\/api.w.org\/{rel}","templated":true}]}}