{"id":19344,"date":"2025-08-29T03:49:09","date_gmt":"2025-08-29T03:49:09","guid":{"rendered":"https:\/\/www.europesays.com\/fi\/19344\/"},"modified":"2025-08-29T03:49:09","modified_gmt":"2025-08-29T03:49:09","slug":"hallitus-peruuttaa-elakelaisten-veroalesta-naihin-elakkeisiin-se-voi-iskea","status":"publish","type":"post","link":"https:\/\/www.europesays.com\/fi\/19344\/","title":{"rendered":"Hallitus peruuttaa el\u00e4kel\u00e4isten veroalesta \u2013 N\u00e4ihin el\u00e4kkeisiin se voi iske\u00e4"},"content":{"rendered":"<p>Hallitus aikoo pakittaa hyvin tienaavien el\u00e4kel\u00e4isten veroalesta. Peruutus koskisi kuitenkin varsin rajattua joukkoa. <\/p>\n<p><img decoding=\"async\" class=\"image image-show image-preview\" src=\"https:\/\/www.europesays.com\/fi\/wp-content\/uploads\/2025\/08\/1477a65a8a050430a0eca50af2f2948ed86d1315210c16865ea47089cb8835ef.jpg\" alt=\"\"\/><img decoding=\"async\" class=\"image image-show\" src=\"https:\/\/www.europesays.com\/fi\/wp-content\/uploads\/2025\/08\/1756439349_761_1477a65a8a050430a0eca50af2f2948ed86d1315210c16865ea47089cb8835ef.jpg\" alt=\"\"\/><\/p>\n<p>El\u00e4kel\u00e4isten verotus muuttuu ensi vuonna. Hyv\u00e4tuloisimpien kohdalla viime kev\u00e4\u00e4ll\u00e4 sovitusta veroalesta ollaan nyt peruuttamassa. Levi Veps\u00e4<\/p>\n<p class=\"paragraph\">Hyv\u00e4tuloisten el\u00e4kel\u00e4isten veronalennus n\u00e4ytt\u00e4\u00e4 peruuntuvan osittain.<\/p>\n<p class=\"paragraph\">Iltalehden tietojen mukaan asiasta on keskusteltu budjettiriiheen valmistelevassa ty\u00f6ryhm\u00e4ss\u00e4 ja hallituksen on tarkoitus peruuttaa ainakin osa kev\u00e4\u00e4ll\u00e4 tehdyst\u00e4 ratkaisustaan.<\/p>\n<p class=\"paragraph\">Kev\u00e4\u00e4ll\u00e4 kehysriihess\u00e4 p\u00e4\u00e4ministeri <strong>Petteri Orpon<\/strong> (kok) hallitus p\u00e4\u00e4tti kevent\u00e4\u00e4 ansiotulojen ylint\u00e4 marginaaliveroa. Sen yl\u00e4rajaksi asetettiin 52 prosenttia.<\/p>\n<p class=\"paragraph\">Samalla hallitus p\u00e4\u00e4tti pienent\u00e4\u00e4 el\u00e4ketulon lis\u00e4veroa, eli \u201draippaveroa\u201d, yhteens\u00e4 noin 80 miljoonalla eurolla. 5,85 prosentin \u201draippaveroa\u201d maksetaan el\u00e4ketulosta, joka ylitt\u00e4\u00e4 47 000 euroa vuodessa.<\/p>\n<p class=\"paragraph\">Kehysriihen p\u00e4\u00e4t\u00f6sten seurauksena etenkin <a href=\"https:\/\/www.iltalehti.fi\/politiikka\/10eed4f4-c556-4be4-8dc7-5a641fa79916\" rel=\"nofollow noopener\" target=\"_blank\">suuria el\u00e4kkeit\u00e4 nauttivien el\u00e4kel\u00e4isten verotus kevenisi<\/a>.<\/p>\n<p class=\"paragraph\">Oheisesta taulukosta n\u00e4et, millaiset veronkevennykset tai -kiristykset eri tulotasoilla oli alun perin luvassa.<\/p>\n<p class=\"paragraph\">Nyt hallitus aikoo pakittaa hyvin tienaavien el\u00e4kel\u00e4isten veroalesta. <a href=\"https:\/\/www.iltalehti.fi\/politiikka\/d847fa41-0df9-41bd-a1a6-0417f51a764a\" rel=\"nofollow noopener\" target=\"_blank\">Iltalehti kertoi<\/a> jo kes\u00e4kuussa, ett\u00e4 hyv\u00e4tuloisten el\u00e4kel\u00e4isten veroalesta peruutetaan, ja asia ratkaistaisiin raippaverosta kiinni pit\u00e4m\u00e4ll\u00e4 tai sit\u00e4 muokkaamalla.<\/p>\n<p class=\"paragraph\">Taustalla on ajatus siit\u00e4, ett\u00e4 veronalennuksella halutaan kannustaa ihmisi\u00e4 ty\u00f6ntekoon, mutta el\u00e4kel\u00e4isten kohdalla samanlaista kannustinvaikutusta ei olisi.<\/p>\n<p class=\"paragraph\"><a href=\"https:\/\/www.hs.fi\/politiikka\/art-2000011454542.html\" rel=\"noopener nofollow\" target=\"_blank\">Helsingin Sanomat<\/a> kertoi keskiviikkona, ett\u00e4 el\u00e4kkeiden verotusratkaisusta peruuttaminen p\u00e4\u00e4tet\u00e4\u00e4n osana budjettiriiht\u00e4 syyskuun alussa.<\/p>\n<p>Miten hyv\u00e4tuloisten el\u00e4kel\u00e4isten veroale perutaan?<\/p>\n<p class=\"paragraph\">Valtiovarainministeri\u00f6 (VM) l\u00e4hetti kes\u00e4kuun lopussa lausuntokierrokselle tuloverotuksen uudistusta koskevan esitysluonnoksen. Siin\u00e4 el\u00e4kel\u00e4isten veroalea ei oltu peruttu, mutta tiedotteessaan VM kertoi, ett\u00e4 hallituksen on tarkoitus my\u00f6hemmin korjata tilanne. Tuolloin linjana oli, ett\u00e4 &#8221;suurten el\u00e4kkeiden verotus ei kevene enemp\u00e4\u00e4 kuin vastaavan palkkatulon verotus\u201d.<\/p>\n<p>Hallitus kokoontuu syyskuun alussa budjettiriiheen p\u00e4\u00e4tt\u00e4m\u00e4\u00e4n ensi vuoden valtionbudjetista. Kuvassa valtiovarainministeri Riikka Purra (ps). Jenni G\u00e4stgivar<\/p>\n<p class=\"paragraph\">Iltalehden tiedossa ei ole, millaisella mekanismilla hyv\u00e4tuloisten el\u00e4kel\u00e4isten veroaleen on tarkoitus lopulta budjettiriihess\u00e4 puuttua.<\/p>\n<p class=\"paragraph\">Mik\u00e4li verotusta korjattaisiin VM:n kes\u00e4kuussa kertoman mukaisesti, se tarkoittaisi muutoksia l\u00e4hinn\u00e4 yli 12 500 euron kuukausiel\u00e4kett\u00e4 ansaitsevien el\u00e4kel\u00e4isten verotukseen.<\/p>\n<p class=\"paragraph\">Esimerkiksi 15 000 euron kuukausiel\u00e4kkeell\u00e4 veroale pienenisi 5800 eurosta vuodessa noin 4300 euroon vuodessa.<\/p>\n<p class=\"paragraph\">Huomattavan hyv\u00e4tuloisia el\u00e4kel\u00e4isi\u00e4 on varsin pieni m\u00e4\u00e4r\u00e4. Yli 10 000 euron kuukausiel\u00e4kett\u00e4 sai viime vuonna Suomessa ainoastaan noin 2 000 henkil\u00f6\u00e4. N\u00e4in ollen muutoksen vaikutukset valtion budjettiin j\u00e4isiv\u00e4t varsin pieneksi.<\/p>\n<p class=\"paragraph\">On my\u00f6s mahdollista, ett\u00e4 hallitus kirist\u00e4\u00e4 hyv\u00e4tuloisten el\u00e4kel\u00e4isten verotusta yll\u00e4 kuvattua enemm\u00e4n.<\/p>\n<p class=\"paragraph\">Orpon hallitus kokoontuu budjettiriiheen ensi maanantaina ja tiistaina. Silloin hallituksen on tarkoitus p\u00e4\u00e4st\u00e4 lopullisesti sopuun noin miljardin euron sopeutustoimista ja my\u00f6s siit\u00e4, miten el\u00e4kel\u00e4isten veroalea peruutetaan.<\/p>\n","protected":false},"excerpt":{"rendered":"Hallitus aikoo pakittaa hyvin tienaavien el\u00e4kel\u00e4isten veroalesta. Peruutus koskisi kuitenkin varsin rajattua joukkoa. El\u00e4kel\u00e4isten verotus muuttuu ensi vuonna.&hellip;\n","protected":false},"author":2,"featured_media":19345,"comment_status":"","ping_status":"","sticky":false,"template":"","format":"standard","meta":{"footnotes":""},"categories":[5],"tags":[35,22,23,26,27,33,31,30,2346,863,2168,17,24,25,28,29,15,18,21,637,32,19,20,16,2186],"class_list":{"0":"post-19344","1":"post","2":"type-post","3":"status-publish","4":"format-standard","5":"has-post-thumbnail","7":"category-otsikot","8":"tag-24h","9":"tag-breaking-news","10":"tag-breakingnews","11":"tag-featured-news","12":"tag-featurednews","13":"tag-fi","14":"tag-finland","15":"tag-finnish","16":"tag-hallituksen-talouspolitiikka","17":"tag-hallitus","18":"tag-hallituspolitiikka","19":"tag-headlines","20":"tag-latest-news","21":"tag-latestnews","22":"tag-main-news","23":"tag-mainnews","24":"tag-news","25":"tag-otsikot","26":"tag-paauutiset","27":"tag-politiikka","28":"tag-suomi","29":"tag-top-stories","30":"tag-topstories","31":"tag-uutiset","32":"tag-verotus"},"share_on_mastodon":{"url":"","error":""},"_links":{"self":[{"href":"https:\/\/www.europesays.com\/fi\/wp-json\/wp\/v2\/posts\/19344","targetHints":{"allow":["GET"]}}],"collection":[{"href":"https:\/\/www.europesays.com\/fi\/wp-json\/wp\/v2\/posts"}],"about":[{"href":"https:\/\/www.europesays.com\/fi\/wp-json\/wp\/v2\/types\/post"}],"author":[{"embeddable":true,"href":"https:\/\/www.europesays.com\/fi\/wp-json\/wp\/v2\/users\/2"}],"replies":[{"embeddable":true,"href":"https:\/\/www.europesays.com\/fi\/wp-json\/wp\/v2\/comments?post=19344"}],"version-history":[{"count":0,"href":"https:\/\/www.europesays.com\/fi\/wp-json\/wp\/v2\/posts\/19344\/revisions"}],"wp:featuredmedia":[{"embeddable":true,"href":"https:\/\/www.europesays.com\/fi\/wp-json\/wp\/v2\/media\/19345"}],"wp:attachment":[{"href":"https:\/\/www.europesays.com\/fi\/wp-json\/wp\/v2\/media?parent=19344"}],"wp:term":[{"taxonomy":"category","embeddable":true,"href":"https:\/\/www.europesays.com\/fi\/wp-json\/wp\/v2\/categories?post=19344"},{"taxonomy":"post_tag","embeddable":true,"href":"https:\/\/www.europesays.com\/fi\/wp-json\/wp\/v2\/tags?post=19344"}],"curies":[{"name":"wp","href":"https:\/\/api.w.org\/{rel}","templated":true}]}}