{"id":19350,"date":"2025-08-29T04:02:07","date_gmt":"2025-08-29T04:02:07","guid":{"rendered":"https:\/\/www.europesays.com\/fi\/19350\/"},"modified":"2025-08-29T04:02:07","modified_gmt":"2025-08-29T04:02:07","slug":"1960-luvun-iittilaistalon-suunnittelija-oli-nimekas-arkkitehti-hanna-nohynek-ja-mika-salminen-esittelevat-kotiaan-lauantaina-paijat-hame","status":"publish","type":"post","link":"https:\/\/www.europesays.com\/fi\/19350\/","title":{"rendered":"1960-luvun iittil\u00e4istalon suunnittelija oli nimek\u00e4s arkkitehti \u2013 Hanna Nohynek ja Mika Salminen esittelev\u00e4t kotiaan lauantaina | P\u00e4ij\u00e4t-H\u00e4me"},"content":{"rendered":"<p>Talossa on s\u00e4ilynyt paljon alkuper\u00e4ist\u00e4, kuten v\u00e4ritys, kylpyhuoneen laatoitus ja olohuoneen kaapisto. K\u00e4y kotihin -tapahtuma avaa iittil\u00e4isi\u00e4 koteja ja yrityksi\u00e4 yleis\u00f6lle.<\/p>\n<p>Mustavalkoiseen, yksikerroksiseen taloon Iitin Kausalassa pit\u00e4\u00e4 hetki etsi\u00e4 sis\u00e4\u00e4nk\u00e4ynti\u00e4. 1960-luvun talo on kasvillisuuden takana omassa rauhassaan, v\u00e4h\u00e4n piilossa.<\/p>\n","protected":false},"excerpt":{"rendered":"Talossa on s\u00e4ilynyt paljon alkuper\u00e4ist\u00e4, kuten v\u00e4ritys, kylpyhuoneen laatoitus ja olohuoneen kaapisto. K\u00e4y kotihin -tapahtuma avaa iittil\u00e4isi\u00e4 koteja&hellip;\n","protected":false},"author":2,"featured_media":19351,"comment_status":"","ping_status":"","sticky":false,"template":"","format":"standard","meta":{"footnotes":""},"categories":[135],"tags":[389,387,388,36,542,6912,390,137,33,31,30,104,4173,1233,32,394,393,391,392,1667,109],"class_list":{"0":"post-19350","1":"post","2":"type-post","3":"status-publish","4":"format-standard","5":"has-post-thumbnail","7":"category-taiteet-ja-suunnittelu","8":"tag-arts","9":"tag-arts-and-design","10":"tag-artsanddesign","11":"tag-asuintalot-ja-asunnot","12":"tag-asuminen","13":"tag-asumisen-paikka","14":"tag-design","15":"tag-entertainment","16":"tag-fi","17":"tag-finland","18":"tag-finnish","19":"tag-helsinki","20":"tag-iitti","21":"tag-koti","22":"tag-suomi","23":"tag-suunnittelu","24":"tag-taiteet","25":"tag-taiteet-ja-suunnittelu","26":"tag-taiteetsuunnittelu","27":"tag-tapahtumat","28":"tag-viihde"},"share_on_mastodon":{"url":"","error":""},"_links":{"self":[{"href":"https:\/\/www.europesays.com\/fi\/wp-json\/wp\/v2\/posts\/19350","targetHints":{"allow":["GET"]}}],"collection":[{"href":"https:\/\/www.europesays.com\/fi\/wp-json\/wp\/v2\/posts"}],"about":[{"href":"https:\/\/www.europesays.com\/fi\/wp-json\/wp\/v2\/types\/post"}],"author":[{"embeddable":true,"href":"https:\/\/www.europesays.com\/fi\/wp-json\/wp\/v2\/users\/2"}],"replies":[{"embeddable":true,"href":"https:\/\/www.europesays.com\/fi\/wp-json\/wp\/v2\/comments?post=19350"}],"version-history":[{"count":0,"href":"https:\/\/www.europesays.com\/fi\/wp-json\/wp\/v2\/posts\/19350\/revisions"}],"wp:featuredmedia":[{"embeddable":true,"href":"https:\/\/www.europesays.com\/fi\/wp-json\/wp\/v2\/media\/19351"}],"wp:attachment":[{"href":"https:\/\/www.europesays.com\/fi\/wp-json\/wp\/v2\/media?parent=19350"}],"wp:term":[{"taxonomy":"category","embeddable":true,"href":"https:\/\/www.europesays.com\/fi\/wp-json\/wp\/v2\/categories?post=19350"},{"taxonomy":"post_tag","embeddable":true,"href":"https:\/\/www.europesays.com\/fi\/wp-json\/wp\/v2\/tags?post=19350"}],"curies":[{"name":"wp","href":"https:\/\/api.w.org\/{rel}","templated":true}]}}