{"id":193603,"date":"2026-03-13T23:38:09","date_gmt":"2026-03-13T23:38:09","guid":{"rendered":"https:\/\/www.europesays.com\/fi\/193603\/"},"modified":"2026-03-13T23:38:09","modified_gmt":"2026-03-13T23:38:09","slug":"hameenlinnalainen-miesporukka-juhli-satavuotiasta-merisaata-tietokilpailu-ja-hulvatonta-huumoria-kotimaa","status":"publish","type":"post","link":"https:\/\/www.europesays.com\/fi\/193603\/","title":{"rendered":"H\u00e4meen\u00adlinnalainen mies\u00adporukka juhli satavuotiasta meris\u00e4\u00e4t\u00e4 \u2013 tietokilpailu ja hulvatonta huumoria | Kotimaa"},"content":{"rendered":"<p class=\"aw-1gybjub aw-5vja16 kEtdKx kmuxyA yle__article__paragraph\">H\u00e4meen\u00adlinnalainen aamukahvi\u00adporukka juhli klassikkoa pilke silm\u00e4kulmassa. Meris\u00e4\u00e4 t\u00e4ytt\u00e4\u00e4 100 vuotta sunnuntaina.<\/p>\n<p><img decoding=\"async\" alt=\"Kolme iloista miest\u00e4 osoittelee sormilla.\" src=\"https:\/\/www.europesays.com\/fi\/wp-content\/uploads\/2026\/03\/39-161137869b3ef4e8b83b.jpeg\" class=\"aw-1l9m598 hKVVvP\"\/><\/p>\n<p>Avaa kuvien katselu<\/p>\n<p>Kari Salmenoja eli Isokari, Antti Korpimaa ja Kalevi Kilpi ovat meris\u00e4\u00e4n yst\u00e4vi\u00e4. Kuva: Maarit Piri-Lahti \/ Yle<\/p>\n<p class=\"aw-1gybjub aw-am3gsa kEtdKx ZKIzy yle__accessibilityText\">Osa artikkelin sis\u00e4ll\u00f6st\u00e4 ei ole v\u00e4ltt\u00e4m\u00e4tt\u00e4 saavutettavissa esimerkiksi ruudunlukuohjelmalla.<\/p>\n<p class=\"aw-1gybjub aw-1p7kakr kEtdKx cEmitX yle__article__paragraph\">H\u00e4meenlinnalainen miesporukka juhli <a class=\"aw-iao6s4 iHOxEa yle__article__link\" href=\"https:\/\/www.ilmatieteenlaitos.fi\/saatiedotus-merenkulkijoille\" role=\"link\" rel=\"nofollow noopener\" target=\"_blank\">meris\u00e4\u00e4n<\/a> satavuotisp\u00e4iv\u00e4\u00e4 hervottomalla huumorilla. He pitiv\u00e4t tietovisan rannikkoasemista ja aallonkorkeudesta ja tietenkin lukivat \u00e4\u00e4neen meris\u00e4\u00e4n.<\/p>\n<p class=\"aw-1gybjub aw-1p7kakr kEtdKx cEmitX yle__article__paragraph\">\u2013 Rakkaat meris\u00e4\u00e4n yst\u00e4v\u00e4t, alkoi <strong class=\"aw-ak79eh KyCXm yle__article__strong\">Antti Korpimaan<\/strong> tervehdys.<\/p>\n<p class=\"aw-1gybjub aw-1p7kakr kEtdKx cEmitX yle__article__paragraph\">Ensimm\u00e4isen kerran s\u00e4\u00e4tiedotus merenkulkijoille l\u00e4hetettiin Hanko-radiossa 15. maaliskuuta vuonna 1926. Vaasa-radio ja Viipuri-radio tekiv\u00e4t pian samoin per\u00e4ss\u00e4. Radiosta l\u00e4hetetyt s\u00e4\u00e4tiedotukset ja myrskyvaroitukset ovat olleet arkip\u00e4iv\u00e4\u00e4 tuosta p\u00e4iv\u00e4st\u00e4 l\u00e4htien.<\/p>\n<p class=\"aw-1gybjub aw-1p7kakr kEtdKx cEmitX yle__article__paragraph\">Nyky\u00e4\u00e4n meris\u00e4\u00e4n tekee Ilmatieteen laitos. Meris\u00e4\u00e4 on osa Yleisradion viranomaistiedottamista.<\/p>\n<p>My\u00f6s maakravut rakastavat meris\u00e4\u00e4t\u00e4<\/p>\n<p class=\"aw-1gybjub aw-1p7kakr kEtdKx cEmitX yle__article__paragraph\">Antti Korpimaa ja <strong class=\"aw-ak79eh KyCXm yle__article__strong\">Kalevi Kilpi<\/strong> ymm\u00e4rt\u00e4v\u00e4t meris\u00e4\u00e4n todellisen merkityksen merenkulkijoille, vaikka asuvatkin sis\u00e4maassa.<\/p>\n<p class=\"aw-1gybjub aw-1p7kakr kEtdKx cEmitX yle__article__paragraph\">\u2013 Meille t\u00e4m\u00e4 oli vain hieno syy j\u00e4rjest\u00e4\u00e4 juhlat, Korpimaa my\u00f6nt\u00e4\u00e4.<\/p>\n<p class=\"aw-1gybjub aw-1p7kakr kEtdKx cEmitX yle__article__paragraph\">Korpimaa muistaa hyvin hetken, kun meris\u00e4\u00e4 keskeytti jalkapallo-ottelun. Suomi teki eritt\u00e4in t\u00e4rke\u00e4n maalin sin\u00e4 aikana, kun meris\u00e4\u00e4 luettiin. Toki maalista kerrottiin sitten j\u00e4lkik\u00e4teen.<\/p>\n<p><strong class=\"aw-1bgq5a3 bSmpIc\">Antti Korpimaan juhlapuhe meris\u00e4\u00e4lle<\/strong><\/p>\n<p><img decoding=\"async\" alt=\"Miehi\u00e4 istuu kahvip\u00f6yd\u00e4n \u00e4\u00e4rell\u00e4. Taustalla meris\u00e4\u00e4 taulu.\" src=\"https:\/\/www.europesays.com\/fi\/wp-content\/uploads\/2026\/03\/39-161137769b3ef4e1b4cd.jpeg\" loading=\"lazy\" class=\"aw-1l9m598 hKVVvP\"\/><\/p>\n<p>Avaa kuvien katselu<\/p>\n<p>Meris\u00e4\u00e4t\u00e4 oli saapunut juhlimaan yli 30 miest\u00e4. Aamukahviporukka on kokoontunut jo yli 30 vuotta arkiaamuisin keskustelemaan ajankohtaisista asioista. Kuva: Maarit Piri-Lahti \/ YlePitk\u00e4 historia ja lapsuusmuistot<\/p>\n<p class=\"aw-1gybjub aw-1p7kakr kEtdKx cEmitX yle__article__paragraph\">Satavuotias meris\u00e4\u00e4 on noussut klassikon asemaan. Viisi kertaa p\u00e4iv\u00e4ss\u00e4 l\u00e4hetett\u00e4v\u00e4 s\u00e4\u00e4tiedotus merenkulkijoille on yksi pisimp\u00e4\u00e4n Ylen ohjelmistossa ollut tiedotus.<\/p>\n<p class=\"aw-1gybjub aw-1p7kakr kEtdKx cEmitX yle__article__paragraph\">Antti Korpimaalla on selke\u00e4 vastaus siihen, miksi suomalaiset rakastavat meris\u00e4\u00e4t\u00e4: siihen liittyy pitk\u00e4 historia ja kaikkea positiivista.<\/p>\n<p class=\"aw-1gybjub aw-1p7kakr kEtdKx cEmitX yle__article__paragraph\">\u2013 Jos radiota kuuntelee, meris\u00e4\u00e4n kuulee v\u00e4ist\u00e4m\u00e4tt\u00e4 monta kertaa p\u00e4iv\u00e4ss\u00e4. V\u00e4lill\u00e4 se katkaisee jonkun t\u00e4rke\u00e4n ohjelman, niin j\u00e4\u00e4 mieliin. Monet muistavat meris\u00e4\u00e4n lapsuudesta, kun radiota kuunneltiin viel\u00e4 enemm\u00e4n.<\/p>\n<p class=\"aw-1gybjub aw-1p7kakr kEtdKx cEmitX yle__article__paragraph\">Kalevi Kilpi kertoo, ett\u00e4 miehet aikovat matkustaa toukokuussa Bengtsk\u00e4rin majakalle.<\/p>\n<p><strong class=\"aw-1bgq5a3 bSmpIc\">Meris\u00e4\u00e4st\u00e4 voi j\u00e4rjest\u00e4\u00e4 tiukan tietokilpailun<\/strong><\/p>\n<p>Aamukahvi yhdist\u00e4\u00e4<\/p>\n<p class=\"aw-1gybjub aw-1p7kakr kEtdKx cEmitX yle__article__paragraph\">H\u00e4meenlinnalainen miesporukka on kokoontunut joka arkiaamu jo yli 30 vuotta. Joukossa on el\u00e4kel\u00e4isi\u00e4, mutta my\u00f6s muutama ty\u00f6ss\u00e4k\u00e4vij\u00e4.<\/p>\n<p class=\"aw-1gybjub aw-1p7kakr kEtdKx cEmitX yle__article__paragraph\">\u2013 Joka arkiaamu kelloni soi seitsem\u00e4lt\u00e4. Aamukahvimme on eritt\u00e4in t\u00e4rke\u00e4 sosiaalinen tapahtuma, sanoo Korpimaa.<\/p>\n<p class=\"aw-1gybjub aw-1p7kakr kEtdKx cEmitX yle__article__paragraph\">Kalevi Kilven mukaan ihmisten pit\u00e4isi jutella enemm\u00e4n kesken\u00e4\u00e4n \u2013 my\u00f6s h\u00f6p\u00f6tt\u00e4\u00e4 ja puhua kevyemmist\u00e4 asioista.<\/p>\n<p class=\"aw-1gybjub aw-1p7kakr kEtdKx cEmitX yle__article__paragraph\">\u2013 Me ollaan vuosikausia kokoonnuttu ja tyk\u00e4t\u00e4\u00e4n toisistamme.<\/p>\n<p><img decoding=\"async\" alt=\"Meris\u00e4\u00e4 aiheisia laulujen nimi\u00e4.\" src=\"https:\/\/www.europesays.com\/fi\/wp-content\/uploads\/2026\/03\/39-161137669b3ef4da1cff.jpeg\" loading=\"lazy\" class=\"aw-1l9m598 hKVVvP\"\/><\/p>\n<p>Avaa kuvien katselu<\/p>\n<p>Meris\u00e4\u00e4n 100-vuotisjuhliin oli varustauduttu my\u00f6s ker\u00e4\u00e4m\u00e4ll\u00e4 teemaan sis\u00e4ltyv\u00e4\u00e4 musiikkia. Kuva: Maarit Piri-Lahti \/ YleHaluatko pelata vanhaa Meris\u00e4\u00e4 peli\u00e4?<\/p>\n","protected":false},"excerpt":{"rendered":"H\u00e4meen\u00adlinnalainen aamukahvi\u00adporukka juhli klassikkoa pilke silm\u00e4kulmassa. Meris\u00e4\u00e4 t\u00e4ytt\u00e4\u00e4 100 vuotta sunnuntaina. Avaa kuvien katselu Kari Salmenoja eli Isokari,&hellip;\n","protected":false},"author":2,"featured_media":193604,"comment_status":"","ping_status":"","sticky":false,"template":"","format":"standard","meta":{"footnotes":"","_share_on_mastodon":"0"},"categories":[12],"tags":[22,23,26,27,33,31,30,2109,17,1794,188,71,24,25,28,29,30090,2715,15,18,21,710,32,19,20,16],"class_list":["post-193603","post","type-post","status-publish","format-standard","has-post-thumbnail","category-suomi","tag-breaking-news","tag-breakingnews","tag-featured-news","tag-featurednews","tag-fi","tag-finland","tag-finnish","tag-hameenlinna","tag-headlines","tag-kanta-hame","tag-keskustelu","tag-kotimaa","tag-latest-news","tag-latestnews","tag-main-news","tag-mainnews","tag-merisaa","tag-miehet","tag-news","tag-otsikot","tag-paauutiset","tag-saa","tag-suomi","tag-top-stories","tag-topstories","tag-uutiset"],"share_on_mastodon":{"url":"https:\/\/pubeurope.com\/@fi\/116224504926322868","error":""},"_links":{"self":[{"href":"https:\/\/www.europesays.com\/fi\/wp-json\/wp\/v2\/posts\/193603","targetHints":{"allow":["GET"]}}],"collection":[{"href":"https:\/\/www.europesays.com\/fi\/wp-json\/wp\/v2\/posts"}],"about":[{"href":"https:\/\/www.europesays.com\/fi\/wp-json\/wp\/v2\/types\/post"}],"author":[{"embeddable":true,"href":"https:\/\/www.europesays.com\/fi\/wp-json\/wp\/v2\/users\/2"}],"replies":[{"embeddable":true,"href":"https:\/\/www.europesays.com\/fi\/wp-json\/wp\/v2\/comments?post=193603"}],"version-history":[{"count":0,"href":"https:\/\/www.europesays.com\/fi\/wp-json\/wp\/v2\/posts\/193603\/revisions"}],"wp:featuredmedia":[{"embeddable":true,"href":"https:\/\/www.europesays.com\/fi\/wp-json\/wp\/v2\/media\/193604"}],"wp:attachment":[{"href":"https:\/\/www.europesays.com\/fi\/wp-json\/wp\/v2\/media?parent=193603"}],"wp:term":[{"taxonomy":"category","embeddable":true,"href":"https:\/\/www.europesays.com\/fi\/wp-json\/wp\/v2\/categories?post=193603"},{"taxonomy":"post_tag","embeddable":true,"href":"https:\/\/www.europesays.com\/fi\/wp-json\/wp\/v2\/tags?post=193603"}],"curies":[{"name":"wp","href":"https:\/\/api.w.org\/{rel}","templated":true}]}}