{"id":19365,"date":"2025-08-29T04:14:08","date_gmt":"2025-08-29T04:14:08","guid":{"rendered":"https:\/\/www.europesays.com\/fi\/19365\/"},"modified":"2025-08-29T04:14:08","modified_gmt":"2025-08-29T04:14:08","slug":"poliisi-pysaytti-harvinaisen-rattijuopon","status":"publish","type":"post","link":"https:\/\/www.europesays.com\/fi\/19365\/","title":{"rendered":"Poliisi pys\u00e4ytti harvinaisen rattijuopon"},"content":{"rendered":"<p>Limingantullissa moottoripy\u00f6r\u00e4ilij\u00e4 kaahasi poliisia karkuun. Takaa-ajon p\u00e4\u00e4tteeksi h\u00e4nelt\u00e4 takavarikoitiin luvaton k\u00e4siase ja huumausainetta.<\/p>\n<p><img decoding=\"async\" class=\"image image-show image-preview\" src=\"https:\/\/www.europesays.com\/fi\/wp-content\/uploads\/2025\/08\/865979296755505db949f8a45f1b2f97bfe4a1c58fa4d05da7d42074b9614834.jpg\" alt=\"\"\/><img decoding=\"async\" class=\"image image-show\" src=\"https:\/\/www.europesays.com\/fi\/wp-content\/uploads\/2025\/08\/1756440848_902_865979296755505db949f8a45f1b2f97bfe4a1c58fa4d05da7d42074b9614834.jpg\" alt=\"\"\/><\/p>\n<p>Kaivinkoneen kuljettaja m\u00e4\u00e4r\u00e4ttiin ajokieltoon. Jenni G\u00e4stgivar<\/p>\n<p class=\"paragraph\">Poliisi tavoitti Oulussa hieman harvinaisemman ep\u00e4illyn rattijuopon. Torstai-iltana kello 21 j\u00e4lkeen partio pys\u00e4ytti kaivinkoneen Oulunportissa.<\/p>\n<p class=\"paragraph\">\u2013 K\u00e4vi ilmi, ett\u00e4 kuljettaja oli nauttinut miest\u00e4 v\u00e4kev\u00e4mp\u00e4\u00e4. H\u00e4n puhalsi alkometriin rattijuopumuksen rajan ylitt\u00e4v\u00e4n tuloksen, Oulun poliisista kerrotaan tiedotteessa.<\/p>\n<p class=\"paragraph\">Tarkkuusalkometritestin j\u00e4lkeen miehelle kirjoitettiin sakko rattijuopumuksesta ja h\u00e4net m\u00e4\u00e4r\u00e4ttiin ajokieltoon.<\/p>\n<p class=\"paragraph\">Tuntia my\u00f6hemmin Oulun Limingantullissa moottoripy\u00f6r\u00e4ilij\u00e4 aiheutti vaaratilanteita muulle liikenteelle, kun poliisipartio yritti pys\u00e4ytt\u00e4\u00e4 h\u00e4nt\u00e4.<\/p>\n<p class=\"paragraph\">Mies ajoi rekisterist\u00e4 poistetulla moottoripy\u00f6r\u00e4ll\u00e4 kevyen liikenteen v\u00e4yl\u00e4\u00e4 ja punaisia p\u00e4in. Suurimmillaan nopeus oli yli 95 kilometri\u00e4 tunnissa. Lyhyen takaa-ajon j\u00e4lkeen mies menetti py\u00f6r\u00e4ns\u00e4 hallinnan ja kaatui. Loukkaantumisia ei tapahtunut.<\/p>\n<p class=\"paragraph\">Moottoripy\u00f6r\u00e4ilij\u00e4n hallusta l\u00f6ydettiin luvaton k\u00e4siase ja v\u00e4h\u00e4inen m\u00e4\u00e4r\u00e4 huumausainetta.<\/p>\n<p class=\"paragraph\">Partio kirjasi rikosilmoituksen t\u00f6rke\u00e4st\u00e4 liikenneturvallisuuden vaarantamisesta, rattijuopumuksesta, ampuma-aserikoksesta ja huumausaineen k\u00e4ytt\u00f6rikoksesta.<\/p>\n","protected":false},"excerpt":{"rendered":"Limingantullissa moottoripy\u00f6r\u00e4ilij\u00e4 kaahasi poliisia karkuun. Takaa-ajon p\u00e4\u00e4tteeksi h\u00e4nelt\u00e4 takavarikoitiin luvaton k\u00e4siase ja huumausainetta. Kaivinkoneen kuljettaja m\u00e4\u00e4r\u00e4ttiin ajokieltoon. Jenni&hellip;\n","protected":false},"author":2,"featured_media":19366,"comment_status":"","ping_status":"","sticky":false,"template":"","format":"standard","meta":{"footnotes":""},"categories":[12],"tags":[35,22,23,26,27,33,31,30,17,55,24,25,121,28,29,15,18,21,54,52,32,128,19,20,16],"class_list":{"0":"post-19365","1":"post","2":"type-post","3":"status-publish","4":"format-standard","5":"has-post-thumbnail","7":"category-suomi","8":"tag-24h","9":"tag-breaking-news","10":"tag-breakingnews","11":"tag-featured-news","12":"tag-featurednews","13":"tag-fi","14":"tag-finland","15":"tag-finnish","16":"tag-headlines","17":"tag-lainvalvonta","18":"tag-latest-news","19":"tag-latestnews","20":"tag-liikenne-ja-kuljetus","21":"tag-main-news","22":"tag-mainnews","23":"tag-news","24":"tag-otsikot","25":"tag-paauutiset","26":"tag-pelastuspalvelut","27":"tag-poliisi","28":"tag-suomi","29":"tag-tieliikenne","30":"tag-top-stories","31":"tag-topstories","32":"tag-uutiset"},"share_on_mastodon":{"url":"","error":""},"_links":{"self":[{"href":"https:\/\/www.europesays.com\/fi\/wp-json\/wp\/v2\/posts\/19365","targetHints":{"allow":["GET"]}}],"collection":[{"href":"https:\/\/www.europesays.com\/fi\/wp-json\/wp\/v2\/posts"}],"about":[{"href":"https:\/\/www.europesays.com\/fi\/wp-json\/wp\/v2\/types\/post"}],"author":[{"embeddable":true,"href":"https:\/\/www.europesays.com\/fi\/wp-json\/wp\/v2\/users\/2"}],"replies":[{"embeddable":true,"href":"https:\/\/www.europesays.com\/fi\/wp-json\/wp\/v2\/comments?post=19365"}],"version-history":[{"count":0,"href":"https:\/\/www.europesays.com\/fi\/wp-json\/wp\/v2\/posts\/19365\/revisions"}],"wp:featuredmedia":[{"embeddable":true,"href":"https:\/\/www.europesays.com\/fi\/wp-json\/wp\/v2\/media\/19366"}],"wp:attachment":[{"href":"https:\/\/www.europesays.com\/fi\/wp-json\/wp\/v2\/media?parent=19365"}],"wp:term":[{"taxonomy":"category","embeddable":true,"href":"https:\/\/www.europesays.com\/fi\/wp-json\/wp\/v2\/categories?post=19365"},{"taxonomy":"post_tag","embeddable":true,"href":"https:\/\/www.europesays.com\/fi\/wp-json\/wp\/v2\/tags?post=19365"}],"curies":[{"name":"wp","href":"https:\/\/api.w.org\/{rel}","templated":true}]}}