{"id":193803,"date":"2026-03-14T05:49:41","date_gmt":"2026-03-14T05:49:41","guid":{"rendered":"https:\/\/www.europesays.com\/fi\/193803\/"},"modified":"2026-03-14T05:49:41","modified_gmt":"2026-03-14T05:49:41","slug":"digiviikko-rakennetun-ympariston-toimialan-ohjelma","status":"publish","type":"post","link":"https:\/\/www.europesays.com\/fi\/193803\/","title":{"rendered":"Digiviikko: Rakennetun ymp\u00e4rist\u00f6n toimialan ohjelma"},"content":{"rendered":"<p>Tapahtuma on osa Kuntien digiviikkoa, joka on Kuntaliiton j\u00e4rjest\u00e4m\u00e4 teemaviikko.<\/p>\n<p>\u00a0<\/p>\n<p><strong>Rakennetun ymp\u00e4rist\u00f6n toimialan ohjelma klo 9.00-16.30.<\/strong><\/p>\n<p>\u00a0<\/p>\n<p><strong>9.00-9.15 Tervetuloa ja alustus p\u00e4iv\u00e4n ohjelmaan P\u00e4ivi Tiihonen, Kuntaliitto (pj.)<\/strong><\/p>\n<p>Kuntaliiton rakennetun ymp\u00e4rist\u00f6n digitalisaation edunvalvonnassa on puolustettu toimeenpanon avustuksia kunnille sek\u00e4 korostettu periaatetta, ett\u00e4 yhteentoimivuus luodaan siell\u00e4 miss\u00e4 tieto syntyy. Kaavoituksen ja rakennusvalvonnan yhteentoimivuus voi toteutua laadukkaasti ja kest\u00e4v\u00e4sti vain, jos kansalliset tietomallit ja koodistot upotetaan osaksi kuntien ohjelmistoja.<\/p>\n<p><strong>9.15-12.00 Kaavoituksen digikehityksen tilannekatsaus<\/strong><\/p>\n<p>Kaikki kuntien kaavoitusohjelmistojen toimittajat ovat mukana ymp\u00e4rist\u00f6ministeri\u00f6n avustamissa kumppanitestaushankkeissa. Ohjelmistotoimittajat esittelev\u00e4t, mihin saakka on p\u00e4\u00e4sty ja milloin ty\u00f6kalut on otettavissa k\u00e4ytt\u00f6\u00f6n muissa kunnissa.<\/p>\n<p><strong>9.15-10.30 Sweco<\/strong> (9.15-9.30), <strong>Symetri <\/strong>(9.30-9.45), <strong>Arkance <\/strong>(9.45-10.00), <strong>Bentely&amp;Geoidt<\/strong> (10.00-10.15), <strong>Ubigu<\/strong> (10.15-10.30)<\/p>\n<p>10.30-10.45 Tauko<\/p>\n<p><strong>10.45-12.00 CGI<\/strong> (10.45-11), <strong>ESRI <\/strong>(11-11.15), <strong>GISPO <\/strong>(11.15-11.30), <strong>SITOWISE <\/strong>(11.30-11.45), <strong>TRIMBLE <\/strong>(11.45-12)<\/p>\n<p><strong>12.00-12.10 Kommenttipuheenvuoro: kehitys laadunvalvojan n\u00e4k\u00f6kulmasta (Spatineo)<\/strong><\/p>\n<p>\u00a0<\/p>\n<p><strong>12.10-13.00 LOUNASTAUKO<\/strong><\/p>\n<p>\u00a0<\/p>\n<p><strong>13.00-13.15 Iltap\u00e4iv\u00e4n alustus, P\u00e4ivi Tiihonen (pj.)<\/strong><\/p>\n<p><strong>13.15-13.45 Avustukset kunnille rakennetun ymp\u00e4rist\u00f6n tiedonhallinnan uudistamiseen, Jemina Suikki, Ymp\u00e4rist\u00f6ministeri\u00f6<\/strong><\/p>\n<p>Rakennetun ymp\u00e4rist\u00f6n digitalisaatiota koskevat uudet lakivelvoitteet ovat astuneet voimaan. Vuoden 2028 loppuun menness\u00e4 kunnilla tulee olla tekninen valmius toimittaa kansallisten tietomallien mukaista tietoa kansalliseen rakennetun ymp\u00e4rist\u00f6n tietoj\u00e4rjestelm\u00e4\u00e4n, Ryhtiin. Siirtym\u00e4s\u00e4\u00e4nn\u00f6sten aikana kunnille on tarjolla avustusta uusien digitalisaatiovelvoitteiden toimeenpanoon. Tule kuulemaan, mihin toimenpiteisiin avustusta my\u00f6nnet\u00e4\u00e4n ja miten avustusta haetaan.<\/p>\n<p>Uudet rakennetun ymp\u00e4rist\u00f6n tiedonhallintaa koskevat velvoitteet aiheutuvat rakennetun ymp\u00e4rist\u00f6n tietoj\u00e4rjestelm\u00e4laista (431\/2023), rakentamislasta (751\/2023) ja alueidenk\u00e4ytt\u00f6laista (132\/1999).<\/p>\n<p>\u00a0<\/p>\n<p><strong>13.45-15.00 Rakennusvalvonnan digikehityksen tilannekatsaus<\/strong><\/p>\n<p>Uusi rakentamislaki ja RYTJ-laki tuovat lis\u00e4velvoitteita kunnille ja vaikuttavat luvanhaun palveluihin. Miss\u00e4 menn\u00e4\u00e4n rakennusvalvonnan s\u00e4hk\u00f6isten asiointipalvelujen osalta nyt ja mit\u00e4 on viel\u00e4 kehitt\u00e4m\u00e4tt\u00e4?<\/p>\n<p><strong>13.45-13.50 Alustus (pj.)<\/strong><\/p>\n<p><strong>13.50-14.10 Rakennustietojen tilannekatsaus \/ Cloudpermit<\/strong><\/p>\n<p><strong>14.10-14.30 Rakennustietojen tilannekatsaus \/ Trimble<\/strong><\/p>\n<p><strong>14.30-14.50 Ajankohtaista suunnitelmamalliasetuksesta ja rakennustietojen hallinnasta<\/strong><\/p>\n<p>Esityksess\u00e4 kerrotaan, miten asetuksella tarkennettava suunnitelmamallien ja koneluettavien tietojen sis\u00e4lt\u00f6 etenee sek\u00e4 mit\u00e4 vaikutuksia on erityissuunnitelmiin.<\/p>\n<p><strong>14.50-15.00 Tauko<\/strong><\/p>\n<p>\u00a0<\/p>\n<p><strong>15-16.30 YHTEISTY\u00d6KUMPPANIEN ESITYKSI\u00c4<\/strong><\/p>\n<p><strong>15.00-15.30 Kun tilat ja tieto kohtaavat \u2013 n\u00e4in kunnat hy\u00f6tyv\u00e4t digitaalisesta tilahallinnasta, Marko Suomela, Senaatti<\/strong><\/p>\n<p>Ajantasainen digitaalinen tilatieto antaa kunnille uudenlaisia keinoja vastata toimintaymp\u00e4rist\u00f6n muutoksiin, kuten v\u00e4est\u00f6rakenteen kehitykseen, palveluverkkouudistuksiin, taloudellisiin paineisiin sek\u00e4 rakentamisen muutoksiin ja uudistuneisiin m\u00e4\u00e4r\u00e4yksiin. Kuntien k\u00e4ytt\u00f6\u00f6n kehitetyt tilatietopalvelut tarjoavat tehokkaita ty\u00f6kaluja toimitila- ja rakennuskannan tietojen digitaaliseen hallintaan sek\u00e4 tietoon perustuvaan, pitk\u00e4j\u00e4nteiseen p\u00e4\u00e4t\u00f6ksentekoon. Kuulemme esityksess\u00e4 my\u00f6s konkreettisia esimerkkej\u00e4 siit\u00e4, miten kunnissa on jo hy\u00f6dynnetty digitaalisia tilatietopalveluita k\u00e4yt\u00e4nn\u00f6n toiminnan tukena.<\/p>\n<p><strong>15.30-16.00 Maanmittauslaitoksen palvelut kunnille, Kaisu Harju, Maanmittauslaitos<\/strong><\/p>\n<p>Esityksess\u00e4 kerrotaan, millaisia vaihtoehtoja kunnilla on hy\u00f6dynt\u00e4\u00e4 Maanmittauslaitoksen paikkatietoja ja karttoja, ja mit\u00e4 muutoksia niihin on tulossa. Esitys on suunnattu erityisesti niille, joille Maanmittauslaitoksen paikkatiedot ja kartat eiv\u00e4t ole entuudestaan tuttuja.<\/p>\n<p><strong>16.00-16.30 Ajankohtaista Digiroadista, Janne Grekula, Digiroad tietopalveluvastaava<\/strong><\/p>\n<p>Esityksess\u00e4 kerrotaan, miten liikenteenohjauslaitetietoja voidaan v\u00e4litt\u00e4\u00e4 Digiroadiin kuntarajapinnan kautta sek\u00e4 esitell\u00e4\u00e4n uusi toiminnallisuus:<\/p>\n<p>Katuhankeilmoitus, mik\u00e4 on kehitetty helpottamaan kuntien SURAVAGE-prosessia.<\/p>\n<p><strong>16.30 Ohjelma p\u00e4\u00e4ttyy<\/strong><\/p>\n<p>\u00a0<\/p>\n<p>\u00a0<\/p>\n<p><strong>Kuntaliiton puheenjohtaja: <\/strong>P\u00e4ivi Tiihonen, erityisasiantuntija<\/p>\n<p>Tilaisuus on osa <a href=\"https:\/\/www.kuntaliitto.fi\/tapahtumat\/digiviikko\" title=\"Kuntien digiviikko - teemana 2025 muutos ja uudistuminen \" data-entity-type=\"node\" data-entity-uuid=\"b83f0134-fae4-41d9-b780-bcc37ebd4b76\" data-entity-substitution=\"canonical\" rel=\"nofollow noopener\" target=\"_blank\"><strong>Kuntien digiviikon ohjelmaa<\/strong><\/a>.<\/p>\n<p><strong>Tilaisuus on osallistujille maksuton. Tapahtuman Teams-linkki l\u00f6ytyy tapahtuman tietolaatikon yhteydest\u00e4 yll\u00e4. Tilaisuus ei vaadi ilmoittautumista.<\/strong><\/p>\n","protected":false},"excerpt":{"rendered":"Tapahtuma on osa Kuntien digiviikkoa, joka on Kuntaliiton j\u00e4rjest\u00e4m\u00e4 teemaviikko. \u00a0 Rakennetun ymp\u00e4rist\u00f6n toimialan ohjelma klo 9.00-16.30. \u00a0&hellip;\n","protected":false},"author":2,"featured_media":193804,"comment_status":"","ping_status":"","sticky":false,"template":"","format":"standard","meta":{"footnotes":"","_share_on_mastodon":"0"},"categories":[113],"tags":[659,30115,446,33,31,30,30114,118,32,119,29976,12279,447],"class_list":["post-193803","post","type-post","status-publish","format-standard","has-post-thumbnail","category-ymparisto","tag-digitalisaatio","tag-digiviikko-2025","tag-environment","tag-fi","tag-finland","tag-finnish","tag-kuntien-digiviikko","tag-science","tag-suomi","tag-tiede","tag-tietoyhteiskunta-ja-digitalisaatio","tag-yhdyskunnat-ja-ymparisto","tag-ymparisto"],"share_on_mastodon":{"url":"https:\/\/pubeurope.com\/@fi\/116225963756640709","error":""},"_links":{"self":[{"href":"https:\/\/www.europesays.com\/fi\/wp-json\/wp\/v2\/posts\/193803","targetHints":{"allow":["GET"]}}],"collection":[{"href":"https:\/\/www.europesays.com\/fi\/wp-json\/wp\/v2\/posts"}],"about":[{"href":"https:\/\/www.europesays.com\/fi\/wp-json\/wp\/v2\/types\/post"}],"author":[{"embeddable":true,"href":"https:\/\/www.europesays.com\/fi\/wp-json\/wp\/v2\/users\/2"}],"replies":[{"embeddable":true,"href":"https:\/\/www.europesays.com\/fi\/wp-json\/wp\/v2\/comments?post=193803"}],"version-history":[{"count":0,"href":"https:\/\/www.europesays.com\/fi\/wp-json\/wp\/v2\/posts\/193803\/revisions"}],"wp:featuredmedia":[{"embeddable":true,"href":"https:\/\/www.europesays.com\/fi\/wp-json\/wp\/v2\/media\/193804"}],"wp:attachment":[{"href":"https:\/\/www.europesays.com\/fi\/wp-json\/wp\/v2\/media?parent=193803"}],"wp:term":[{"taxonomy":"category","embeddable":true,"href":"https:\/\/www.europesays.com\/fi\/wp-json\/wp\/v2\/categories?post=193803"},{"taxonomy":"post_tag","embeddable":true,"href":"https:\/\/www.europesays.com\/fi\/wp-json\/wp\/v2\/tags?post=193803"}],"curies":[{"name":"wp","href":"https:\/\/api.w.org\/{rel}","templated":true}]}}