{"id":193987,"date":"2026-03-14T10:52:16","date_gmt":"2026-03-14T10:52:16","guid":{"rendered":"https:\/\/www.europesays.com\/fi\/193987\/"},"modified":"2026-03-14T10:52:16","modified_gmt":"2026-03-14T10:52:16","slug":"herra-ylppo-palasi-raskaamman-musiikin-pariin-kuuntele-uusi-nocturne-ep","status":"publish","type":"post","link":"https:\/\/www.europesays.com\/fi\/193987\/","title":{"rendered":"Herra Ylpp\u00f6 palasi raskaamman musiikin pariin &#8211; kuuntele uusi Nocturne-ep"},"content":{"rendered":"<p>Niin sooloartistina kuin muun muassa <strong>Maj Karmasta<\/strong> tuttu <strong>Herra Ylpp\u00f6<\/strong> on julkaissut uusimman kokoonpanonsa kanssa Nocturne-ep:n, jonka my\u00f6t\u00e4 Ylpp\u00f6 palaa takaisin raskaamman musiikin pariin. Ep esittelee samalla yhtyeen \u2013 johon kuuluvat Ylp\u00f6n itsens\u00e4 lis\u00e4ksi <strong>Hamid Moeini<\/strong> (s\u00e4hk\u00f6kitara), <strong>Kaisa Y<\/strong> (koneet ja laulu) sek\u00e4 my\u00f6s Maj Karmasta tuttu <strong>J. Savolainen<\/strong> (ly\u00f6m\u00e4soittimet) \u2013 tulevaa pitk\u00e4soittoa kolmen biisin verran.<\/p>\n<p>\u201dJulkaisemme n\u00e4m\u00e4 biisit yleis\u00f6n pyynn\u00f6st\u00e4, sill\u00e4 n\u00e4it\u00e4 olemme soittaneet my\u00f6s liven\u00e4\u201d, Herra Ylpp\u00f6 kertoo.<\/p>\n<p>\u201dPihlajan alla on osoittautunut aikamoiseksi keikkajyr\u00e4ksi. Yleis\u00f6 on yhtynyt kertos\u00e4keeseen jo ensikuulemalta. T\u00e4ll\u00e4ist\u00e4 en muista tapahtuneen koko urallani. Nyt on sellainen olo, ett\u00e4 on tullut tehty\u00e4 iso laulu. Musta peili edustaa hevimp\u00e4\u00e4 poljentoa ja jatkaa eksistentiaalista pohdiskelua. Pimeyden sulhanen vie ep:t\u00e4 viel\u00e4 syvemm\u00e4lle raskaan rockin tunnelmiin. Se on ironinen erobiisi, joka kielt\u00e4\u00e4 itse itsens\u00e4. Kappaleessa yhdistyy Hamidin <strong>Slayer<\/strong>-fiilistely ja meik\u00e4l\u00e4isen <strong>Musta Paraati<\/strong> -historia.\u201d<\/p>\n<p>Ylp\u00f6n yhtyeineen voi n\u00e4hd\u00e4 keikkalavoilla esimerkiksi t\u00e4n\u00e4\u00e4n 13.3. Kuopion Maximissa, 21.3. Viialan Ravintola Evertonissa ja 26.3. Levyn Hullu Poro -areenalla. Yhtyeen ajantasaisen keikkalistauksen voit tarkistaa <a href=\"https:\/\/vallilamusichouse.fi\/artistit\/herra-ylppo\/\" target=\"_blank\" rel=\"noreferrer noopener nofollow\">t\u00e4\u00e4lt\u00e4.<\/a><\/p>\n<p><img loading=\"lazy\" decoding=\"async\" alt=\"YouTube video\" width=\"480\" height=\"360\" data-pin-nopin=\"true\" nopin=\"nopin\" class=\"perfmatters-lazy\" src=\"https:\/\/www.europesays.com\/fi\/wp-content\/uploads\/2026\/03\/1773485532_765_hqdefault.jpg\"\/><\/p>\n<p><img loading=\"lazy\" decoding=\"async\" alt=\"YouTube video\" width=\"480\" height=\"360\" data-pin-nopin=\"true\" nopin=\"nopin\" class=\"perfmatters-lazy\" src=\"https:\/\/www.europesays.com\/fi\/wp-content\/uploads\/2026\/03\/1773485532_739_hqdefault.jpg\"\/><\/p>\n<p><img loading=\"lazy\" decoding=\"async\" alt=\"YouTube video\" width=\"480\" height=\"360\" data-pin-nopin=\"true\" nopin=\"nopin\" class=\"perfmatters-lazy\" src=\"https:\/\/www.europesays.com\/fi\/wp-content\/uploads\/2026\/03\/1773485533_286_hqdefault.jpg\"\/><\/p>\n<p>Lue my\u00f6s: <a href=\"https:\/\/www.inferno.fi\/uutiskirje\/\" title=\"Tilaa Infernon uutiskirje\" class=\"underline-custom !font-montserrat !font-bold !underline-offset-4 !decoration-4 !decoration-red-600 !text-md\" rel=\"nofollow noopener\" target=\"_blank\">Tilaa Infernon uutiskirje ja tied\u00e4t mist\u00e4 kahvitauolla puhutaan! Nappaa raskaan musiikin uutiset ja puheenaiheet suoraan s\u00e4hk\u00f6postiin t\u00e4st\u00e4.<\/a><\/p>\n<p>    <a class=\"block\" href=\"https:\/\/www.como.fi\/uutiset\/eurojackpotin-perjantain-13-paivan-tulos-veti-hiljaiseksi-suomessa-30-millia-jakoon\/\" target=\"_blank\" rel=\"noopener nofollow\"><br \/>\n                    <img loading=\"lazy\" decoding=\"async\" width=\"672\" height=\"448\" alt=\"Eurojackpotin perjantain 13. p\u00e4iv\u00e4n tulos veti hiljaiseksi Suomessa \u2013 30 milli\u00e4 jakoon\u2026\" class=\"perfmatters-lazy\" src=\"https:\/\/www.europesays.com\/fi\/wp-content\/uploads\/2026\/03\/Veikkaus_Eurojackpot_studio_05-672x448.jpg\"\/><\/p>\n<p>                        <img loading=\"lazy\" decoding=\"async\" alt=\"Como.fi\" width=\"16\" height=\"16\" class=\"perfmatters-lazy\" src=\"https:\/\/www.europesays.com\/fi\/wp-content\/uploads\/2026\/02\/favicon-16x16.png\"\/><\/p>\n<p>    <\/a><\/p>\n<p>    <a class=\"block\" href=\"https:\/\/www.inferno.fi\/uutiset\/romania-osallistuu-euroviisuihin-modernilla-metallilla-kohua-nostattanut-kappale-halutaan-kuitenkin-kieltaa\/\" rel=\"nofollow noopener\" target=\"_blank\"><br \/>\n        <img loading=\"lazy\" height=\"378\" width=\"672\" class=\"attachment-large_post_image size-large_post_image sp-no-webp perfmatters-lazy\" alt=\"Romania osallistuu Euroviisuihin modernilla metallilla \u2013 kohua nostattanut kappale halutaan kuitenkin kielt\u00e4\u00e4\" decoding=\"async\" src=\"https:\/\/www.europesays.com\/fi\/wp-content\/uploads\/2026\/03\/capitanescu-choke-me-11330648-672x378.jpg\"  data-\/><br \/>\n    <\/a><\/p>\n<p>    <a class=\"block\" href=\"https:\/\/www.como.fi\/uutiset\/kirsi-alm-siira-esittelee-hiuksia-ite-tein-ja-saastin\/\" target=\"_blank\" rel=\"noopener nofollow\"><br \/>\n                    <img loading=\"lazy\" decoding=\"async\" width=\"672\" height=\"464\" alt=\"Kirsi Alm-Siira esittelee hiuksia: \u201dIte tein ja s\u00e4\u00e4stin\u201d\" class=\"perfmatters-lazy\" src=\"https:\/\/www.europesays.com\/fi\/wp-content\/uploads\/2026\/03\/1.05896140-e1773471633892-672x464.jpg\"\/><\/p>\n<p>                        <img loading=\"lazy\" decoding=\"async\" alt=\"Como.fi\" width=\"16\" height=\"16\" class=\"perfmatters-lazy\" src=\"https:\/\/www.europesays.com\/fi\/wp-content\/uploads\/2026\/02\/favicon-16x16.png\"\/><\/p>\n<p>    <\/a><\/p>\n<p>    <a class=\"block\" href=\"https:\/\/www.como.fi\/uutiset\/helena-ahti-hallberg-nyt-tulee-jaahyvaiset-tanssien-tahtiin-showlle\/\" target=\"_blank\" rel=\"noopener nofollow\"><br \/>\n                    <img loading=\"lazy\" decoding=\"async\" width=\"672\" height=\"485\" alt=\"Helena Ahti-Hallberg: Nyt tulee j\u00e4\u00e4hyv\u00e4iset Tanssien t\u00e4htiin -showlle\" class=\"perfmatters-lazy\" src=\"https:\/\/www.europesays.com\/fi\/wp-content\/uploads\/2026\/03\/helena_ahti_-2-672x485.jpg\"\/><\/p>\n<p>                        <img loading=\"lazy\" decoding=\"async\" alt=\"Como.fi\" width=\"16\" height=\"16\" class=\"perfmatters-lazy\" src=\"https:\/\/www.europesays.com\/fi\/wp-content\/uploads\/2026\/02\/favicon-16x16.png\"\/><\/p>\n<p>    <\/a><\/p>\n<p>    <a class=\"block\" href=\"https:\/\/www.inferno.fi\/uutiset\/sabatonilta-uusi-single-videoineen-biisi-on-mukana-suositussa-moninpelissa\/\" rel=\"nofollow noopener\" target=\"_blank\"><br \/>\n        <img loading=\"lazy\" height=\"378\" width=\"672\" class=\"attachment-large_post_image size-large_post_image sp-no-webp perfmatters-lazy\" alt=\"Sabatonilta uusi single videoineen \u2013 biisi on mukana suositussa moninpeliss\u00e4\" decoding=\"async\" src=\"https:\/\/www.europesays.com\/fi\/wp-content\/uploads\/2026\/03\/sabaton-yamato-2026-3-14-672x378.jpg\"  data-\/><br \/>\n    <\/a><\/p>\n<p>    <a class=\"block\" href=\"https:\/\/www.inferno.fi\/uutiset\/uusi-metalli-ja-rockfestivaali-valtaa-turun-linnanpuiston-kesalla\/\" rel=\"nofollow noopener\" target=\"_blank\"><br \/>\n        <img loading=\"lazy\" height=\"448\" width=\"672\" class=\"attachment-large_post_image size-large_post_image sp-no-webp perfmatters-lazy\" alt=\"Uusi metalli- ja rockfestivaali valtaa Turun Linnanpuiston kes\u00e4ll\u00e4\" decoding=\"async\" src=\"https:\/\/www.europesays.com\/fi\/wp-content\/uploads\/2026\/03\/stratovarius-survive-pressphoto-credits-jarmo-katila-2-kopio-672x448.jpg\"  data-\/><br \/>\n    <\/a><\/p>\n<p>    <a class=\"block\" href=\"https:\/\/www.inferno.fi\/uutiset\/perinnetietoista-thrash-metalia-nuoruuden-innolla-brainterror-esittaytyy-debyyttisinglen-merkeissa\/\" rel=\"nofollow noopener\" target=\"_blank\"><br \/>\n        <img loading=\"lazy\" height=\"537\" width=\"672\" class=\"attachment-large_post_image size-large_post_image sp-no-webp perfmatters-lazy\" alt=\"Perinnetietoista thrash metalia nuoruuden innolla \u2013 Brainterror esitt\u00e4ytyy debyyttisinglen merkeiss\u00e4\" decoding=\"async\" src=\"https:\/\/www.europesays.com\/fi\/wp-content\/uploads\/2026\/03\/brainterror-promo-2026-672x537.jpeg\"  data-\/><br \/>\n    <\/a><\/p>\n","protected":false},"excerpt":{"rendered":"Niin sooloartistina kuin muun muassa Maj Karmasta tuttu Herra Ylpp\u00f6 on julkaissut uusimman kokoonpanonsa kanssa Nocturne-ep:n, jonka my\u00f6t\u00e4&hellip;\n","protected":false},"author":2,"featured_media":193988,"comment_status":"","ping_status":"","sticky":false,"template":"","format":"standard","meta":{"footnotes":"","_share_on_mastodon":"0"},"categories":[132],"tags":[137,3149,33,31,30,195,47,32,109],"class_list":["post-193987","post","type-post","status-publish","format-standard","has-post-thumbnail","category-musiikki","tag-entertainment","tag-ep","tag-fi","tag-finland","tag-finnish","tag-music","tag-musiikki","tag-suomi","tag-viihde"],"share_on_mastodon":{"url":"https:\/\/pubeurope.com\/@fi\/116227155257142704","error":""},"_links":{"self":[{"href":"https:\/\/www.europesays.com\/fi\/wp-json\/wp\/v2\/posts\/193987","targetHints":{"allow":["GET"]}}],"collection":[{"href":"https:\/\/www.europesays.com\/fi\/wp-json\/wp\/v2\/posts"}],"about":[{"href":"https:\/\/www.europesays.com\/fi\/wp-json\/wp\/v2\/types\/post"}],"author":[{"embeddable":true,"href":"https:\/\/www.europesays.com\/fi\/wp-json\/wp\/v2\/users\/2"}],"replies":[{"embeddable":true,"href":"https:\/\/www.europesays.com\/fi\/wp-json\/wp\/v2\/comments?post=193987"}],"version-history":[{"count":0,"href":"https:\/\/www.europesays.com\/fi\/wp-json\/wp\/v2\/posts\/193987\/revisions"}],"wp:featuredmedia":[{"embeddable":true,"href":"https:\/\/www.europesays.com\/fi\/wp-json\/wp\/v2\/media\/193988"}],"wp:attachment":[{"href":"https:\/\/www.europesays.com\/fi\/wp-json\/wp\/v2\/media?parent=193987"}],"wp:term":[{"taxonomy":"category","embeddable":true,"href":"https:\/\/www.europesays.com\/fi\/wp-json\/wp\/v2\/categories?post=193987"},{"taxonomy":"post_tag","embeddable":true,"href":"https:\/\/www.europesays.com\/fi\/wp-json\/wp\/v2\/tags?post=193987"}],"curies":[{"name":"wp","href":"https:\/\/api.w.org\/{rel}","templated":true}]}}