{"id":19411,"date":"2025-08-29T05:24:07","date_gmt":"2025-08-29T05:24:07","guid":{"rendered":"https:\/\/www.europesays.com\/fi\/19411\/"},"modified":"2025-08-29T05:24:07","modified_gmt":"2025-08-29T05:24:07","slug":"kuva-deadpool-ohjaajan-star-wars-starfighter-elokuvan-kuvaukset-alkoivat","status":"publish","type":"post","link":"https:\/\/www.europesays.com\/fi\/19411\/","title":{"rendered":"Kuva: Deadpool-ohjaajan Star Wars: Starfighter -elokuvan kuvaukset alkoivat"},"content":{"rendered":"\n<p><strong>Shawn Levyn Star Wars -elokuva n\u00e4hd\u00e4\u00e4n toukokuussa 2027.<\/strong><\/p>\n<p>Lucasfilm kertoo Shawn Levyn ohjaaman <a href=\"https:\/\/muropaketti.com\/avainsana\/star-wars-starfighter\/\" rel=\"nofollow noopener\" target=\"_blank\">Star Wars: Starfighter<\/a> -elokuvan kuvausten alkaneen eilen Lontoossa. Samalla paljastettiin my\u00f6s mukana olevia n\u00e4yttelij\u00f6it\u00e4.<\/p>\n<p>Uusia kiinnityksi\u00e4 Starfighter-leffaan ovat\u00a0Flynn Gray, Aaron Pierre, Simon Bird, Jamael Westman, Daniel Ings ja Amy Adams.<\/p>\n<p>P\u00e4\u00e4osanesitt\u00e4j\u00e4 Ryan Goslingin lis\u00e4ksi leffaan oli jo aiemmin buukattu Mia Goth ja Matt Smith.<\/p>\n<p>Starfighter sijoittuu noin viisi vuotta Star Wars: The Rise of Skywalkerin j\u00e4lkeiseen aikaan, mutta on omillaan seisova erillinen tarinansa.<\/p>\n<p>Jonathan Tropperin k\u00e4sikirjoittama Star Wars: Starfighter saa ensi-iltansa 28.5.2027.<\/p>\n<blockquote class=\"instagram-media\" style=\"background: #FFF; border: 0; border-radius: 3px; box-shadow: 0 0 1px 0 rgba(0,0,0,0.5),0 1px 10px 0 rgba(0,0,0,0.15); margin: 1px; max-width: 540px; min-width: 326px; padding: 0; width: calc(100% - 2px);\" data-instgrm-captioned=\"\" data-instgrm-permalink=\"https:\/\/www.instagram.com\/p\/DN55SSaEQw0\/?utm_source=ig_embed&amp;utm_campaign=loading\" data-instgrm-version=\"14\">\n<\/blockquote>\n<p><script async src=\"\/\/www.instagram.com\/embed.js\"><\/script><\/p>\n","protected":false},"excerpt":{"rendered":"Shawn Levyn Star Wars -elokuva n\u00e4hd\u00e4\u00e4n toukokuussa 2027. Lucasfilm kertoo Shawn Levyn ohjaaman Star Wars: Starfighter -elokuvan kuvausten&hellip;\n","protected":false},"author":2,"featured_media":19412,"comment_status":"","ping_status":"","sticky":false,"template":"","format":"standard","meta":{"footnotes":""},"categories":[131],"tags":[155,137,33,173,31,30,172,3265,6919,3519,6920,32,109],"class_list":{"0":"post-19411","1":"post","2":"type-post","3":"status-publish","4":"format-standard","5":"has-post-thumbnail","7":"category-elokuvat","8":"tag-elokuvat","9":"tag-entertainment","10":"tag-fi","11":"tag-film","12":"tag-finland","13":"tag-finnish","14":"tag-movies","15":"tag-ryan-gosling","16":"tag-shawn-levy","17":"tag-star-wars","18":"tag-star-wars-starfighter","19":"tag-suomi","20":"tag-viihde"},"share_on_mastodon":{"url":"","error":""},"_links":{"self":[{"href":"https:\/\/www.europesays.com\/fi\/wp-json\/wp\/v2\/posts\/19411","targetHints":{"allow":["GET"]}}],"collection":[{"href":"https:\/\/www.europesays.com\/fi\/wp-json\/wp\/v2\/posts"}],"about":[{"href":"https:\/\/www.europesays.com\/fi\/wp-json\/wp\/v2\/types\/post"}],"author":[{"embeddable":true,"href":"https:\/\/www.europesays.com\/fi\/wp-json\/wp\/v2\/users\/2"}],"replies":[{"embeddable":true,"href":"https:\/\/www.europesays.com\/fi\/wp-json\/wp\/v2\/comments?post=19411"}],"version-history":[{"count":0,"href":"https:\/\/www.europesays.com\/fi\/wp-json\/wp\/v2\/posts\/19411\/revisions"}],"wp:featuredmedia":[{"embeddable":true,"href":"https:\/\/www.europesays.com\/fi\/wp-json\/wp\/v2\/media\/19412"}],"wp:attachment":[{"href":"https:\/\/www.europesays.com\/fi\/wp-json\/wp\/v2\/media?parent=19411"}],"wp:term":[{"taxonomy":"category","embeddable":true,"href":"https:\/\/www.europesays.com\/fi\/wp-json\/wp\/v2\/categories?post=19411"},{"taxonomy":"post_tag","embeddable":true,"href":"https:\/\/www.europesays.com\/fi\/wp-json\/wp\/v2\/tags?post=19411"}],"curies":[{"name":"wp","href":"https:\/\/api.w.org\/{rel}","templated":true}]}}