{"id":19415,"date":"2025-08-29T05:26:13","date_gmt":"2025-08-29T05:26:13","guid":{"rendered":"https:\/\/www.europesays.com\/fi\/19415\/"},"modified":"2025-08-29T05:26:13","modified_gmt":"2025-08-29T05:26:13","slug":"suomen-mestari-uhosi-armand-duplantisille-me-mies-vain-nauroi","status":"publish","type":"post","link":"https:\/\/www.europesays.com\/fi\/19415\/","title":{"rendered":"Suomen mestari uhosi Armand Duplantisille \u2013 ME-mies vain nauroi"},"content":{"rendered":"<p>Ruotsalainen seiv\u00e4shypp\u00e4\u00e4j\u00e4 ei pid\u00e4 tappiotaan suomalaiselle Urho Kujanp\u00e4\u00e4lle kovin todenn\u00e4k\u00f6isen\u00e4.<\/p>\n<p><img decoding=\"async\" class=\"image image-show image-preview\" src=\"https:\/\/www.europesays.com\/fi\/wp-content\/uploads\/2025\/08\/7aee254df806c21a9f09e6bee930705a0d545bbd41eeb115172d1eb89ea7d8af.jpg\" alt=\"\"\/><img decoding=\"async\" class=\"image image-show\" src=\"https:\/\/www.europesays.com\/fi\/wp-content\/uploads\/2025\/08\/1756445173_848_7aee254df806c21a9f09e6bee930705a0d545bbd41eeb115172d1eb89ea7d8af.jpg\" alt=\"\"\/><\/p>\n<p>Urho Kujanp\u00e4\u00e4 (vas.) ja Armand Duplantis kuvattuna vuonna 2023 Ruotsi-ottelussa Tukholmassa. AOP<\/p>\n<p class=\"paragraph\">Suoraan asiaan.<\/p>\n<p class=\"paragraph\"><strong>Armand Duplantis<\/strong>, tied\u00e4tk\u00f6 kuka on <strong>Urho Kujanp\u00e4\u00e4<\/strong>?<\/p>\n<p class=\"paragraph\">\u2013 Siis kuka, Duplantis vastaa.<\/p>\n<p class=\"paragraph\">Urho Kujanp\u00e4\u00e4. H\u00e4n on seiv\u00e4shypyn Suomen mestari.<\/p>\n<p class=\"paragraph\">\u2013 Aah, aivan. Kyll\u00e4 min\u00e4 h\u00e4net tied\u00e4n.<\/p>\n<p class=\"paragraph\">Kujanp\u00e4\u00e4 <a href=\"https:\/\/www.iltalehti.fi\/yleisurheilu\/677ddf2f-4e74-4cc6-8cf4-90506d847dd6\" rel=\"nofollow noopener\" target=\"_blank\">ilmoitti mediassa<\/a>, ett\u00e4 aikoo voittaa sinut tulevaisuudessa.<\/p>\n<p class=\"paragraph\">\u2013 Oho. No, miksi ei. Mutta jos olisin vedonly\u00f6j\u00e4, l\u00f6isin vetoa itseni puolesta. Kilpailijana ja huippu-urheilijana minun tietysti pit\u00e4\u00e4 sanoa, ett\u00e4 voitan h\u00e4net, Duplantis naurahtaa.<\/p>\n<p class=\"paragraph\">Ruotsalainen on t\u00e4ll\u00e4 kaudella tehnyt uuden ME:n 629 senttimetri\u00e4. Kujanp\u00e4\u00e4n kauden 2025 k\u00e4rkitulos on 570.<\/p>\n<p class=\"paragraph\">Kansainv\u00e4lisen yleisurheiluliiton tilastojen mukaan ruotsalainen ja suomalainen ovat kilpailleet kahdeksan kertaa samassa mittel\u00f6ss\u00e4 vuosina 2016\u201325. Voitot ovat Duplantisille 8\u20130. Viime viikonlopun maaottelussa Tukholmassa ruotsalaisen tulos oli 580 ja suomalaisen 547 senttimetri\u00e4.<\/p>\n<p class=\"paragraph\">\u2013 Se on hauskaa, ett\u00e4 suomalaisella on itseluottamusta. Niin pit\u00e4\u00e4kin olla. Ihmisten pit\u00e4\u00e4 uskoa, ett\u00e4 voivat voittaa minut. Jos he eiv\u00e4t usko itseens\u00e4, mik\u00e4 heid\u00e4n pointtinsa on kilpailla, Duplantis kommentoi.<\/p>\n<p class=\"paragraph\">\u2013 Tosin ei se voitto kovin todenn\u00e4k\u00f6ist\u00e4 ole, h\u00e4n lis\u00e4\u00e4 hymyillen.<\/p>\n<p class=\"paragraph\">Duplantis on miesten seiv\u00e4shypyss\u00e4 niin ylivoimainen, ett\u00e4 h\u00e4n pystyy halutessaan passailemaan kilpailuissa.<\/p>\n<p class=\"paragraph\">\u2013 Aina pit\u00e4\u00e4 olla tarkkana olosuhteiden ja oman kehon tuntemusten kanssa, ett\u00e4 mik\u00e4 on min\u00e4kin p\u00e4iv\u00e4n\u00e4 j\u00e4rkevint\u00e4. L\u00e4ht\u00f6kohtaisesti tietenkin haluan saavuttaa parhaan mahdollisen tuloksen jokaisessa kilpailussa.<\/p>\n<p class=\"paragraph\">Duplantisin edellinen tappio on hein\u00e4kuulta 2023 Monacon Timanttiliigan osakilpailusta.<\/p>\n<p>Armand Duplantis on ollut voittamaton seiv\u00e4shypyn ulkoratakilpailuissa yli kaksi vuotta. AOP<\/p>\n","protected":false},"excerpt":{"rendered":"Ruotsalainen seiv\u00e4shypp\u00e4\u00e4j\u00e4 ei pid\u00e4 tappiotaan suomalaiselle Urho Kujanp\u00e4\u00e4lle kovin todenn\u00e4k\u00f6isen\u00e4. Urho Kujanp\u00e4\u00e4 (vas.) ja Armand Duplantis kuvattuna vuonna&hellip;\n","protected":false},"author":2,"featured_media":19416,"comment_status":"","ping_status":"","sticky":false,"template":"","format":"standard","meta":{"footnotes":""},"categories":[158],"tags":[35,2110,33,31,30,41,103,159,32,538,160,161],"class_list":{"0":"post-19415","1":"post","2":"type-post","3":"status-publish","4":"format-standard","5":"has-post-thumbnail","7":"category-urheilu","8":"tag-24h","9":"tag-elamantapa-ja-vapaa-aika","10":"tag-fi","11":"tag-finland","12":"tag-finnish","13":"tag-liikunta-ja-urheilu","14":"tag-sosiaalikysymykset","15":"tag-sports","16":"tag-suomi","17":"tag-tiede-ja-tekniikka","18":"tag-urheilu","19":"tag-urheilutapahtumat"},"share_on_mastodon":{"url":"","error":""},"_links":{"self":[{"href":"https:\/\/www.europesays.com\/fi\/wp-json\/wp\/v2\/posts\/19415","targetHints":{"allow":["GET"]}}],"collection":[{"href":"https:\/\/www.europesays.com\/fi\/wp-json\/wp\/v2\/posts"}],"about":[{"href":"https:\/\/www.europesays.com\/fi\/wp-json\/wp\/v2\/types\/post"}],"author":[{"embeddable":true,"href":"https:\/\/www.europesays.com\/fi\/wp-json\/wp\/v2\/users\/2"}],"replies":[{"embeddable":true,"href":"https:\/\/www.europesays.com\/fi\/wp-json\/wp\/v2\/comments?post=19415"}],"version-history":[{"count":0,"href":"https:\/\/www.europesays.com\/fi\/wp-json\/wp\/v2\/posts\/19415\/revisions"}],"wp:featuredmedia":[{"embeddable":true,"href":"https:\/\/www.europesays.com\/fi\/wp-json\/wp\/v2\/media\/19416"}],"wp:attachment":[{"href":"https:\/\/www.europesays.com\/fi\/wp-json\/wp\/v2\/media?parent=19415"}],"wp:term":[{"taxonomy":"category","embeddable":true,"href":"https:\/\/www.europesays.com\/fi\/wp-json\/wp\/v2\/categories?post=19415"},{"taxonomy":"post_tag","embeddable":true,"href":"https:\/\/www.europesays.com\/fi\/wp-json\/wp\/v2\/tags?post=19415"}],"curies":[{"name":"wp","href":"https:\/\/api.w.org\/{rel}","templated":true}]}}