{"id":194182,"date":"2026-03-14T15:39:09","date_gmt":"2026-03-14T15:39:09","guid":{"rendered":"https:\/\/www.europesays.com\/fi\/194182\/"},"modified":"2026-03-14T15:39:09","modified_gmt":"2026-03-14T15:39:09","slug":"vastavirta-dokumentti-oli-tampereen-elokuvajuhlien-hitti-tekijoilla-on-jo-uusi-tavoite-paikalliset","status":"publish","type":"post","link":"https:\/\/www.europesays.com\/fi\/194182\/","title":{"rendered":"Vastavirta-dokumentti oli Tampereen elokuvajuhlien hitti \u2013 Tekij\u00f6ill\u00e4 on jo uusi tavoite | Paikalliset"},"content":{"rendered":"<p>Maailmanensi-iltansa Tampereen elokuvajuhlilla saanut <a href=\"https:\/\/www.tamperelainen.fi\/paikalliset\/9260943\" rel=\"nofollow noopener\" target=\"_blank\">Vastavirta-dokumentti<\/a> nousi yhdeksi festivaalien vetonauloista. Pispalalaisklubin historiasta ja yhteis\u00f6st\u00e4 kertova noin tunnin mittainen dokumentti myi kaksi esityskertaa loppuun. Tamperelaisen <strong>Joona Virtasen<\/strong> ohjaus n\u00e4htiin lyhytelokuvafestivaalien erikoisn\u00e4yt\u00f6ksen\u00e4.<\/p>\n<p>Virtanen kertoo olevansa l\u00e4mpim\u00e4st\u00e4 vastaanotosta otettu. Vaatimattomana h\u00e4n kiittelee ensimm\u00e4isen\u00e4 elokuvajuhlien j\u00e4rjest\u00e4j\u00e4\u00e4 kaikesta avusta, mit\u00e4 he ensikertalaisina saivat.<\/p>\n<p>\u2013 Siell\u00e4 on kuitenkin varmaan satoja elokuvia, ja siit\u00e4 huolimatta jokaiseen kysymykseen tuli nopeasti vastaus. Oli kyll\u00e4 Filkkareiden (Tampereen elokuvajuhlien) puolelta ihan ilmi\u00f6m\u00e4ist\u00e4 ty\u00f6t\u00e4. Ei voi muuta kuin kiitt\u00e4\u00e4.<\/p>\n<p>Itse dokumentista Virtanen on saanut pelk\u00e4st\u00e4\u00e4n kiitosta. Varsinkin Vastavirran-k\u00e4vij\u00e4t ovat kertoneet kokeneensa elokuvan omakseen ja t\u00e4rke\u00e4ksi.<\/p>\n<p>\u2013 Kommentit ovat olleet yll\u00e4tt\u00e4v\u00e4n henkil\u00f6kohtaisia. Ja totta kai, kun on kuvattu ihmisi\u00e4, jotka eiv\u00e4t ole en\u00e4\u00e4 keskuudessamme, niin se on monesta ihmisest\u00e4 tuntunut ehk\u00e4 sellaiselta j\u00e4\u00e4hyv\u00e4iselt\u00e4.<\/p>\n<p>\t\t\t\t\t<img class=\"diks-card__image\" src=\"https:\/\/www.europesays.com\/fi\/wp-content\/uploads\/2026\/03\/11310951.jpg\"   loading=\"lazy\" decoding=\"sync\" alt=\"\"\/><\/p>\n<p>Seuraavaksi dokumentin tekij\u00f6iden tavoitteena on saada elokuva Ylen esitett\u00e4v\u00e4ksi. Virtanen kertoo, ett\u00e4 neuvottelut Ylen kanssa alkavat huhtikuussa.<\/p>\n<p>\u2013 Se on meid\u00e4n lopputavoite ollut muutenkin koko ajan, Virtanen sanoo.<\/p>\n<p>\t\t<a class=\"diks-gallery__link\" href=\"https:\/\/i.media.fi\/incoming\/wloi68\/11342371.jpg\/alternates\/FREE_1440\/11342371.jpg\" data-thumbnail=\"\" data-sub-html=\"Vastavirta-dokumentti sai maailmanensi-iltansa Tampereen elokuvajuhlilla. Jeffrey Mayeda\" aria-label=\"Katso isompi kuva\" rel=\"nofollow noopener\" target=\"_blank\"><br \/>\n\t\t\t\t<img class=\"diks-figure__image\" src=\"https:\/\/www.europesays.com\/fi\/wp-content\/uploads\/2026\/03\/11342371.jpg\" loading=\"lazy\" decoding=\"sync\" alt=\"\"\/><\/p>\n<p>\t\t\t<\/a><br \/>\n\t\t\t\t\tVastavirta-dokumentti sai maailmanensi-iltansa Tampereen elokuvajuhlilla. Jeffrey Mayeda<\/p>\n<p><strong class=\"diks-storyline__impact\">Tampereen<\/strong> elokuvajuhlat j\u00e4rjestettiin 56. kertaa 4.\u20138. maaliskuuta. Tapahtuma on Pohjoismaiden suurin lyhytelokuvafestivaali.<\/p>\n<p>Festivaalij\u00e4rjest\u00e4j\u00e4n mukaan useat elokuvajuhlien n\u00e4yt\u00f6kset myytiin loppuun. Elokuvissa sek\u00e4 ammattilais- ja yleis\u00f6tapahtumissa vieraili noin 16 000 ihmist\u00e4, ja verkon kautta katsottavissa olevat elokuvat ovat t\u00e4h\u00e4n menness\u00e4 ker\u00e4nneet yli 3 000 katselukertaa.<\/p>\n<p>Yleis\u00f6n suosiossa olivat etenkin kilpailun\u00e4yt\u00f6kset. Loppuunmyyty oli esimerkiksi kotimaisen kilpailun yleis\u00f6palkinnon voittaneen Anssi Kasitonnin maailman n\u00e4yt\u00f6s. <strong>Sami S\u00e4np\u00e4kkil\u00e4n <\/strong>ohjaama dokumentti kertoo Ars Fennica -palkitusta taiteilija <strong>Anssi Heinosesta<\/strong>.<\/p>\n<p>Enn\u00e4tyssuosioon ylsi my\u00f6s Tampereen tuomikirkossa esitetty perinteinen maksuton mykk\u00e4elokuvan\u00e4yt\u00f6s, joka houkutteli paikalle 850 katsojaa. Kirkossa esitettiin saksalainen merkkiteos Tri Caligarin kabinetti urkuri <strong>Esa Toivolan<\/strong> s\u00e4estyksell\u00e4.<\/p>\n<p>\t\t<a class=\"diks-gallery__link\" href=\"https:\/\/i.media.fi\/incoming\/r94big\/11342369.jpg\/alternates\/FREE_1440\/11342369.jpg\" data-thumbnail=\"\" data-sub-html=\"Mykk\u00e4elokuva esitettiin Tampereen tuomikirkossa. Jeffrey Mayeda\" aria-label=\"Katso isompi kuva\" rel=\"nofollow noopener\" target=\"_blank\"><br \/>\n\t\t\t\t<img class=\"diks-figure__image\" src=\"https:\/\/www.europesays.com\/fi\/wp-content\/uploads\/2026\/03\/11342369.jpg\" loading=\"lazy\" decoding=\"sync\" alt=\"\"\/><\/p>\n<p>\t\t\t<\/a><br \/>\n\t\t\t\t\tMykk\u00e4elokuva esitettiin Tampereen tuomikirkossa. Jeffrey Mayeda<\/p>\n<p><strong class=\"diks-storyline__impact\">Lauantai-illan<\/strong> palkintojenjakotilaisuutta puolestaan seurasi yli 300-p\u00e4inen yleis\u00f6. Grand Prix -palkinnon voitti georgialainen elokuva, <strong>Mariam Khatchvanin<\/strong> Inherited Silence.<\/p>\n<p>Yli 30-minuuttisten kotimaisten elokuvien sarjassa p\u00e4\u00e4palkinnon voitti <strong>Jukka K\u00e4rkk\u00e4isen<\/strong> dokumentti Kappale kauneinta Suomea \u2013 The Beauty of Errors. K\u00e4rkk\u00e4inen sai my\u00f6s Suomen elokuvas\u00e4\u00e4ti\u00f6n vuosittain jakaman Risto Jarva -palkinnon.<\/p>\n<p>P\u00e4\u00e4palkinnon alle 30-minuuttisten kotimaisten elokuvien sarjassa voitti <strong>Risto-Pekka Blom<\/strong> kokeellisella dokumentillaan Liian sininen taivas. Genre-elokuville tarkoitetussa Generation XYZ -kilpailussa parhaan genre-elokuvan palkinto my\u00f6nnettiin <strong>Jocelyn Charlesin<\/strong> animaatiolle Dieu est timide.<\/p>\n<p>Festivaalin kilpailuelokuvat ovat katsottavissa verkossa maksullisessa <a href=\"https:\/\/tamperefilmfestival.fi\/ohjelmisto2026\/verkkonaytokset\/\" rel=\"nofollow noopener\" target=\"_blank\">Filmchief-palvelussa<\/a> muutamaa poikkeusta lukuun ottamatta sunnuntaihin 15.3. asti.<\/p>\n","protected":false},"excerpt":{"rendered":"Maailmanensi-iltansa Tampereen elokuvajuhlilla saanut Vastavirta-dokumentti nousi yhdeksi festivaalien vetonauloista. Pispalalaisklubin historiasta ja yhteis\u00f6st\u00e4 kertova noin tunnin mittainen dokumentti&hellip;\n","protected":false},"author":2,"featured_media":194183,"comment_status":"","ping_status":"","sticky":false,"template":"","format":"standard","meta":{"footnotes":"","_share_on_mastodon":"0"},"categories":[131],"tags":[155,137,33,173,31,30,172,5437,32,485,484,551,712,140,109],"class_list":["post-194182","post","type-post","status-publish","format-standard","has-post-thumbnail","category-elokuvat","tag-elokuvat","tag-entertainment","tag-fi","tag-film","tag-finland","tag-finnish","tag-movies","tag-pispala","tag-suomi","tag-taide-yleista","tag-taiteellinen-ilmaisu-ja-mediat","tag-tampere","tag-tampereen-seutukunta","tag-tv-ja-elokuvat","tag-viihde"],"share_on_mastodon":{"url":"https:\/\/pubeurope.com\/@fi\/116228283830298712","error":""},"_links":{"self":[{"href":"https:\/\/www.europesays.com\/fi\/wp-json\/wp\/v2\/posts\/194182","targetHints":{"allow":["GET"]}}],"collection":[{"href":"https:\/\/www.europesays.com\/fi\/wp-json\/wp\/v2\/posts"}],"about":[{"href":"https:\/\/www.europesays.com\/fi\/wp-json\/wp\/v2\/types\/post"}],"author":[{"embeddable":true,"href":"https:\/\/www.europesays.com\/fi\/wp-json\/wp\/v2\/users\/2"}],"replies":[{"embeddable":true,"href":"https:\/\/www.europesays.com\/fi\/wp-json\/wp\/v2\/comments?post=194182"}],"version-history":[{"count":0,"href":"https:\/\/www.europesays.com\/fi\/wp-json\/wp\/v2\/posts\/194182\/revisions"}],"wp:featuredmedia":[{"embeddable":true,"href":"https:\/\/www.europesays.com\/fi\/wp-json\/wp\/v2\/media\/194183"}],"wp:attachment":[{"href":"https:\/\/www.europesays.com\/fi\/wp-json\/wp\/v2\/media?parent=194182"}],"wp:term":[{"taxonomy":"category","embeddable":true,"href":"https:\/\/www.europesays.com\/fi\/wp-json\/wp\/v2\/categories?post=194182"},{"taxonomy":"post_tag","embeddable":true,"href":"https:\/\/www.europesays.com\/fi\/wp-json\/wp\/v2\/tags?post=194182"}],"curies":[{"name":"wp","href":"https:\/\/api.w.org\/{rel}","templated":true}]}}