{"id":194248,"date":"2026-03-14T17:21:13","date_gmt":"2026-03-14T17:21:13","guid":{"rendered":"https:\/\/www.europesays.com\/fi\/194248\/"},"modified":"2026-03-14T17:21:13","modified_gmt":"2026-03-14T17:21:13","slug":"farmi-suomi-frederik-ja-riiko-sakkinen-jarkyttivat-katsojia-kaytoksellaan","status":"publish","type":"post","link":"https:\/\/www.europesays.com\/fi\/194248\/","title":{"rendered":"Farmi Suomi: Frederik ja Riiko Sakkinen j\u00e4rkyttiv\u00e4t katsojia k\u00e4yt\u00f6ksell\u00e4\u00e4n"},"content":{"rendered":"<p>\n            Taiteilija Riiko Sakkinen sanoo tekev\u00e4ns\u00e4 ohjelman kuvauksissa huomiokapitalismin tutkimusta.<br \/>\n            Alpertti Rieskj\u00e4rvi\/Sanoma\n        <\/p>\n<p class=\"subtitle \">Erityisesti kaksi maaseuturealityn kisaajaa puhuttaa kansaa.<\/p>\n<p class=\"article-content article-content-width !bg-background\">Nelosella torstaina alkanut Farmi Suomi -reality puhuttaa katsojia.<\/p>\n<p class=\"article-content article-content-width !bg-background\">Erityisesti laulaja  ja taiteilija  ovat saaneet k\u00e4yt\u00f6ksell\u00e4\u00e4n katsojat j\u00e4rkyttym\u00e4\u00e4n.<\/p>\n<p class=\"font-weight-bold m-font-weight-bold article-content article-content-width !bg-background\">Video: Riiko Sakkinen haukkuu Farmi Suomen.<\/p>\n<p class=\"article-content article-content-width !bg-background\">Aamu-unisen Frederikin torailu pehtoorin kanssa ja junttidiscon kuninkaan sen j\u00e4lkeen j\u00e4tt\u00e4m\u00e4 haiseva vastalause ovat saaneet somen kiehumaan.<\/p>\n<p class=\"article-content article-content-width !bg-background\"><a href=\"https:\/\/www.facebook.com\/share\/r\/18JF268QwV\/\" target=\"_blank\" rel=\"nofollow noopener\">Nelonen on julkaissut Facebookissa videop\u00e4tk\u00e4n Frederikist\u00e4 ja t\u00e4m\u00e4n pehtoorin nurkalle v\u00e4\u00e4nt\u00e4m\u00e4st\u00e4 aamutervehdyksest\u00e4.<\/a><\/p>\n<p>        <a itemprop=\"url\" href=\"https:\/\/www.seiska.fi\/katso\/farmi-suomen-pehtoori-sai-frederikilta-haisevat-terveiset-nain-han-kommentoi\/2079626\" rel=\"nofollow noopener\" target=\"_blank\"><\/p>\n<p>\nFarmi Suomi\n<\/p>\n<p class=\"section-date\">\n        <strong class=\"article-section\" data-section=\"katso\"><br \/>\n            katso<br \/>\n        <\/strong><br \/>\n        18.2. 12:15\n    <\/p>\n<p>Farmi Suomen pehtoori sai Frederikilt\u00e4 haisevat terveiset \u2013 n\u00e4in h\u00e4n kommentoi\n    <\/p>\n<p itemprop=\"description\" class=\"subtitle \">\n    Varhainen aamuher\u00e4tys ei ollut konkarilaulajan mieleen Farmin ensimm\u00e4isen\u00e4 p\u00e4iv\u00e4n\u00e4.\n<\/p>\n<p>        <\/a><\/p>\n<p class=\"article-content article-content-width !bg-background\">\u2013\u00a0Voi Jeesus n\u00e4it\u00e4 70-80-vuotiaita laulajia jotka niin ittees\u00e4 t\u00e4ynn\u00e4. Huh huijaa,  kirjoittaa Nelosen Facebook-p\u00e4ivityksen kommentissa.<\/p>\n<p class=\"article-content article-content-width !bg-background\">\u2013\u00a0Viimeisetkin pisteet l\u00e4hti Reetulta. Miksi tuo pappa otettiin koko ohjelmaan, kun ei osaa k\u00e4ytt\u00e4yty\u00e4 edes,  t\u00e4ydent\u00e4\u00e4.<\/p>\n<p class=\"article-content article-content-width !bg-background\">My\u00f6s Jodelin puolella kummastellaan, miksi 81-vuotias laulaja oli kisaajajoukossa.<\/p>\n<p class=\"article-content article-content-width !bg-background\">\u2013\u00a0Siis miks t\u00e4h\u00e4n otetaan n\u00e4it\u00e4 vanhuksia ku ei ne tuolla jaksa\/halua olla? Esim.  aiemmalla kaudella, nyt Reetu, Jodelissa ihmetell\u00e4\u00e4n.<\/p>\n<p>        <a itemprop=\"url\" href=\"https:\/\/www.seiska.fi\/katso\/kirsi-salo-suorat-sanat-farmi-kilpailijoista\/2098611\" rel=\"nofollow noopener\" target=\"_blank\"><\/p>\n<p>\nKirsi Salo:\n<\/p>\n<p class=\"section-date\">\n        <strong class=\"article-section\" data-section=\"katso\"><br \/>\n            katso<br \/>\n        <\/strong><br \/>\n        12.3. 05:15\n    <\/p>\n<p>Kirsi Salo: Suorat sanat Farmi-kilpailijoista\n    <\/p>\n<p itemprop=\"description\" class=\"subtitle \">\n    Monella kilpailijalla on pahoja aukkoja tiedoissa.\n<\/p>\n<p>        <\/a><\/p>\n<p>                <img decoding=\"async\" src=\"https:\/\/www.europesays.com\/fi\/wp-content\/uploads\/2026\/03\/1773508872_258_2079653.webp.jpeg\" width=\"576\" height=\"322\" title=\"Frederik aloitti Farmi-kisan torailemalla pehtoorin kanssa.\" alt=\"Frederik Farmin kuvauspaikalla.\" loading=\"lazy\" \/>            <\/p>\n<p>\n            Frederik aloitti Farmi-kisan torailemalla pehtoorin kanssa.<br \/>\n            Alpertti Rieskj\u00e4rvi\/Sanoma\n        <\/p>\n<p>\u201cSavu nousee korvista\u201d<\/p>\n<p class=\"article-content article-content-width !bg-background\">My\u00f6s taiteilija-Riikon erikoinen k\u00e4yt\u00f6s puhuttaa katsojia. Ensimm\u00e4isess\u00e4 jaksossa Riiko ehti muun muassa haukkua koko ohjelman ja realitygenren ylip\u00e4\u00e4t\u00e4\u00e4n, ty\u00f6nt\u00e4m\u00e4\u00e4n p\u00e4\u00e4ns\u00e4 vesisaaviin ja sy\u00f6m\u00e4\u00e4n kirjeen.<\/p>\n<p class=\"article-content article-content-width !bg-background\">\u2013\u00a0Oli sitten ,  tai Riiko, niin tuotanto tiet\u00e4\u00e4 100%, ett\u00e4 ne aiheuttaa ep\u00e4turvallista tai v\u00e4hint\u00e4\u00e4n ep\u00e4mukavaa oloa muissa ja sill\u00e4 sitten tehd\u00e4\u00e4n viihdett\u00e4, er\u00e4s Jodel-kommentoija vertaa aiempiin kausiin.<\/p>\n<p class=\"article-content article-content-width !bg-background\">\u2013\u00a0Oikeesti toi Riikon taideperformanssi on vaan niin l\u00e4pin\u00e4kyv\u00e4\u00e4. Esim. kun huomasi kameran niin sit heti laitto sen p\u00e4\u00e4n sinne saaviin. Huoh, Jodelissa analysoidaan.<\/p>\n<p>        <a itemprop=\"url\" href=\"https:\/\/www.seiska.fi\/katso\/farmi-suomi-ensimmaisena-pudonnut-jatti-hammentavan-viestin\/2098836\" rel=\"nofollow noopener\" target=\"_blank\"><\/p>\n<p>\nFarmi Suomi\n<\/p>\n<p class=\"section-date\">\n        <strong class=\"article-section\" data-section=\"katso\"><br \/>\n            katso<br \/>\n        <\/strong><br \/>\n        12.3. 21:30\n    <\/p>\n<p>Farmi Suomi: Ensimm\u00e4isen\u00e4 pudonnut j\u00e4tti h\u00e4mment\u00e4v\u00e4n viestin\n    <\/p>\n<p itemprop=\"description\" class=\"subtitle \">\n    Kilpailija juoniteltiin taitavasti ulos ohjelmasta.\n<\/p>\n<p>        <\/a><\/p>\n<p>                <img decoding=\"async\" src=\"https:\/\/www.europesays.com\/fi\/wp-content\/uploads\/2026\/03\/1773508873_635_2098666.webp.jpeg\" width=\"576\" height=\"322\" title=\"Kilpailijat ottivat maatilalle saavuttuaan viimeiset kuvat k\u00e4nnyk\u00f6ill\u00e4\u00e4n ennen kuin ne ker\u00e4ttiin pois.\" alt=\"Farmi Suomi -kisaajat ottavat k\u00e4nnyk\u00e4ll\u00e4 yhteiskuvaa.\" loading=\"lazy\" \/>            <\/p>\n<p>\n            Kilpailijat ottivat maatilalle saavuttuaan viimeiset kuvat k\u00e4nnyk\u00f6ill\u00e4\u00e4n ennen kuin ne ker\u00e4ttiin pois.<br \/>\n            Alpertti Rieskj\u00e4rvi\/Sanoma\n        <\/p>\n<p class=\"article-content article-content-width !bg-background\">\u2013\u00a0Oon 7 min kattonu ekaa jaksoa ja savu nousee korvista. Ei helkkari mit\u00e4 jengi\u00e4 tonne on nyt roudattu. Pystyyk\u00f6h\u00e4n kattoo ollenkaan, yksi Jodel-kommentoija pohtii.<\/p>\n<p class=\"italic m-italic article-content article-content-width !bg-background\">Farmi Suomi Nelosella ja Ruudussa torstaisin kello 20.00. Ruutu+:ssa on julkaistu jo kaksi ensimm\u00e4ist\u00e4 jaksoa.<\/p>\n<p>        <a itemprop=\"url\" href=\"https:\/\/www.seiska.fi\/katso\/frederikilta-suora-ulostulo-farmi-suomesta\/2101191\" rel=\"nofollow noopener\" target=\"_blank\"><\/p>\n<p>\nFarmi Suomi\n<\/p>\n<p class=\"section-date\">\n        <strong class=\"article-section\" data-section=\"katso\"><br \/>\n            katso<br \/>\n        <\/strong><br \/>\n        13.3. 05:15\n    <\/p>\n<p>Frederikilt\u00e4 suora ulostulo Farmi Suomesta\n    <\/p>\n<p itemprop=\"description\" class=\"subtitle \">\n    Junttidiscon kuningas antaa vinkin tuleville kilpailijoille.\n<\/p>\n<p>        <\/a><\/p>\n","protected":false},"excerpt":{"rendered":"Taiteilija Riiko Sakkinen sanoo tekev\u00e4ns\u00e4 ohjelman kuvauksissa huomiokapitalismin tutkimusta. Alpertti Rieskj\u00e4rvi\/Sanoma Erityisesti kaksi maaseuturealityn kisaajaa puhuttaa kansaa. Nelosella&hellip;\n","protected":false},"author":2,"featured_media":194249,"comment_status":"","ping_status":"","sticky":false,"template":"","format":"standard","meta":{"footnotes":"","_share_on_mastodon":"0"},"categories":[133],"tags":[137,1752,1762,33,31,30,1759,9635,7807,10616,30153,1758,2385,27191,2158,32,398,206,156,109],"class_list":["post-194248","post","type-post","status-publish","format-standard","has-post-thumbnail","category-televisiot","tag-entertainment","tag-facebook","tag-farmi-suomi","tag-fi","tag-finland","tag-finnish","tag-frederik","tag-jodel","tag-kakka","tag-katsojakommentit","tag-kaytostavat","tag-nelonen","tag-reality","tag-riiko-sakkinen","tag-ruutu","tag-suomi","tag-taiteilija","tag-televisiot","tag-tv","tag-viihde"],"share_on_mastodon":{"url":"https:\/\/pubeurope.com\/@fi\/116228684788448752","error":""},"_links":{"self":[{"href":"https:\/\/www.europesays.com\/fi\/wp-json\/wp\/v2\/posts\/194248","targetHints":{"allow":["GET"]}}],"collection":[{"href":"https:\/\/www.europesays.com\/fi\/wp-json\/wp\/v2\/posts"}],"about":[{"href":"https:\/\/www.europesays.com\/fi\/wp-json\/wp\/v2\/types\/post"}],"author":[{"embeddable":true,"href":"https:\/\/www.europesays.com\/fi\/wp-json\/wp\/v2\/users\/2"}],"replies":[{"embeddable":true,"href":"https:\/\/www.europesays.com\/fi\/wp-json\/wp\/v2\/comments?post=194248"}],"version-history":[{"count":0,"href":"https:\/\/www.europesays.com\/fi\/wp-json\/wp\/v2\/posts\/194248\/revisions"}],"wp:featuredmedia":[{"embeddable":true,"href":"https:\/\/www.europesays.com\/fi\/wp-json\/wp\/v2\/media\/194249"}],"wp:attachment":[{"href":"https:\/\/www.europesays.com\/fi\/wp-json\/wp\/v2\/media?parent=194248"}],"wp:term":[{"taxonomy":"category","embeddable":true,"href":"https:\/\/www.europesays.com\/fi\/wp-json\/wp\/v2\/categories?post=194248"},{"taxonomy":"post_tag","embeddable":true,"href":"https:\/\/www.europesays.com\/fi\/wp-json\/wp\/v2\/tags?post=194248"}],"curies":[{"name":"wp","href":"https:\/\/api.w.org\/{rel}","templated":true}]}}