{"id":19433,"date":"2025-08-29T05:49:11","date_gmt":"2025-08-29T05:49:11","guid":{"rendered":"https:\/\/www.europesays.com\/fi\/19433\/"},"modified":"2025-08-29T05:49:11","modified_gmt":"2025-08-29T05:49:11","slug":"tassa-ovat-uudet-elamani-biisi-artistit-mukana-todellinen-yllatysnimi","status":"publish","type":"post","link":"https:\/\/www.europesays.com\/fi\/19433\/","title":{"rendered":"T\u00e4ss\u00e4 ovat uudet El\u00e4m\u00e4ni biisi -artistit \u2013 mukana todellinen yll\u00e4tysnimi"},"content":{"rendered":"<p>\n            El\u00e4m\u00e4ni biisi 2025<br \/>\n            Yle\n        <\/p>\n<p class=\"subtitle \">Kolmen poistuneen artistin tilalla n\u00e4hd\u00e4\u00e4n uudet kasvot.<\/p>\n<p class=\"article-content article-content-width !bg-background\">El\u00e4m\u00e4ni biisi -ohjelman t\u00e4htisolistikaarti uudistuu, kun mukaan saadaan kolme uutta artistia: <a alt=\"Haku\" class=\"text-primary-red font-extrabold\" href=\"https:\/\/www.seiska.fi\/haku?q=Markku Aro, Johanna Rauma\" rel=\"nofollow noopener\" target=\"_blank\">Markku Aro, Johanna Rauma<\/a> ja\u00a0<a alt=\"Haku\" class=\"text-primary-red font-extrabold\" href=\"https:\/\/www.seiska.fi\/haku?q=Henri Piispanen\" rel=\"nofollow noopener\" target=\"_blank\">Henri Piispanen<\/a>.<\/p>\n<p class=\"italic m-italic article-content article-content-width !bg-background\">Videohaastattelussa Diandra kertoo ajatuksistaan El\u00e4m\u00e4ni biisist\u00e4:<\/p>\n<p class=\"article-content article-content-width !bg-background\"> El\u00e4m\u00e4ni biisi palaa ruutuihin Ylell\u00e4 13. syyskuuta. Edelliskauden t\u00e4htisolisteista\u00a0<a alt=\"Haku\" class=\"text-primary-red font-extrabold\" href=\"https:\/\/www.seiska.fi\/haku?q=Arja Saijonmaa,\u00a0Tero Vesterinen\" rel=\"nofollow noopener\" target=\"_blank\">Arja Saijonmaa,\u00a0Tero Vesterinen<\/a>\u00a0ja\u00a0<a alt=\"Haku\" class=\"text-primary-red font-extrabold\" href=\"https:\/\/www.seiska.fi\/haku?q=Jore Marjaranta\" rel=\"nofollow noopener\" target=\"_blank\">Jore Marjaranta<\/a> j\u00e4iv\u00e4t pois tulevalta kaudelta. Sen sijaan <a alt=\"Haku\" class=\"text-primary-red font-extrabold\" href=\"https:\/\/www.seiska.fi\/haku?q=Diandra, Suvi Ter\u00e4sniska, Lauri Mikkola\" rel=\"nofollow noopener\" target=\"_blank\">Diandra, Suvi Ter\u00e4sniska, Lauri Mikkola<\/a> ja <a alt=\"Haku\" class=\"text-primary-red font-extrabold\" href=\"https:\/\/www.seiska.fi\/haku?q=JP Lepp\u00e4luoto\" rel=\"nofollow noopener\" target=\"_blank\">JP Lepp\u00e4luoto<\/a> jatkavat uusissakin jaksoissa.\u00a0Yhdess\u00e4 jaksossa solisteja on mukana aina nelj\u00e4 tai viisi.<\/p>\n<p class=\"article-content article-content-width !bg-background\">Uusien artistien my\u00f6t\u00e4 ohjelmaan saadaan rutkasti euroviisukokemusta. Henri Piispanen edusti Suomea Euroviisuissa vuonna 2024 yhdess\u00e4\u00a0<a alt=\"Haku\" class=\"text-primary-red font-extrabold\" href=\"https:\/\/www.seiska.fi\/haku?q=Windows95manin\" rel=\"nofollow noopener\" target=\"_blank\">Windows95manin<\/a>\u00a0kanssa. Todellinen iskelm\u00e4konkari Markku Aro puolestaan n\u00e4htiin viisulavalla vuonna 1971.<\/p>\n<p class=\"article-content article-content-width !bg-background\">Johanna Rauma on etenkin Punomo-yhtyeest\u00e4 tuttu soul-laulaja ja lauluntekij\u00e4.<\/p>\n<p>        <a itemprop=\"url\" href=\"https:\/\/www.seiska.fi\/katso\/paljastuivatko-uudet-elamani-biisi-artistit-etuajassa\/1907112\" rel=\"nofollow noopener\" target=\"_blank\"><\/p>\n<p>\nEl\u00e4m\u00e4ni biisi\n<\/p>\n<p class=\"section-date\">\n        <strong class=\"article-section\" data-section=\"katso\"><br \/>\n            katso<br \/>\n        <\/strong><br \/>\n        22.8. 08:11\n    <\/p>\n<p>    Paljastuivatko uudet El\u00e4m\u00e4ni biisi -artistit etuajassa?<\/p>\n<p itemprop=\"description\" class=\"subtitle \">\n    Iskelm\u00e4t\u00e4hti\u00e4 ja Euroviisu-edustajia, siit\u00e4k\u00f6 on uusi El\u00e4m\u00e4ni biisi -ohjelman kausi tehty?\n<\/p>\n<p>        <\/a><\/p>\n<p>Lauantain suorat l\u00e4hetykset jatkuvat<\/p>\n<p class=\"article-content article-content-width !bg-background\">Juontajana jatkaa <a alt=\"Haku\" class=\"text-primary-red font-extrabold\" href=\"https:\/\/www.seiska.fi\/haku?q=Katja St\u00e5hl\" rel=\"nofollow noopener\" target=\"_blank\">Katja St\u00e5hl<\/a> ja orkesterin johtajana <a alt=\"Haku\" class=\"text-primary-red font-extrabold\" href=\"https:\/\/www.seiska.fi\/haku?q=Kalle Torniainen\" rel=\"nofollow noopener\" target=\"_blank\">Kalle Torniainen<\/a>.<\/p>\n<p class=\"article-content article-content-width !bg-background\">Vieraina kauden aikana n\u00e4hd\u00e4\u00e4n muun muassa <a alt=\"Haku\" class=\"text-primary-red font-extrabold\" href=\"https:\/\/www.seiska.fi\/haku?q=Meiju Suvas,\u00a0Kristo Salminen,\u00a0Anja Snellman,\u00a0Kake Randelin,\u00a0Erika Vikman, K\u00e4\u00e4rij\u00e4,\u00a0Kaisa M\u00e4k\u00e4r\u00e4inen\" rel=\"nofollow noopener\" target=\"_blank\">Meiju Suvas,\u00a0Kristo Salminen,\u00a0Anja Snellman,\u00a0Kake Randelin,\u00a0Erika Vikman, K\u00e4\u00e4rij\u00e4,\u00a0Kaisa M\u00e4k\u00e4r\u00e4inen<\/a>\u00a0ja\u00a0<a alt=\"Haku\" class=\"text-primary-red font-extrabold\" href=\"https:\/\/www.seiska.fi\/haku?q=Esko Eerik\u00e4inen.\" rel=\"nofollow noopener\" target=\"_blank\">Esko Eerik\u00e4inen.<\/a><\/p>\n<p class=\"article-content article-content-width !bg-background\"> Ohjelma n\u00e4hd\u00e4\u00e4n tuttuun tapaan lauantai-iltaisin suorina l\u00e4hetyksin\u00e4 Tampereen Mediapoliksesta. Kymmenen live-l\u00e4hetyksen lis\u00e4ksi tulevalla seitsem\u00e4nnell\u00e4 kaudella on luvassa kolme erikoisjaksoa. Yksi erikoisjaksoista on perinteisesti RSO:n kanssa tehty klassisen musiikinjakso. <\/p>\n<p>        <a itemprop=\"url\" href=\"https:\/\/www.seiska.fi\/katso\/katja-stahlin-ja-mikko-kuustosen-ohjelma-kuohuttaa-suorastaan-havytonta-kuunneltavaa\/1907354\" rel=\"nofollow noopener\" target=\"_blank\"><\/p>\n<p>\nSt\u00e5hl ja Kuustonen\n<\/p>\n<p class=\"section-date\">\n        <strong class=\"article-section\" data-section=\"katso\"><br \/>\n            katso<br \/>\n        <\/strong><br \/>\n        22.8. 15:15\n    <\/p>\n<p>    Katja St\u00e5hlin ja Mikko Kuustosen ohjelma kuohuttaa: \u201dSuorastaan h\u00e4vyt\u00f6nt\u00e4 kuunneltavaa\u201d<\/p>\n<p itemprop=\"description\" class=\"subtitle \">\n    Osa Ylen podcastin kuuntelijoista inhoaa kaksikon r\u00f6h\u00f6naurua, osa taas rakastaa sit\u00e4.\n<\/p>\n<p>        <\/a><\/p>\n","protected":false},"excerpt":{"rendered":"El\u00e4m\u00e4ni biisi 2025 Yle Kolmen poistuneen artistin tilalla n\u00e4hd\u00e4\u00e4n uudet kasvot. El\u00e4m\u00e4ni biisi -ohjelman t\u00e4htisolistikaarti uudistuu, kun mukaan&hellip;\n","protected":false},"author":2,"featured_media":19434,"comment_status":"","ping_status":"","sticky":false,"template":"","format":"standard","meta":{"footnotes":""},"categories":[133],"tags":[6896,2632,137,33,31,30,5378,6924,6923,2629,6922,5376,47,2630,32,6921,206,156,109,1149],"class_list":{"0":"post-19433","1":"post","2":"type-post","3":"status-publish","4":"format-standard","5":"has-post-thumbnail","7":"category-televisiot","8":"tag-diandra","9":"tag-elamani-biisi","10":"tag-entertainment","11":"tag-fi","12":"tag-finland","13":"tag-finnish","14":"tag-henri-piispanen","15":"tag-johanna-rauma","16":"tag-jp-leppaluoto","17":"tag-katja-stahl","18":"tag-lauri-mikkola","19":"tag-markku-aro","20":"tag-musiikki","21":"tag-musiikkiviihde","22":"tag-suomi","23":"tag-suvi-terasniska","24":"tag-televisiot","25":"tag-tv","26":"tag-viihde","27":"tag-yle"},"share_on_mastodon":{"url":"","error":""},"_links":{"self":[{"href":"https:\/\/www.europesays.com\/fi\/wp-json\/wp\/v2\/posts\/19433","targetHints":{"allow":["GET"]}}],"collection":[{"href":"https:\/\/www.europesays.com\/fi\/wp-json\/wp\/v2\/posts"}],"about":[{"href":"https:\/\/www.europesays.com\/fi\/wp-json\/wp\/v2\/types\/post"}],"author":[{"embeddable":true,"href":"https:\/\/www.europesays.com\/fi\/wp-json\/wp\/v2\/users\/2"}],"replies":[{"embeddable":true,"href":"https:\/\/www.europesays.com\/fi\/wp-json\/wp\/v2\/comments?post=19433"}],"version-history":[{"count":0,"href":"https:\/\/www.europesays.com\/fi\/wp-json\/wp\/v2\/posts\/19433\/revisions"}],"wp:featuredmedia":[{"embeddable":true,"href":"https:\/\/www.europesays.com\/fi\/wp-json\/wp\/v2\/media\/19434"}],"wp:attachment":[{"href":"https:\/\/www.europesays.com\/fi\/wp-json\/wp\/v2\/media?parent=19433"}],"wp:term":[{"taxonomy":"category","embeddable":true,"href":"https:\/\/www.europesays.com\/fi\/wp-json\/wp\/v2\/categories?post=19433"},{"taxonomy":"post_tag","embeddable":true,"href":"https:\/\/www.europesays.com\/fi\/wp-json\/wp\/v2\/tags?post=19433"}],"curies":[{"name":"wp","href":"https:\/\/api.w.org\/{rel}","templated":true}]}}