{"id":194553,"date":"2026-03-15T01:52:10","date_gmt":"2026-03-15T01:52:10","guid":{"rendered":"https:\/\/www.europesays.com\/fi\/194553\/"},"modified":"2026-03-15T01:52:10","modified_gmt":"2026-03-15T01:52:10","slug":"lauantain-lukuvinkit-ismo-apellin-koettelemukset-ilmastonmuutos-savolaiseen-tapaan-seka-unelmien-rintamamiestalo-savo","status":"publish","type":"post","link":"https:\/\/www.europesays.com\/fi\/194553\/","title":{"rendered":"Lauantain lukuvinkit | Ismo Apellin koettelemukset, ilmastonmuutos savolaiseen tapaan sek\u00e4 unelmien rintamamiestalo | Savo"},"content":{"rendered":"<p>Savon Sanomat julkaisee joka ilta koosteen p\u00e4iv\u00e4n kiinnostavimmista artikkeleista.<\/p>\n<p>Lue ainakin n\u00e4m\u00e4 jutut lauantailta.<\/p>\n<p>\t\t\t\tTunnettu n\u00e4yttelij\u00e4-ohjaaja liikuttui l\u00e4himm\u00e4isenrakkaudesta<\/p>\n<p>Viihde- ja tapahtuma-alan monitoimimies Ismo<strong> Apellin<\/strong> perjantai 13. uhkasi todella olla ep\u00e4onninen, mutta kuopiolaisten avuliaisuus k\u00e4\u00e4nsi harmituksen onneksi.<\/p>\n<p>\t\t\t\t\t<img class=\"diks-card__image\" src=\"https:\/\/www.europesays.com\/fi\/wp-content\/uploads\/2026\/03\/1773539529_776_9426484.jpg\"   loading=\"lazy\" decoding=\"sync\" alt=\"\"\/><\/p>\n<p>\t\t\t\tMillaisessa Savossa el\u00e4mme vuonna 2050?<\/p>\n<p>Ilmatieteen laitoksen malleissa Pohjois-Savon kes\u00e4n l\u00e4mp\u00f6tila nousee vuosisadan loppuun menness\u00e4 vuoden 1990 tasosta noin nelj\u00e4ll\u00e4 asteella. Ilmatieteen laitoksen tutkimusprofessori <strong>Anton Laakso<\/strong> toivoo, ett\u00e4 t\u00e4h\u00e4n varauduttaisiin esimerkiksi siten, ett\u00e4 puistoihin ja p\u00e4iv\u00e4koteihin rakennettaisiin varjopaikkoja.<\/p>\n<p>\t\t\t\t\t<img class=\"diks-card__image\" src=\"https:\/\/www.europesays.com\/fi\/wp-content\/uploads\/2026\/03\/11338549.jpg\"   loading=\"lazy\" decoding=\"sync\" alt=\"\"\/><\/p>\n<p>\t\t\t\tTalo, joka on kuin itsep\u00e4inen, savolainen kyl\u00e4hullu<\/p>\n<p><strong>Satu Peltosen<\/strong> unelmien kodin piha n\u00e4ytti ensivilkaisulla silt\u00e4, ett\u00e4 sinne on haudattu edellisten asukkaiden entiset poikayst\u00e4v\u00e4t. Loppujen lopuksi vanha rintamamiestalo osoittautui t\u00e4ydelliseksi valinnaksi.<\/p>\n<p>\t\t\t\t\t<img class=\"diks-card__image\" src=\"https:\/\/www.europesays.com\/fi\/wp-content\/uploads\/2026\/03\/11274972.jpg\"   loading=\"lazy\" decoding=\"sync\" alt=\"\"\/><\/p>\n<p>\t\t\t\t&#8221;\u00c4itin makaronilaatikko kyll\u00e4 maistuisi v\u00e4lill\u00e4&#8221;<\/p>\n<p><strong>Luukas Haapala<\/strong>, 17, ja <strong>Daniel Hyv\u00e4rinen<\/strong>, 16, el\u00e4v\u00e4t monen teinin unelmaa: he ovat saaneet muuttaa omilleen ja omistautua urheilulle. Oman kodin vapaus tuo kuitenkin mukanaan my\u00f6s vastuuta.<\/p>\n<p>\t\t\t\t\t<img class=\"diks-card__image\" src=\"https:\/\/www.europesays.com\/fi\/wp-content\/uploads\/2026\/03\/11327951.jpg\"   loading=\"lazy\" decoding=\"sync\" alt=\"\"\/><\/p>\n","protected":false},"excerpt":{"rendered":"Savon Sanomat julkaisee joka ilta koosteen p\u00e4iv\u00e4n kiinnostavimmista artikkeleista. Lue ainakin n\u00e4m\u00e4 jutut lauantailta. Tunnettu n\u00e4yttelij\u00e4-ohjaaja liikuttui l\u00e4himm\u00e4isenrakkaudesta&hellip;\n","protected":false},"author":2,"featured_media":194554,"comment_status":"","ping_status":"","sticky":false,"template":"","format":"standard","meta":{"footnotes":"","_share_on_mastodon":"0"},"categories":[113],"tags":[446,33,31,30,1132,4162,402,11258,118,32,119,15231,30184,447],"class_list":["post-194553","post","type-post","status-publish","format-standard","has-post-thumbnail","category-ymparisto","tag-environment","tag-fi","tag-finland","tag-finnish","tag-kuopio","tag-kuopion-kaupunki","tag-rakentaminen-kiinteistot","tag-riitely","tag-science","tag-suomi","tag-tiede","tag-vierema","tag-viereman-kunta","tag-ymparisto"],"share_on_mastodon":{"url":"https:\/\/pubeurope.com\/@fi\/116230694344442322","error":""},"_links":{"self":[{"href":"https:\/\/www.europesays.com\/fi\/wp-json\/wp\/v2\/posts\/194553","targetHints":{"allow":["GET"]}}],"collection":[{"href":"https:\/\/www.europesays.com\/fi\/wp-json\/wp\/v2\/posts"}],"about":[{"href":"https:\/\/www.europesays.com\/fi\/wp-json\/wp\/v2\/types\/post"}],"author":[{"embeddable":true,"href":"https:\/\/www.europesays.com\/fi\/wp-json\/wp\/v2\/users\/2"}],"replies":[{"embeddable":true,"href":"https:\/\/www.europesays.com\/fi\/wp-json\/wp\/v2\/comments?post=194553"}],"version-history":[{"count":0,"href":"https:\/\/www.europesays.com\/fi\/wp-json\/wp\/v2\/posts\/194553\/revisions"}],"wp:featuredmedia":[{"embeddable":true,"href":"https:\/\/www.europesays.com\/fi\/wp-json\/wp\/v2\/media\/194554"}],"wp:attachment":[{"href":"https:\/\/www.europesays.com\/fi\/wp-json\/wp\/v2\/media?parent=194553"}],"wp:term":[{"taxonomy":"category","embeddable":true,"href":"https:\/\/www.europesays.com\/fi\/wp-json\/wp\/v2\/categories?post=194553"},{"taxonomy":"post_tag","embeddable":true,"href":"https:\/\/www.europesays.com\/fi\/wp-json\/wp\/v2\/tags?post=194553"}],"curies":[{"name":"wp","href":"https:\/\/api.w.org\/{rel}","templated":true}]}}