{"id":195094,"date":"2026-03-15T17:32:14","date_gmt":"2026-03-15T17:32:14","guid":{"rendered":"https:\/\/www.europesays.com\/fi\/195094\/"},"modified":"2026-03-15T17:32:14","modified_gmt":"2026-03-15T17:32:14","slug":"tulipalo-tuhosi-vapaa-ajan-asunnon-paraisilla-asunnossa-ollut-henkilo-paasi-ulos-omin-avuin-varsinais-suomi","status":"publish","type":"post","link":"https:\/\/www.europesays.com\/fi\/195094\/","title":{"rendered":"Tulipalo tuhosi vapaa-ajan asunnon Paraisilla \u2013 asunnossa ollut henkil\u00f6 p\u00e4\u00e4si ulos omin avuin | Varsinais-Suomi"},"content":{"rendered":"<p class=\"aw-1gybjub aw-5vja16 kEtdKx kmuxyA yle__article__paragraph\">J\u00e4lkisammutust\u00f6iden arvioidaan jatkuvan sunnuntain aamup\u00e4iv\u00e4\u00e4n asti.<\/p>\n<p><img decoding=\"async\" alt=\"Punainen paloauto.\" src=\"https:\/\/www.europesays.com\/fi\/wp-content\/uploads\/2026\/03\/39-115187064ccbbc9b5d1e.jpeg\" class=\"aw-1l9m598 hKVVvP\"\/><\/p>\n<p>Avaa kuvien katselu<\/p>\n<p>Asunnossa ollut henkil\u00f6 p\u00e4\u00e4si ulos omatoimisesti. Kuva: Johanna Lehtola \/ Yle<\/p>\n<p class=\"aw-1gybjub aw-1p7kakr kEtdKx cEmitX yle__article__paragraph\">Vapaa-ajan asunto tuhoutui t\u00e4ysin aamuy\u00f6n tulipalossa Paraisilla. Rakennus oli jo t\u00e4yden palon vaiheessa, kun ensimm\u00e4iset pelastusyksik\u00f6t tulivat paikalle.<\/p>\n<p class=\"aw-1gybjub aw-1p7kakr kEtdKx cEmitX yle__article__paragraph\">Rakennuksessa oli palon syttymisaikaan yksi henkil\u00f6, mutta h\u00e4n p\u00e4\u00e4si pelastautumaan ulos omin avuin. Ensihoito tarkisti henkil\u00f6n voinnin. Sairaalahoidon tarvetta h\u00e4nell\u00e4 ei ollut.<\/p>\n<p class=\"aw-1gybjub aw-1p7kakr kEtdKx cEmitX yle__article__paragraph\">J\u00e4lkisammutust\u00f6iden arvioidaan jatkuvan sunnuntaina aamup\u00e4iv\u00e4lle.<\/p>\n<p class=\"aw-1gybjub aw-1p7kakr kEtdKx cEmitX yle__article__paragraph\">Pelastuslaitos sai h\u00e4lytyksen palopaikalle lauantain ja sunnuntain v\u00e4lisen\u00e4 y\u00f6n\u00e4 hieman kello 4 j\u00e4lkeen.<\/p>\n","protected":false},"excerpt":{"rendered":"J\u00e4lkisammutust\u00f6iden arvioidaan jatkuvan sunnuntain aamup\u00e4iv\u00e4\u00e4n asti. Avaa kuvien katselu Asunnossa ollut henkil\u00f6 p\u00e4\u00e4si ulos omatoimisesti. Kuva: Johanna Lehtola&hellip;\n","protected":false},"author":2,"featured_media":195095,"comment_status":"","ping_status":"","sticky":false,"template":"","format":"standard","meta":{"footnotes":"","_share_on_mastodon":"0"},"categories":[12],"tags":[22,23,26,27,33,31,30,17,24,25,28,29,15,837,18,21,1249,32,19,20,1265,16,663],"class_list":["post-195094","post","type-post","status-publish","format-standard","has-post-thumbnail","category-suomi","tag-breaking-news","tag-breakingnews","tag-featured-news","tag-featurednews","tag-fi","tag-finland","tag-finnish","tag-headlines","tag-latest-news","tag-latestnews","tag-main-news","tag-mainnews","tag-news","tag-onnettomuudet","tag-otsikot","tag-paauutiset","tag-parainen","tag-suomi","tag-top-stories","tag-topstories","tag-tulipalot","tag-uutiset","tag-varsinais-suomi"],"share_on_mastodon":{"url":"https:\/\/pubeurope.com\/@fi\/116234390455076006","error":""},"_links":{"self":[{"href":"https:\/\/www.europesays.com\/fi\/wp-json\/wp\/v2\/posts\/195094","targetHints":{"allow":["GET"]}}],"collection":[{"href":"https:\/\/www.europesays.com\/fi\/wp-json\/wp\/v2\/posts"}],"about":[{"href":"https:\/\/www.europesays.com\/fi\/wp-json\/wp\/v2\/types\/post"}],"author":[{"embeddable":true,"href":"https:\/\/www.europesays.com\/fi\/wp-json\/wp\/v2\/users\/2"}],"replies":[{"embeddable":true,"href":"https:\/\/www.europesays.com\/fi\/wp-json\/wp\/v2\/comments?post=195094"}],"version-history":[{"count":0,"href":"https:\/\/www.europesays.com\/fi\/wp-json\/wp\/v2\/posts\/195094\/revisions"}],"wp:featuredmedia":[{"embeddable":true,"href":"https:\/\/www.europesays.com\/fi\/wp-json\/wp\/v2\/media\/195095"}],"wp:attachment":[{"href":"https:\/\/www.europesays.com\/fi\/wp-json\/wp\/v2\/media?parent=195094"}],"wp:term":[{"taxonomy":"category","embeddable":true,"href":"https:\/\/www.europesays.com\/fi\/wp-json\/wp\/v2\/categories?post=195094"},{"taxonomy":"post_tag","embeddable":true,"href":"https:\/\/www.europesays.com\/fi\/wp-json\/wp\/v2\/tags?post=195094"}],"curies":[{"name":"wp","href":"https:\/\/api.w.org\/{rel}","templated":true}]}}