{"id":195164,"date":"2026-03-15T19:29:10","date_gmt":"2026-03-15T19:29:10","guid":{"rendered":"https:\/\/www.europesays.com\/fi\/195164\/"},"modified":"2026-03-15T19:29:10","modified_gmt":"2026-03-15T19:29:10","slug":"norjan-hovin-instagram-kuva-mette-maritista-heratti-raivoa-ja-keskustelua","status":"publish","type":"post","link":"https:\/\/www.europesays.com\/fi\/195164\/","title":{"rendered":"Norjan hovin Instagram-kuva Mette-Maritista her\u00e4tti raivoa ja keskustelua"},"content":{"rendered":"<p class=\"article-content article-content-width !bg-background\">Norjan hovi julkaisi <a href=\"https:\/\/www.instagram.com\/detnorskekongehus\/\" target=\"_blank\" rel=\"nofollow noopener\">Instagram-tililleen<\/a> sunnuntaina (15.3.) tulevana y\u00f6n\u00e4 n\u00e4ht\u00e4v\u00e4n Oscar-gaalan kunniaksi kunnianosoituksen oman maansa Oscar-ehdokkaille.<\/p>\n<p class=\"font-weight-bold m-font-weight-bold article-content article-content-width !bg-background\">Katso my\u00f6s! Tiesitk\u00f6 t\u00e4m\u00e4n Norjan kuninkaallisista?<\/p>\n<p class=\"article-content article-content-width !bg-background\">Norja on napannut itselleen t\u00e4n\u00e4 vuonna enn\u00e4tysm\u00e4\u00e4r\u00e4n ehdokkuuksia, ja hovi ylisti maansa ammattilaisia onnittelutekstill\u00e4 sek\u00e4 prinssi <a alt=\"Haku\" class=\"text-primary-red font-extrabold\" href=\"https:\/\/www.seiska.fi\/haku?q=Haakonia\" rel=\"nofollow noopener\" target=\"_blank\">Haakonia<\/a> ja kruununprinsessa <a alt=\"Haku\" class=\"text-primary-red font-extrabold\" href=\"https:\/\/www.seiska.fi\/haku?q=Mette-Maritia\" rel=\"nofollow noopener\" target=\"_blank\">Mette-Maritia<\/a> esitt\u00e4v\u00e4ll\u00e4 kuvakollaasilla.<\/p>\n<p>Kansa raivostui<\/p>\n<p class=\"article-content article-content-width !bg-background\">Kuvassa Mette-Marit poseeraa norjalaisella elokuvastudiolla. Otos on vuoden takainen.<\/p>\n<p class=\"article-content article-content-width !bg-background\"> \u2013 Viime vuonna kruununprinssipari vieraili Jarissa sijaitsevassa Filmparkenissa, joka juhli 90-vuotisjuhlaansa, julkaisussa kerrotaan.<\/p>\n<p class=\"article-content article-content-width !bg-background\">Kunnianosoitus elokuva-alalle her\u00e4tti kommenttikent\u00e4ss\u00e4 ihastusta, mutta Mette-Maritin osallistaminen siihen her\u00e4tti raivoa.<\/p>\n<p class=\"article-content article-content-width !bg-background\"> \u2013 Viek\u00e4\u00e4 h\u00e4net pois!, yksi kommentoijista tokaisee. <\/p>\n<p class=\"article-content article-content-width !bg-background\"> \u2013 Mette-Maritin kuva oli tarpeeton, toinen ilmaisee.<\/p>\n<p class=\"article-content article-content-width !bg-background\">T\u00e4t\u00e4 ennen Mette-Marit ei ole tammikuussa nousseen kohun j\u00e4lkeen esiintynyt hovin julkaisemassa Instagram-sis\u00e4ll\u00f6ss\u00e4. Nyt hovi kuitenkin valitsi julkaista kuvan kruununprinsessastaan. Kohussa on kyse Mette-Maritin kytk\u00f6ksist\u00e4 seksuaalirikolliseen, <a alt=\"Haku\" class=\"text-primary-red font-extrabold\" href=\"https:\/\/www.seiska.fi\/haku?q=Jeffrey Epsteiniin\" rel=\"nofollow noopener\" target=\"_blank\">Jeffrey Epsteiniin<\/a>.<\/p>\n<p class=\"article-content article-content-width !bg-background\">Toinen Norjan hovia horjuttanut Mette-Maritiin liitetty kohu on h\u00e4nen poikansa <a alt=\"Haku\" class=\"text-primary-red font-extrabold\" href=\"https:\/\/www.seiska.fi\/haku?q=Marius Borg H\u00f8ibyn\u00a0\" rel=\"nofollow noopener\" target=\"_blank\">Marius Borg H\u00f8ibyn\u00a0<\/a>oikeudenk\u00e4ynnit. Mariuksen likimain 40 syytteeseen lukeutuu muun muassa nelj\u00e4 raiskausta, l\u00e4hisuhdev\u00e4kivaltaa, uhkailua ja liikennerikkomuksia.<\/p>\n<p><script async src=\"\/\/www.instagram.com\/embed.js\"><\/script><\/p>\n","protected":false},"excerpt":{"rendered":"Norjan hovi julkaisi Instagram-tililleen sunnuntaina (15.3.) tulevana y\u00f6n\u00e4 n\u00e4ht\u00e4v\u00e4n Oscar-gaalan kunniaksi kunnianosoituksen oman maansa Oscar-ehdokkaille. Katso my\u00f6s! Tiesitk\u00f6&hellip;\n","protected":false},"author":2,"featured_media":195165,"comment_status":"","ping_status":"","sticky":false,"template":"","format":"standard","meta":{"footnotes":"","_share_on_mastodon":"0"},"categories":[136],"tags":[407,137,33,31,30,11121,408,212,925,10788,30246,21570,32,109],"class_list":["post-195164","post","type-post","status-publish","format-standard","has-post-thumbnail","category-julkkikset","tag-celebrities","tag-entertainment","tag-fi","tag-finland","tag-finnish","tag-jeffrey-epstein","tag-julkkikset","tag-lifestyle","tag-marius-borg-hoiby","tag-mette-marit","tag-norjan-kuningashovi","tag-oscar-gaala","tag-suomi","tag-viihde"],"share_on_mastodon":{"url":"https:\/\/pubeurope.com\/@fi\/116234850701377673","error":""},"_links":{"self":[{"href":"https:\/\/www.europesays.com\/fi\/wp-json\/wp\/v2\/posts\/195164","targetHints":{"allow":["GET"]}}],"collection":[{"href":"https:\/\/www.europesays.com\/fi\/wp-json\/wp\/v2\/posts"}],"about":[{"href":"https:\/\/www.europesays.com\/fi\/wp-json\/wp\/v2\/types\/post"}],"author":[{"embeddable":true,"href":"https:\/\/www.europesays.com\/fi\/wp-json\/wp\/v2\/users\/2"}],"replies":[{"embeddable":true,"href":"https:\/\/www.europesays.com\/fi\/wp-json\/wp\/v2\/comments?post=195164"}],"version-history":[{"count":0,"href":"https:\/\/www.europesays.com\/fi\/wp-json\/wp\/v2\/posts\/195164\/revisions"}],"wp:featuredmedia":[{"embeddable":true,"href":"https:\/\/www.europesays.com\/fi\/wp-json\/wp\/v2\/media\/195165"}],"wp:attachment":[{"href":"https:\/\/www.europesays.com\/fi\/wp-json\/wp\/v2\/media?parent=195164"}],"wp:term":[{"taxonomy":"category","embeddable":true,"href":"https:\/\/www.europesays.com\/fi\/wp-json\/wp\/v2\/categories?post=195164"},{"taxonomy":"post_tag","embeddable":true,"href":"https:\/\/www.europesays.com\/fi\/wp-json\/wp\/v2\/tags?post=195164"}],"curies":[{"name":"wp","href":"https:\/\/api.w.org\/{rel}","templated":true}]}}