{"id":195166,"date":"2026-03-15T19:35:09","date_gmt":"2026-03-15T19:35:09","guid":{"rendered":"https:\/\/www.europesays.com\/fi\/195166\/"},"modified":"2026-03-15T19:35:09","modified_gmt":"2026-03-15T19:35:09","slug":"clare-whitney-huomasi-kyhmyn-rinnassaan-tutkimuksissa-ei-loytynyt-mitaan-han-meni-uudelleen-tutkimuksiin-ja-molemmista-rinnoista-loytyi-syopa","status":"publish","type":"post","link":"https:\/\/www.europesays.com\/fi\/195166\/","title":{"rendered":"Clare Whitney huomasi kyhmyn rinnassaan. Tutkimuksissa ei l\u00f6ytynyt mit\u00e4\u00e4n. H\u00e4n meni uudelleen tutkimuksiin ja molemmista rinnoista l\u00f6ytyi sy\u00f6p\u00e4."},"content":{"rendered":"<p>            MV PHOTOS\n        <\/p>\n<p class=\"subtitle \">Clare tunsi kyhmyn rinnassaan. Tutkimuksissa ei l\u00f6ytynyt mit\u00e4\u00e4n. Asia j\u00e4i vaivaamaan ja niinp\u00e4 nainen meni my\u00f6hemmin uudelleen tutkimuksiin. Diagnoosiksi varmistui rintasy\u00f6p\u00e4 molemmissa rinnoissa.<\/p>\n<p class=\"article-content article-content-width !bg-background\">Skotlantilainen yleisl\u00e4\u00e4k\u00e4ri , 45, on urallaan kohdannut lukemattomia potilaita, joilla on ollut rintasy\u00f6p\u00e4 tai ep\u00e4ily siit\u00e4. Nyt h\u00e4n puhuu kokemuksesta my\u00f6s potilaan roolissa ja kannustaa muita kuuntelemaan omaa kehoaan.<\/p>\n<p class=\"article-content article-content-width !bg-background\">Kahden alakouluik\u00e4isen lapsen yksinhuoltaja tunsi kes\u00e4ll\u00e4 2022 vasemmassa rinnassaan hyvin pienen kyhmyn. H\u00e4n ajatteli ensin seurata tilannetta rauhassa, sill\u00e4 rinnat voivat tuntua ajoittain kyhmyisilt\u00e4. Kahden kuukauden kuluttua h\u00e4n hakeutui l\u00e4\u00e4k\u00e4riin ja sai l\u00e4hetteen jatkotutkimuksiin. Silloin mit\u00e4\u00e4n huolestuttavaa ei l\u00f6ytynyt.<\/p>\n<p>                <img decoding=\"async\" src=\"https:\/\/www.europesays.com\/fi\/wp-content\/uploads\/2026\/03\/2078589.webp.jpeg\" width=\"576\" height=\"639\" alt=\"\u2013 Terveydenhuollon ammattilaisena on yll\u00e4tt\u00e4v\u00e4n vaikeaa olla objektiivinen itse\u00e4\u00e4n kohtaan, Clare sanoo.\" loading=\"lazy\" \/>            <\/p>\n<p>\n            \u2013 Terveydenhuollon ammattilaisena on yll\u00e4tt\u00e4v\u00e4n vaikeaa olla objektiivinen itse\u00e4\u00e4n kohtaan, Clare sanoo.<br \/>\n            MV PHOTOS\n        <\/p>\n<p>Aavistus pahemmasta<\/p>\n<p class=\"article-content article-content-width !bg-background\">Puolitoista vuotta my\u00f6hemmin Clare palasi sairaalaan, koska koki, ettei kaikki ollut kunnossa.<\/p>\n<p class=\"article-content article-content-width !bg-background\">\u2013 Olin valtavan v\u00e4synyt. Tiesin, ett\u00e4 jokin oli pieless\u00e4, Clare muistelee.<\/p>\n<p class=\"article-content article-content-width !bg-background\">Uusissa tutkimuksissa kyhmy vaikutti aiempaa ep\u00e4ilytt\u00e4v\u00e4mm\u00e4lt\u00e4. Tammikuussa 2024 otetuissa koepaloissa todettiin esiasteisia muutoksia, ja magneettikuvaus paljasti lis\u00e4\u00e4 kasvaimia eli kaksi vasemmassa ja yhden oikeassa rinnassa. Diagnoosiksi varmistui rintasy\u00f6p\u00e4 molemmissa rinnoissa.<\/p>\n<p>                <img decoding=\"async\" src=\"https:\/\/www.europesays.com\/fi\/wp-content\/uploads\/2026\/03\/2078596.webp.jpeg\" width=\"576\" height=\"677\" alt=\"L\u00e4\u00e4k\u00e4rin koulutuksesta oli apua, sill\u00e4 Clare tiesi, mit\u00e4 odottaa ja millaisia toipumisajat olisivat. Silti kaikkeen ei voinut varautua.\" loading=\"lazy\" \/>            <\/p>\n<p>\n            L\u00e4\u00e4k\u00e4rin koulutuksesta oli apua, sill\u00e4 Clare tiesi, mit\u00e4 odottaa ja millaisia toipumisajat olisivat. Silti kaikkeen ei voinut varautua.<br \/>\n            Collect\/PA Real Life\n        <\/p>\n<p>Rankat hoidot<\/p>\n<p class=\"article-content article-content-width !bg-background\">Hoitolinjaksi valittiin molempien rintojen poisto ja s\u00e4dehoito. Helmikuun lopussa 2024 Clarelle tehtiin kaksoismastektomia\u00a0eli molempien rintojen poisto. Samassa leikkauksessa rinnat rakennettiin uudelleen implanteilla.<\/p>\n<p class=\"article-content article-content-width !bg-background\">Huhtikuussa toteutettu viiden p\u00e4iv\u00e4n s\u00e4dehoitojakso yll\u00e4tti raskaudellaan.<\/p>\n<p class=\"article-content article-content-width !bg-background\">\u2013 Minulle kerrottiin, ett\u00e4 tulisin v\u00e4sym\u00e4\u00e4n. Mutta kolme viikkoa hoitojen j\u00e4lkeen tuntui kuin joku olisi vet\u00e4nyt t\u00f6pselin sein\u00e4st\u00e4. Uupumus oli valtava.<\/p>\n<p class=\"article-content article-content-width !bg-background\">Toipuminen vei kuukausia. Nyt Clare k\u00e4y vuosittaisissa kontrollik\u00e4ynneiss\u00e4 rintakirurgisella poliklinikalla.<\/p>\n<p>                <img decoding=\"async\" src=\"https:\/\/www.europesays.com\/fi\/wp-content\/uploads\/2026\/03\/2078599.webp.jpeg\" width=\"576\" height=\"639\" alt=\"Viime elokuussa Clare osallistui rintasy\u00f6p\u00e4konferenssiin, jossa k\u00e4siteltiin el\u00e4m\u00e4ntapojen merkityst\u00e4 toipumisessa. H\u00e4n sai kipin\u00e4n muuttaa arkeaan pysyv\u00e4sti.\" loading=\"lazy\" \/>            <\/p>\n<p>\n            Viime elokuussa Clare osallistui rintasy\u00f6p\u00e4konferenssiin, jossa k\u00e4siteltiin el\u00e4m\u00e4ntapojen merkityst\u00e4 toipumisessa. H\u00e4n sai kipin\u00e4n muuttaa arkeaan pysyv\u00e4sti.<br \/>\n            MV PHOTOS\n        <\/p>\n<p>Muutos ty\u00f6ss\u00e4 ja arjessa<\/p>\n<p class=\"article-content article-content-width !bg-background\">Diagnoosi pakotti arvioimaan el\u00e4m\u00e4\u00e4 uudelleen. Aiemmin Clare ty\u00f6skenteli pitki\u00e4 p\u00e4ivi\u00e4 l\u00e4\u00e4k\u00e4rikumppanina omassa vastaanotossaan, vastaten my\u00f6s toiminnan py\u00f6ritt\u00e4misest\u00e4. Ty\u00f6 s\u00f6i aikaa perheelt\u00e4 ja palautumiselta.<\/p>\n<p class=\"article-content article-content-width !bg-background\">Sairastumisen j\u00e4lkeen h\u00e4n siirtyi palkalliseksi yleisl\u00e4\u00e4k\u00e4riksi toiseen toimipisteeseen. Ty\u00f6aika on nelip\u00e4iv\u00e4inen ja s\u00e4\u00e4nn\u00f6llinen.<\/p>\n<p class=\"article-content article-content-width !bg-background\">\u2013 Nyt ehdin aina hakemaan lapset koulusta. Minulla ei en\u00e4\u00e4 ole vastuuta koko vastaanoton johtamisesta, Clare iloitsee.<\/p>\n<p class=\"article-content article-content-width !bg-background\">Oma sairastuminen on syvent\u00e4nyt ymm\u00e4rryst\u00e4 potilaiden tunteista.<\/p>\n<p class=\"article-content article-content-width !bg-background\">\u2013 Ensimm\u00e4inen potilaani t\u00f6ihin palattuani oli nainen, jolla oli rintakyhmy. Mietin etuk\u00e4teen, miten p\u00e4rj\u00e4isin tilanteessa, mutta ammattirooli astuu esiin. Samalla ymm\u00e4rr\u00e4n nyt paremmin pelon ja ep\u00e4varmuuden.<\/p>\n<p>                <img decoding=\"async\" src=\"https:\/\/www.europesays.com\/fi\/wp-content\/uploads\/2026\/03\/2078601.webp.jpeg\" width=\"576\" height=\"639\" alt=\"Clare on sittemmin diagnosoinut uusia rintasy\u00f6p\u00e4tapauksia ja tukenut hoidoissa olevia naisia.\" loading=\"lazy\" \/>            <\/p>\n<p>\n            Clare on sittemmin diagnosoinut uusia rintasy\u00f6p\u00e4tapauksia ja tukenut hoidoissa olevia naisia.<br \/>\n            MV PHOTOS\n        <\/p>\n<p>Rintasy\u00f6p\u00e4tilanne Suomessa<\/p>\n<p class=\"article-content article-content-width !bg-background\">Rintasy\u00f6p\u00e4 on naisten tavallisin sy\u00f6p\u00e4, johon sairastuu vuosittain noin 5 000 suomalaisnaista. Lis\u00e4ksi rintasy\u00f6v\u00e4n esiasteita (intraduktaalinen karsinooma, DCIS) todetaan yli 500 naisella. Miehill\u00e4 rintasy\u00f6p\u00e4 on harvinainen, ja uusia tapauksia todetaan vuosittain 25\u201330.<\/p>\n<p class=\"article-content article-content-width !bg-background\">Rintasy\u00f6v\u00e4n syntyyn vaikuttavat monet tekij\u00e4t. Rintasy\u00f6v\u00e4n riski\u00e4 lis\u00e4\u00e4v\u00e4t mm. ik\u00e4\u00e4ntyminen, ylipaino, vaihdevuosioireiden hormonihoito ja perinn\u00f6llinen alttius.<\/p>\n<p class=\"article-content article-content-width !bg-background\">Sy\u00f6p\u00e4rekisterin tilastojen mukaan 13 % suomalaisista naisista sairastuu rintasy\u00f6p\u00e4\u00e4n. Vaikka rintasy\u00f6p\u00e4 alkaa yleisty\u00e4 vasta vaihdevuosi-i\u00e4n l\u00e4hestyess\u00e4, sit\u00e4 esiintyy my\u00f6s nuorilla naisilla.<\/p>\n<p class=\"article-content article-content-width !bg-background\">L\u00e4hde: <a href=\"https:\/\/www.terveyskirjasto.fi\/dlk00618\" target=\"_blank\" rel=\"nofollow noopener\">Duodecim<\/a><\/p>\n","protected":false},"excerpt":{"rendered":"MV PHOTOS Clare tunsi kyhmyn rinnassaan. Tutkimuksissa ei l\u00f6ytynyt mit\u00e4\u00e4n. Asia j\u00e4i vaivaamaan ja niinp\u00e4 nainen meni my\u00f6hemmin&hellip;\n","protected":false},"author":2,"featured_media":195167,"comment_status":"","ping_status":"","sticky":false,"template":"","format":"standard","meta":{"footnotes":"","_share_on_mastodon":"0"},"categories":[165],"tags":[30247,33,31,30,166,2233,30249,3918,32,167,30248],"class_list":["post-195166","post","type-post","status-publish","format-standard","has-post-thumbnail","category-terveys","tag-clare-whitney","tag-fi","tag-finland","tag-finnish","tag-health","tag-hyvinvointi","tag-kaksoismastektomia","tag-rintasyopa","tag-suomi","tag-terveys","tag-yleislaakari"],"share_on_mastodon":{"url":"https:\/\/pubeurope.com\/@fi\/116234874202269121","error":""},"_links":{"self":[{"href":"https:\/\/www.europesays.com\/fi\/wp-json\/wp\/v2\/posts\/195166","targetHints":{"allow":["GET"]}}],"collection":[{"href":"https:\/\/www.europesays.com\/fi\/wp-json\/wp\/v2\/posts"}],"about":[{"href":"https:\/\/www.europesays.com\/fi\/wp-json\/wp\/v2\/types\/post"}],"author":[{"embeddable":true,"href":"https:\/\/www.europesays.com\/fi\/wp-json\/wp\/v2\/users\/2"}],"replies":[{"embeddable":true,"href":"https:\/\/www.europesays.com\/fi\/wp-json\/wp\/v2\/comments?post=195166"}],"version-history":[{"count":0,"href":"https:\/\/www.europesays.com\/fi\/wp-json\/wp\/v2\/posts\/195166\/revisions"}],"wp:featuredmedia":[{"embeddable":true,"href":"https:\/\/www.europesays.com\/fi\/wp-json\/wp\/v2\/media\/195167"}],"wp:attachment":[{"href":"https:\/\/www.europesays.com\/fi\/wp-json\/wp\/v2\/media?parent=195166"}],"wp:term":[{"taxonomy":"category","embeddable":true,"href":"https:\/\/www.europesays.com\/fi\/wp-json\/wp\/v2\/categories?post=195166"},{"taxonomy":"post_tag","embeddable":true,"href":"https:\/\/www.europesays.com\/fi\/wp-json\/wp\/v2\/tags?post=195166"}],"curies":[{"name":"wp","href":"https:\/\/api.w.org\/{rel}","templated":true}]}}