{"id":19525,"date":"2025-08-29T08:13:17","date_gmt":"2025-08-29T08:13:17","guid":{"rendered":"https:\/\/www.europesays.com\/fi\/19525\/"},"modified":"2025-08-29T08:13:17","modified_gmt":"2025-08-29T08:13:17","slug":"henrika-de-kermadec-rakastui-ranskalaisen-aatelissuvun-poikaan-ja-kirjoitti-siita-kirjan","status":"publish","type":"post","link":"https:\/\/www.europesays.com\/fi\/19525\/","title":{"rendered":"Henrika de Kermadec rakastui ranskalaisen aatelissuvun poikaan ja kirjoitti siit\u00e4 kirjan"},"content":{"rendered":"<p>Henrika de Kermadec avioitui ranskalaisen aatelisen kanssa ja kirjoitti siit\u00e4 kirjan. \u201dYht\u00e4kki\u00e4 oma el\u00e4m\u00e4ni oli l\u00e4hell\u00e4 prinsessasatua, jota vastaan halusin kapinoida.\u201d<\/p>\n<p class=\"article-body margin-bottom-24 padding-x-16\">Suomalainen <a class=\"article-personlink\" href=\"https:\/\/www.hs.fi\/haku\/?query=Henrika\" rel=\"nofollow noopener\" target=\"_blank\">Henrika<\/a> k\u00e4veli kohti harmaan kivilinnan salonkia ja s\u00f6i silmill\u00e4\u00e4n yksityiskohtia: marmori\u00adpintoja, eriparisia antiikki\u00adhuonekaluja ja ornamentein koristeltuja tapetteja.<\/p>\n<p class=\"article-body margin-bottom-24 padding-x-16\">Olo oli kuin valtavassa antiikkiliikkeess\u00e4.<\/p>\n<p class=\"article-body margin-bottom-24 padding-x-16\">Elettiin joulukuuta 2019 Luoteis-Ranskan Bretagnessa. Vain puolta vuotta aiemmin Henrika, suomalainen drag-klubin perustaja ja py\u00f6ritt\u00e4j\u00e4, oli myynyt asuntonsa ja l\u00e4htenyt reppureissulle Etel\u00e4-Ranskaan.<\/p>\n","protected":false},"excerpt":{"rendered":"Henrika de Kermadec avioitui ranskalaisen aatelisen kanssa ja kirjoitti siit\u00e4 kirjan. \u201dYht\u00e4kki\u00e4 oma el\u00e4m\u00e4ni oli l\u00e4hell\u00e4 prinsessasatua, jota&hellip;\n","protected":false},"author":2,"featured_media":19526,"comment_status":"","ping_status":"","sticky":false,"template":"","format":"standard","meta":{"footnotes":""},"categories":[134],"tags":[377,137,33,31,30,46,378,32,109],"class_list":{"0":"post-19525","1":"post","2":"type-post","3":"status-publish","4":"format-standard","5":"has-post-thumbnail","7":"category-kirjat","8":"tag-books","9":"tag-entertainment","10":"tag-fi","11":"tag-finland","12":"tag-finnish","13":"tag-helsingin-sanomat","14":"tag-kirjat","15":"tag-suomi","16":"tag-viihde"},"share_on_mastodon":{"url":"","error":""},"_links":{"self":[{"href":"https:\/\/www.europesays.com\/fi\/wp-json\/wp\/v2\/posts\/19525","targetHints":{"allow":["GET"]}}],"collection":[{"href":"https:\/\/www.europesays.com\/fi\/wp-json\/wp\/v2\/posts"}],"about":[{"href":"https:\/\/www.europesays.com\/fi\/wp-json\/wp\/v2\/types\/post"}],"author":[{"embeddable":true,"href":"https:\/\/www.europesays.com\/fi\/wp-json\/wp\/v2\/users\/2"}],"replies":[{"embeddable":true,"href":"https:\/\/www.europesays.com\/fi\/wp-json\/wp\/v2\/comments?post=19525"}],"version-history":[{"count":0,"href":"https:\/\/www.europesays.com\/fi\/wp-json\/wp\/v2\/posts\/19525\/revisions"}],"wp:featuredmedia":[{"embeddable":true,"href":"https:\/\/www.europesays.com\/fi\/wp-json\/wp\/v2\/media\/19526"}],"wp:attachment":[{"href":"https:\/\/www.europesays.com\/fi\/wp-json\/wp\/v2\/media?parent=19525"}],"wp:term":[{"taxonomy":"category","embeddable":true,"href":"https:\/\/www.europesays.com\/fi\/wp-json\/wp\/v2\/categories?post=19525"},{"taxonomy":"post_tag","embeddable":true,"href":"https:\/\/www.europesays.com\/fi\/wp-json\/wp\/v2\/tags?post=19525"}],"curies":[{"name":"wp","href":"https:\/\/api.w.org\/{rel}","templated":true}]}}