{"id":19527,"date":"2025-08-29T08:14:07","date_gmt":"2025-08-29T08:14:07","guid":{"rendered":"https:\/\/www.europesays.com\/fi\/19527\/"},"modified":"2025-08-29T08:14:07","modified_gmt":"2025-08-29T08:14:07","slug":"tata-tanssii-tahtien-kanssa-esitysta-tuomari-jukka-haapalainen-ei-koskaan-unohda-ei-voinut-uskoa-etta-kyseessa-ei-ole-tanssija","status":"publish","type":"post","link":"https:\/\/www.europesays.com\/fi\/19527\/","title":{"rendered":"T\u00e4t\u00e4 Tanssii t\u00e4htien kanssa -esityst\u00e4 tuomari Jukka Haapalainen ei koskaan unohda: \u201dEi voinut uskoa, ett\u00e4 kyseess\u00e4 ei ole tanssija&#8221;"},"content":{"rendered":"<p>Alusta asti mukana ollut tuomari <strong>Jukka Haapalainen<\/strong> kertoo, ett\u00e4 t\u00e4htioppilaiden valmistautuneisuus on nyky\u00e4\u00e4n korkeampi kuin aiemmin.<\/p>\n<p>\u201dHe tiet\u00e4v\u00e4t, mihin l\u00e4htev\u00e4t, ja heill\u00e4 on tietoa eri tansseista\u201d, Jukka Haapalainen sanoo.<\/p>\n<p>Suosion ev\u00e4\u00e4t olivat mukana jo heti alussa vuonna 2006. <\/p>\n<p>\u201dTuomareina me tietysti tunsimme lajin, mutta emme yht\u00e4\u00e4n tienneet, mit\u00e4 ohjelmasta voisi tulla. Toisaalta formaatti on suht yksinkertainen: on ne tanssit, ihmiset ja ihana musiikki. Siin\u00e4 on kolme asiaa, jotka kantavat vaikka kuinka pitk\u00e4lle.\u201d<\/p>\n<p>T\u00e4ll\u00e4 kaudella TTK-parketilla n\u00e4hd\u00e4\u00e4n kilpailemassa muun muassa ex-kiekkot\u00e4hti <strong>Marko \u201dM\u00f6rk\u00f6\u201d Anttila<\/strong>, radiojuontaja <strong>Minna Kuukka<\/strong> ja laulaja <strong>Mira Luoti<\/strong>. Ensimm\u00e4ist\u00e4 kertaa mukana on my\u00f6s miespari, kun tanssinopettaja <strong>Matti Puro <\/strong>tanssii juontaja <strong>Mikko Silvennoisen<\/strong> kanssa.<\/p>\n<p>Vuonna 2019 Puro valloitti syd\u00e4met tanssimalla n\u00e4yttelij\u00e4 <strong>Christoffer Strandbergin<\/strong> kanssa parinvaihtoviikolla. Miesten tanssima paso doble on j\u00e4\u00e4nyt my\u00f6s Haapalaisen mieleen yhten\u00e4 historiaa tehneist\u00e4 tansseista.<\/p>\n<p>\u201dMuistan aina my\u00f6s <strong>Tuuli Matinsalon<\/strong> quick stepin. Se oli jotain sellaista, ettei voinut uskoa, ett\u00e4 kyseess\u00e4 oli ihminen, joka ei ollut varsinaisesti tanssija!\u201d<\/p>\n<p>Ei turhalle fiilistelylle<\/p>\n<p>Jukka Haapalaisen omat kulmat eiv\u00e4t ole vuosien saatossa py\u00f6ristyneet. Kriteerit ovat korkeat joka vuosi, vaikka viihdett\u00e4 tehd\u00e4\u00e4nkin.<\/p>\n<p>\u201dViihteen ei tarvitse olla sinne p\u00e4in, vaan viihdett\u00e4 voi tehd\u00e4 laadulla. Minulla on siin\u00e4 mieless\u00e4 helppo teht\u00e4v\u00e4, ett\u00e4 saan ja pystyn perustamaan kaikki kommenttini ammatilliseen n\u00e4kemykseen ja tietoon.\u201d<\/p>\n<p>Kaikista eniten Jukka Haapalainen v\u00e4lttelee fiilistely\u00e4.<\/p>\n<p>\u201dEn kest\u00e4 sellaista \u201dminulla oli ainakin makea fiilis\u201d-kommenttia. Se ei sis\u00e4ll\u00e4 mit\u00e4\u00e4n eik\u00e4 siit\u00e4 saa kukaan irti mit\u00e4\u00e4n. Minun pit\u00e4\u00e4 sanoa, mit\u00e4 n\u00e4in, mik\u00e4 onnistui, mit\u00e4 odotin ja t\u00e4yttyiv\u00e4tk\u00f6 ne odotukset. Ja jos ei, niin miten pari voisi ensi kerralla onnistua.\u201d<\/p>\n<p>Uuden oppimiseen perustuu Jukka Haapalaisen mielest\u00e4 my\u00f6s pitk\u00e4lti TTK:n suosion salaisuus.<\/p>\n<p>\u201dSanon t\u00e4m\u00e4n joka kerta: formaatti uusii itse itsens\u00e4. Se on nerokas. Se uusii itsens\u00e4 tuomalla uudet ihmiset ja musiikkivalinnat.\u201d<\/p>\n<p>Henkist\u00e4 mielihyv\u00e4\u00e4<\/p>\n<p>Alusta asti tuomaristossa my\u00f6s mukana olleen <strong>Jorma Uotisen<\/strong> mielest\u00e4 t\u00e4htioppilaiden paneutumisen aste on noussut.<\/p>\n<p>\u201dAlkuvuosina joku saattoi l\u00e4hte\u00e4 v\u00e4h\u00e4n niin kuin vitsin\u00e4 mukaan, mutta sit\u00e4 ei ole kyll\u00e4 viime vuosina en\u00e4\u00e4 tapahtunut. Kaikki ovat tosissaan ja arvostavat sit\u00e4, mit\u00e4 olemme tekem\u00e4ss\u00e4.\u201d<\/p>\n<p>Viime kes\u00e4kuussa 75 vuotta t\u00e4ytt\u00e4neest\u00e4 Uotisesta on ollut riemastuttava tehd\u00e4 ohjelmaa.<\/p>\n<p>\u201dOlen kiitollinen, ett\u00e4 vanhuskin viel\u00e4 kelpaa. Se ei ole itsest\u00e4\u00e4nselvyys. Kaikki sunnuntait kolmen kuukauden ajalta t\u00e4ytyy varata t\u00e4h\u00e4n ja mielell\u00e4ni sen teen\u201d, Uotinen jatkaa. <\/p>\n<p>Suorat l\u00e4hetykset, niiss\u00e4 kuultava live-musiikki sek\u00e4 parketilla tapahtuvat onnistumisen hetket antavat Uotisellekin paljon. <\/p>\n<p>Kaikki ovat ohjelmassa aina tanssijoiden puolella, k\u00e4vi el\u00e4m\u00e4ss\u00e4 mit\u00e4 tahansa \u2013 my\u00f6s kameroiden ulkopuolella.<\/p>\n<p>\u201dOhjelmaan on mahtunut dramaattisia, t\u00e4ysin ennakoimattomia hetki\u00e4. Ne luovat t\u00e4h\u00e4n itsest\u00e4\u00e4n dramaturgiaa\u201d, Uotinen toteaa.\u00a0<\/p>\n<p> Tanssii t\u00e4htien kanssa, sunnuntai 31.8. klo 19.30, <a href=\"https:\/\/www.mtv.fi\/ohjelma\/5d872b916e7968c4206a\/tanssii-tahtien-kanssa\" target=\"_blank\" rel=\"noreferrer noopener nofollow\">MTV3<\/a><\/p>\n<p><a href=\"https:\/\/seura.fi\/viihde\/julkkikset\/jukka-haaplainen-ja-sirpa-suutari-jaasko-avautuvat-lapsettomuudesta\/?shared=2033814-a1a3570b-999\" target=\"_blank\" rel=\"noreferrer noopener nofollow\">Lue my\u00f6s: Anna-lehti: Jukka Haapalainen ja Sirpa Suutari-J\u00e4\u00e4sk\u00f6 eiv\u00e4t voineet saada lapsia \u2013 \u201dSain kuulla t\u00f6lv\u00e4isyj\u00e4 itsekk\u00e4\u00e4st\u00e4 el\u00e4m\u00e4ntavasta\u201d<\/a><\/p>\n","protected":false},"excerpt":{"rendered":"Alusta asti mukana ollut tuomari Jukka Haapalainen kertoo, ett\u00e4 t\u00e4htioppilaiden valmistautuneisuus on nyky\u00e4\u00e4n korkeampi kuin aiemmin. \u201dHe tiet\u00e4v\u00e4t,&hellip;\n","protected":false},"author":2,"featured_media":19528,"comment_status":"","ping_status":"","sticky":false,"template":"","format":"standard","meta":{"footnotes":""},"categories":[133],"tags":[137,33,31,30,4164,6929,32,903,206,156,109],"class_list":{"0":"post-19527","1":"post","2":"type-post","3":"status-publish","4":"format-standard","5":"has-post-thumbnail","7":"category-televisiot","8":"tag-entertainment","9":"tag-fi","10":"tag-finland","11":"tag-finnish","12":"tag-jorma-uotinen","13":"tag-jukka-haapalainen","14":"tag-suomi","15":"tag-tanssii-tahtien-kanssa","16":"tag-televisiot","17":"tag-tv","18":"tag-viihde"},"share_on_mastodon":{"url":"","error":""},"_links":{"self":[{"href":"https:\/\/www.europesays.com\/fi\/wp-json\/wp\/v2\/posts\/19527","targetHints":{"allow":["GET"]}}],"collection":[{"href":"https:\/\/www.europesays.com\/fi\/wp-json\/wp\/v2\/posts"}],"about":[{"href":"https:\/\/www.europesays.com\/fi\/wp-json\/wp\/v2\/types\/post"}],"author":[{"embeddable":true,"href":"https:\/\/www.europesays.com\/fi\/wp-json\/wp\/v2\/users\/2"}],"replies":[{"embeddable":true,"href":"https:\/\/www.europesays.com\/fi\/wp-json\/wp\/v2\/comments?post=19527"}],"version-history":[{"count":0,"href":"https:\/\/www.europesays.com\/fi\/wp-json\/wp\/v2\/posts\/19527\/revisions"}],"wp:featuredmedia":[{"embeddable":true,"href":"https:\/\/www.europesays.com\/fi\/wp-json\/wp\/v2\/media\/19528"}],"wp:attachment":[{"href":"https:\/\/www.europesays.com\/fi\/wp-json\/wp\/v2\/media?parent=19527"}],"wp:term":[{"taxonomy":"category","embeddable":true,"href":"https:\/\/www.europesays.com\/fi\/wp-json\/wp\/v2\/categories?post=19527"},{"taxonomy":"post_tag","embeddable":true,"href":"https:\/\/www.europesays.com\/fi\/wp-json\/wp\/v2\/tags?post=19527"}],"curies":[{"name":"wp","href":"https:\/\/api.w.org\/{rel}","templated":true}]}}