{"id":195307,"date":"2026-03-15T23:28:10","date_gmt":"2026-03-15T23:28:10","guid":{"rendered":"https:\/\/www.europesays.com\/fi\/195307\/"},"modified":"2026-03-15T23:28:10","modified_gmt":"2026-03-15T23:28:10","slug":"mies-monien-hittien-takana-iskelmasanoittaja-raul-reiman-luennoitiin-tutuksi-vikspirtissa-paikalliset","status":"publish","type":"post","link":"https:\/\/www.europesays.com\/fi\/195307\/","title":{"rendered":"Mies monien hittien takana: Iskelm\u00e4\u00adsanoittaja Raul Reiman luennoitiin tutuksi Vikspirtiss\u00e4 | Paikalliset"},"content":{"rendered":"<p>Kirjailija Juha-Matti Tammela esitteli sanoittaja Raul Reimanin el\u00e4m\u00e4\u00e4 ja sanoituksia lauantaina Forssassa.<\/p>\n<p>Vaikka <strong>Raul Reimanin<\/strong> nimi ei heti kuulostaisikaan tutulta, ovat kaikki varmasti joskus kuunnelleet h\u00e4nen sanoituksiaan. Reimanin kyn\u00e4st\u00e4 ovat per\u00e4isin sadat suomalaisille tutut iskelm\u00e4sanoitukset, kuten Avaa hakas, Sata kes\u00e4\u00e4, tuhat y\u00f6t\u00e4, sek\u00e4 k\u00e4\u00e4nn\u00f6skappale Olen suomalainen.<\/p>\n","protected":false},"excerpt":{"rendered":"Kirjailija Juha-Matti Tammela esitteli sanoittaja Raul Reimanin el\u00e4m\u00e4\u00e4 ja sanoituksia lauantaina Forssassa. Vaikka Raul Reimanin nimi ei heti&hellip;\n","protected":false},"author":2,"featured_media":195308,"comment_status":"","ping_status":"","sticky":false,"template":"","format":"standard","meta":{"footnotes":"","_share_on_mastodon":"0"},"categories":[136],"tags":[407,137,33,31,30,2909,3304,104,408,2001,47,32,484,109,30261],"class_list":["post-195307","post","type-post","status-publish","format-standard","has-post-thumbnail","category-julkkikset","tag-celebrities","tag-entertainment","tag-fi","tag-finland","tag-finnish","tag-forssa","tag-forssan-seutukunta","tag-helsinki","tag-julkkikset","tag-kirjailijat","tag-musiikki","tag-suomi","tag-taiteellinen-ilmaisu-ja-mediat","tag-viihde","tag-viksbergin-asukasyhdistys"],"share_on_mastodon":{"url":"https:\/\/pubeurope.com\/@fi\/116235790156115013","error":""},"_links":{"self":[{"href":"https:\/\/www.europesays.com\/fi\/wp-json\/wp\/v2\/posts\/195307","targetHints":{"allow":["GET"]}}],"collection":[{"href":"https:\/\/www.europesays.com\/fi\/wp-json\/wp\/v2\/posts"}],"about":[{"href":"https:\/\/www.europesays.com\/fi\/wp-json\/wp\/v2\/types\/post"}],"author":[{"embeddable":true,"href":"https:\/\/www.europesays.com\/fi\/wp-json\/wp\/v2\/users\/2"}],"replies":[{"embeddable":true,"href":"https:\/\/www.europesays.com\/fi\/wp-json\/wp\/v2\/comments?post=195307"}],"version-history":[{"count":0,"href":"https:\/\/www.europesays.com\/fi\/wp-json\/wp\/v2\/posts\/195307\/revisions"}],"wp:featuredmedia":[{"embeddable":true,"href":"https:\/\/www.europesays.com\/fi\/wp-json\/wp\/v2\/media\/195308"}],"wp:attachment":[{"href":"https:\/\/www.europesays.com\/fi\/wp-json\/wp\/v2\/media?parent=195307"}],"wp:term":[{"taxonomy":"category","embeddable":true,"href":"https:\/\/www.europesays.com\/fi\/wp-json\/wp\/v2\/categories?post=195307"},{"taxonomy":"post_tag","embeddable":true,"href":"https:\/\/www.europesays.com\/fi\/wp-json\/wp\/v2\/tags?post=195307"}],"curies":[{"name":"wp","href":"https:\/\/api.w.org\/{rel}","templated":true}]}}