{"id":19531,"date":"2025-08-29T08:17:13","date_gmt":"2025-08-29T08:17:13","guid":{"rendered":"https:\/\/www.europesays.com\/fi\/19531\/"},"modified":"2025-08-29T08:17:13","modified_gmt":"2025-08-29T08:17:13","slug":"korona-herailee-tarkista-heti-saatko-maksuttoman-rokotteen","status":"publish","type":"post","link":"https:\/\/www.europesays.com\/fi\/19531\/","title":{"rendered":"Korona her\u00e4ilee \u2013 Tarkista heti, saatko maksuttoman rokotteen"},"content":{"rendered":"<p>Korona-aalto voi pyyhki\u00e4 ylitsemme taas pian.<\/p>\n<p><img decoding=\"async\" class=\"image image-show image-preview\" src=\"https:\/\/www.europesays.com\/fi\/wp-content\/uploads\/2025\/08\/919c3c7f220426eb3dbc4b10be78f7a6f87ea32e50cf844464f9d0c5719f2a25.jpg\" alt=\"\"\/><img decoding=\"async\" class=\"image image-show\" src=\"https:\/\/www.europesays.com\/fi\/wp-content\/uploads\/2025\/08\/1756455433_721_919c3c7f220426eb3dbc4b10be78f7a6f87ea32e50cf844464f9d0c5719f2a25.jpg\" alt=\"\"\/><\/p>\n<p>Eeva Ruotsalaisen mukaan korona-aalto voi olla alkamassa. Mikko Hinkkanen<\/p>\n<p class=\"paragraph\">Koronaa on kiert\u00e4nyt v\u00e4est\u00f6ss\u00e4 koko kes\u00e4n ajan.<\/p>\n<p class=\"paragraph\">Elokuun lopussa Husissa koronapositiivisten osuus otetuista hengitystien\u00e4ytteist\u00e4 on ollut selv\u00e4ss\u00e4 nousussa.<\/p>\n<p class=\"paragraph\">Kun t\u00e4t\u00e4 nousua tarkastellaan aiempien vuosien tilastoihin peilaten, on hyvinkin mahdollista, ett\u00e4 syyskuun alussa oltaisiin korona-aallon alussa kouluihin ja lomaltapalaamisten siivitt\u00e4m\u00e4n\u00e4.<\/p>\n<p class=\"paragraph\">\u2013 My\u00f6s koronarokotuksista on jo vuosi aikaa, joten riskiryhmien suoja koronaa vastaan on hiipunut, kertaa Husin apulaisylil\u00e4\u00e4k\u00e4ri <strong>Eeva Ruotsalainen<\/strong>.<\/p>\n<p class=\"paragraph\">Ruotsalainen muistuttaa, ett\u00e4 syksyll\u00e4 2024 n\u00e4htiin kaksihuippuinen koronasyksy.<\/p>\n<p class=\"paragraph\">On mahdollista, ett\u00e4 samoin k\u00e4y t\u00e4n\u00e4kin syksyn\u00e4.<\/p>\n<p class=\"paragraph\">\u2013 Mutta kuten  aiemminkin, koronaepidemian ennustaminen on vaikeaa, h\u00e4n lis\u00e4\u00e4.<\/p>\n<p class=\"paragraph\">\u2013 T\u00e4ll\u00e4 viikolla on alkanut erikoissairaanhoidon puolelle tulla hieman entist\u00e4 enemm\u00e4n potilaita, joilla on korona. Viel\u00e4 ei voida puhua epidemiasta tai korona-aallosta, mutta se voi olla alkamassa, Ruotsalainen sanoo.<\/p>\n<p>El\u00e4m\u00e4\u00e4 koronan kanssa<\/p>\n<p class=\"paragraph\">Ruotsalaisen mukaan koronapositiivisten m\u00e4\u00e4r\u00e4 on alkanut viime viikkoina kasvaa my\u00f6s muualla Euroopassa. Muun muassa Tanskassa, Norjassa ja it\u00e4isess\u00e4 Euroopassa on k\u00e4ynyt n\u00e4in.<\/p>\n<p class=\"paragraph\">Koronan levi\u00e4misen ja sairastuminen ehk\u00e4isemisess\u00e4 on monia keinoja.<\/p>\n<p class=\"paragraph\">Ruotsalainen korostaa rokotusten ottamisen merkityst\u00e4. Kun lokakuussa ja osin jo syyskuun lopulla aloitetaan maksuttomien koronarokotusten antaminen, rokote kannattaa ottaa. Samalla kannattaa Ruotsalaisen mukaan ottaa influenssarokote.<\/p>\n<p class=\"paragraph\"><a href=\"https:\/\/thl.fi\/aiheet\/infektiotaudit-ja-rokotukset\/rokotteet-a-o\/koronarokotteet\" target=\"_blank\" rel=\"noopener nofollow\">Maksuttoman koronarokotteen tehosteannoksen saavat<\/a> yli 75-vuotiaat ja hoivakodeissa, koti- ja omaishoidon piiriss\u00e4 olevat i\u00e4kk\u00e4\u00e4t, yli 18-vuotiaat riskiryhmiin kuuluvat ja kaikenik\u00e4iset voimakkaasti immuunipuutteiset.<\/p>\n<p class=\"paragraph\">Influenssarokotteen kohderyhm\u00e4t ovat laajemmat.<\/p>\n<p class=\"paragraph\">Tarkempaa tietoa oman alueen rokotuksista saa internetist\u00e4 tai paikallislehdist\u00e4.<\/p>\n<p>Kuluva vuosi on ollut hengitystieinfektioiden suhteen poikkeuksellinen, sill\u00e4 talven ja kev\u00e4\u00e4n influenssa- ja RSV-kausi loppuivat vasta kes\u00e4kuussa.  Adobe Stock \/ AOP<\/p>\n<p>Keinot k\u00e4ytt\u00f6\u00f6n<\/p>\n<p class=\"paragraph\">Koronarokote ehk\u00e4isee jonkin verran koronatartuntaa, mutta ennen kaikkea se suojelee Ruotsalaisen mukaan vakavalta tautimuodolta sek\u00e4 v\u00e4hent\u00e4\u00e4 long covidin js syd\u00e4n- ja aivoinfarktin riski\u00e4.<\/p>\n<p class=\"paragraph\">Korona tarttuu sek\u00e4 k\u00e4sien kautta ett\u00e4 hengitysteitse eli hengitysilman kautta.<\/p>\n<p class=\"paragraph\">\u2013 Riskiryhm\u00e4l\u00e4isten on mahdollisuus k\u00e4ytt\u00e4\u00e4 epidemia-aikaan hengityssuojaimia tai kirurgisia maskeja, Ruotsalainen toteaa.<\/p>\n<p class=\"paragraph\">Ruotsalainen nostaa esiin viel\u00e4 kolme keinoa, jolla koronatartuntoja voi ehk\u00e4ist\u00e4.<\/p>\n<p class=\"paragraph\">K\u00e4sihygienia eli k\u00e4sien peseminen vedell\u00e4 ja saippualla sek\u00e4 k\u00e4sidesin k\u00e4ytt\u00e4minen kannattaa muistaa.<\/p>\n<p class=\"paragraph\">Kolmas keino koronatartuntojen ehk\u00e4isemiseksi on hyv\u00e4 ilmanvaihto.<\/p>\n<p class=\"paragraph\">\u2013 Sen vaikutuksesta tulee koko ajan lis\u00e4\u00e4 n\u00e4ytt\u00f6\u00e4, Ruotsalainen sanoo.<\/p>\n","protected":false},"excerpt":{"rendered":"Korona-aalto voi pyyhki\u00e4 ylitsemme taas pian. Eeva Ruotsalaisen mukaan korona-aalto voi olla alkamassa. Mikko Hinkkanen Koronaa on kiert\u00e4nyt&hellip;\n","protected":false},"author":2,"featured_media":19532,"comment_status":"","ping_status":"","sticky":false,"template":"","format":"standard","meta":{"footnotes":""},"categories":[165],"tags":[33,31,30,166,954,6930,766,32,767,167,4447,769],"class_list":{"0":"post-19531","1":"post","2":"type-post","3":"status-publish","4":"format-standard","5":"has-post-thumbnail","7":"category-terveys","8":"tag-fi","9":"tag-finland","10":"tag-finnish","11":"tag-health","12":"tag-hengitystieinfektiot","13":"tag-koronaviruksen-aiheuttama-sairaus","14":"tag-koronavirus","15":"tag-suomi","16":"tag-tartuntataudit","17":"tag-terveys","18":"tag-viikko","19":"tag-virussairaudet"},"share_on_mastodon":{"url":"","error":""},"_links":{"self":[{"href":"https:\/\/www.europesays.com\/fi\/wp-json\/wp\/v2\/posts\/19531","targetHints":{"allow":["GET"]}}],"collection":[{"href":"https:\/\/www.europesays.com\/fi\/wp-json\/wp\/v2\/posts"}],"about":[{"href":"https:\/\/www.europesays.com\/fi\/wp-json\/wp\/v2\/types\/post"}],"author":[{"embeddable":true,"href":"https:\/\/www.europesays.com\/fi\/wp-json\/wp\/v2\/users\/2"}],"replies":[{"embeddable":true,"href":"https:\/\/www.europesays.com\/fi\/wp-json\/wp\/v2\/comments?post=19531"}],"version-history":[{"count":0,"href":"https:\/\/www.europesays.com\/fi\/wp-json\/wp\/v2\/posts\/19531\/revisions"}],"wp:featuredmedia":[{"embeddable":true,"href":"https:\/\/www.europesays.com\/fi\/wp-json\/wp\/v2\/media\/19532"}],"wp:attachment":[{"href":"https:\/\/www.europesays.com\/fi\/wp-json\/wp\/v2\/media?parent=19531"}],"wp:term":[{"taxonomy":"category","embeddable":true,"href":"https:\/\/www.europesays.com\/fi\/wp-json\/wp\/v2\/categories?post=19531"},{"taxonomy":"post_tag","embeddable":true,"href":"https:\/\/www.europesays.com\/fi\/wp-json\/wp\/v2\/tags?post=19531"}],"curies":[{"name":"wp","href":"https:\/\/api.w.org\/{rel}","templated":true}]}}