{"id":19535,"date":"2025-08-29T08:21:07","date_gmt":"2025-08-29T08:21:07","guid":{"rendered":"https:\/\/www.europesays.com\/fi\/19535\/"},"modified":"2025-08-29T08:21:07","modified_gmt":"2025-08-29T08:21:07","slug":"kirja-arvio-children-of-bodomin-menestystarina-alkoi-juoppoputkasta-tuoreet-haastattelut-valottavat-yhtyeen-matkaa-kattavassa-teoksessa-keski-suomi","status":"publish","type":"post","link":"https:\/\/www.europesays.com\/fi\/19535\/","title":{"rendered":"Kirja-arvio | Children of Bodomin menestystarina alkoi juoppoputkasta \u2013\u2009tuoreet haastattelut valottavat yhtyeen matkaa kattavassa teoksessa | Keski-Suomi"},"content":{"rendered":"<p class=\"diks-storyline__lead-paragraph\">Timo Isoaho<\/p>\n<p class=\"diks-storyline__lead-paragraph\">Children of Bodom<\/p>\n<p class=\"diks-storyline__lead-paragraph\">Like 2025, 544 s.<\/p>\n<p>Children of Bodomin taival alkoi espoolaisesta musiikkiluokalta 1990-luvun alussa, kun <strong>Jaska Raatikainen <\/strong>ja <strong>Alexi Laiho <\/strong>osuivat samaan huoneeseen. Nuorukaiset p\u00e4\u00e4tyiv\u00e4t perustamaan Inearthed-yhtyeen, jolle Espoon kaupunki tarjosi treenitilan vanhasta juoppoputkasta.<\/p>\n","protected":false},"excerpt":{"rendered":"Timo Isoaho Children of Bodom Like 2025, 544 s. Children of Bodomin taival alkoi espoolaisesta musiikkiluokalta 1990-luvun alussa,&hellip;\n","protected":false},"author":2,"featured_media":19536,"comment_status":"","ping_status":"","sticky":false,"template":"","format":"standard","meta":{"footnotes":""},"categories":[130],"tags":[138,137,400,2409,33,31,30,2337,2001,108,47,32,109],"class_list":{"0":"post-19535","1":"post","2":"type-post","3":"status-publish","4":"format-standard","5":"has-post-thumbnail","7":"category-viihde","8":"tag-audio","9":"tag-entertainment","10":"tag-espoo","11":"tag-espoon-kaupunki","12":"tag-fi","13":"tag-finland","14":"tag-finnish","15":"tag-kirja-arvio","16":"tag-kirjailijat","17":"tag-kulttuuri","18":"tag-musiikki","19":"tag-suomi","20":"tag-viihde"},"share_on_mastodon":{"url":"","error":""},"_links":{"self":[{"href":"https:\/\/www.europesays.com\/fi\/wp-json\/wp\/v2\/posts\/19535","targetHints":{"allow":["GET"]}}],"collection":[{"href":"https:\/\/www.europesays.com\/fi\/wp-json\/wp\/v2\/posts"}],"about":[{"href":"https:\/\/www.europesays.com\/fi\/wp-json\/wp\/v2\/types\/post"}],"author":[{"embeddable":true,"href":"https:\/\/www.europesays.com\/fi\/wp-json\/wp\/v2\/users\/2"}],"replies":[{"embeddable":true,"href":"https:\/\/www.europesays.com\/fi\/wp-json\/wp\/v2\/comments?post=19535"}],"version-history":[{"count":0,"href":"https:\/\/www.europesays.com\/fi\/wp-json\/wp\/v2\/posts\/19535\/revisions"}],"wp:featuredmedia":[{"embeddable":true,"href":"https:\/\/www.europesays.com\/fi\/wp-json\/wp\/v2\/media\/19536"}],"wp:attachment":[{"href":"https:\/\/www.europesays.com\/fi\/wp-json\/wp\/v2\/media?parent=19535"}],"wp:term":[{"taxonomy":"category","embeddable":true,"href":"https:\/\/www.europesays.com\/fi\/wp-json\/wp\/v2\/categories?post=19535"},{"taxonomy":"post_tag","embeddable":true,"href":"https:\/\/www.europesays.com\/fi\/wp-json\/wp\/v2\/tags?post=19535"}],"curies":[{"name":"wp","href":"https:\/\/api.w.org\/{rel}","templated":true}]}}