{"id":195413,"date":"2026-03-16T02:44:13","date_gmt":"2026-03-16T02:44:13","guid":{"rendered":"https:\/\/www.europesays.com\/fi\/195413\/"},"modified":"2026-03-16T02:44:13","modified_gmt":"2026-03-16T02:44:13","slug":"viikon-lukuvinkit-linnanpellon-tuhoisa-tulipalo-uuden-kaupan-avajaiset-seka-koysiradan-loppu-lue-ainakin-nama-savo","status":"publish","type":"post","link":"https:\/\/www.europesays.com\/fi\/195413\/","title":{"rendered":"Viikon lukuvinkit | Linnanpellon tuhoisa tulipalo, uuden kaupan avajaiset sek\u00e4 k\u00f6ysiradan loppu \u2013 Lue ainakin n\u00e4m\u00e4 | Savo"},"content":{"rendered":"<p>Savon Sanomat julkaisee joka sunnuntai koosteen viikon kiinnostavimmista artikkeleista.<\/p>\n<p>Lue ainakin n\u00e4m\u00e4 jutut viikolta.<\/p>\n<p>\t\t\t\tKun taivaalta satoi kuolemaa<\/p>\n<p>Sosiaaliministeri\u00f6n tilastojen mukaan talvisodan pommituksissa Kuopiossa tuhoutui tai vahingoittui kaikkiaan 116 rakennusta. Pommituksissa kuoli laskentatavasta riippuen kaikkiaan 41 tai 43 henke\u00e4.\u00a0Lue kattava lukupakettimme Kuopion pommituksista.<\/p>\n<p>\t\t\t\t\t<img class=\"diks-card__image\" src=\"https:\/\/www.europesays.com\/fi\/wp-content\/uploads\/2026\/03\/5725105.jpg\"   loading=\"lazy\" decoding=\"sync\" alt=\"\"\/><\/p>\n<p>\t\t\t\t\u00c4mp\u00e4reit\u00e4 ja kakkukahvit<\/p>\n<p>Uuden kaupan avajaiset kiinnostivat torstaina Saarij\u00e4rvell\u00e4.<\/p>\n<p>\t\t\t\t\t<img class=\"diks-card__image\" src=\"https:\/\/www.europesays.com\/fi\/wp-content\/uploads\/2026\/03\/avajaiset (13)_Savon Sanomat_20260313.jpg\"   loading=\"lazy\" decoding=\"sync\" alt=\"\"\/><\/p>\n<p>\t\t\t\t Kuopion k\u00f6ysiradan taru on ohitse<\/p>\n<p>Kuopion kaupungin kunnossapito p\u00e4\u00e4tti, ett\u00e4 oikoreitiksi rakennettu k\u00f6ysirata on liian vaarallinen.<\/p>\n<p>\t\t\t\t\t<img class=\"diks-card__image\" src=\"https:\/\/www.europesays.com\/fi\/wp-content\/uploads\/2026\/03\/11339515_.jpg\"   loading=\"lazy\" decoding=\"sync\" alt=\"\"\/><\/p>\n<p>\t\t\t\tTunnettu n\u00e4yttelij\u00e4-ohjaaja liikuttui l\u00e4himm\u00e4isenrakkaudesta<\/p>\n<p>Viihde- ja tapahtuma-alan monitoimimies Ismo<strong> Apellin<\/strong> perjantai 13. uhkasi todella olla ep\u00e4onninen, mutta kuopiolaisten avuliaisuus k\u00e4\u00e4nsi harmituksen onneksi.<\/p>\n<p>\t\t\t\t\t<img class=\"diks-card__image\" src=\"https:\/\/www.europesays.com\/fi\/wp-content\/uploads\/2026\/03\/1773539529_776_9426484.jpg\"   loading=\"lazy\" decoding=\"sync\" alt=\"\"\/><\/p>\n<p>\t\t\t\tLinnanpellon tulipalo veti mielet matalaksi<\/p>\n<p>Poliisi tutkii Kuopion Linnanpellolla tapahtunutta yhden henkil\u00f6n kuolemaa tappona ja t\u00f6rke\u00e4n\u00e4 tuhoty\u00f6n\u00e4.<\/p>\n<p>\t\t\t\t\t<img class=\"diks-card__image\" src=\"https:\/\/www.europesays.com\/fi\/wp-content\/uploads\/2026\/03\/11336274.jpg\"   loading=\"lazy\" decoding=\"sync\" alt=\"\"\/><\/p>\n","protected":false},"excerpt":{"rendered":"Savon Sanomat julkaisee joka sunnuntai koosteen viikon kiinnostavimmista artikkeleista. Lue ainakin n\u00e4m\u00e4 jutut viikolta. Kun taivaalta satoi kuolemaa&hellip;\n","protected":false},"author":2,"featured_media":195414,"comment_status":"","ping_status":"","sticky":false,"template":"","format":"standard","meta":{"footnotes":"","_share_on_mastodon":"0"},"categories":[12],"tags":[22,23,26,27,33,31,30,17,1132,4162,24,25,28,29,15,18,21,402,11258,32,19,20,16,15231,30184],"class_list":["post-195413","post","type-post","status-publish","format-standard","has-post-thumbnail","category-suomi","tag-breaking-news","tag-breakingnews","tag-featured-news","tag-featurednews","tag-fi","tag-finland","tag-finnish","tag-headlines","tag-kuopio","tag-kuopion-kaupunki","tag-latest-news","tag-latestnews","tag-main-news","tag-mainnews","tag-news","tag-otsikot","tag-paauutiset","tag-rakentaminen-kiinteistot","tag-riitely","tag-suomi","tag-top-stories","tag-topstories","tag-uutiset","tag-vierema","tag-viereman-kunta"],"share_on_mastodon":{"url":"https:\/\/pubeurope.com\/@fi\/116236560931749913","error":""},"_links":{"self":[{"href":"https:\/\/www.europesays.com\/fi\/wp-json\/wp\/v2\/posts\/195413","targetHints":{"allow":["GET"]}}],"collection":[{"href":"https:\/\/www.europesays.com\/fi\/wp-json\/wp\/v2\/posts"}],"about":[{"href":"https:\/\/www.europesays.com\/fi\/wp-json\/wp\/v2\/types\/post"}],"author":[{"embeddable":true,"href":"https:\/\/www.europesays.com\/fi\/wp-json\/wp\/v2\/users\/2"}],"replies":[{"embeddable":true,"href":"https:\/\/www.europesays.com\/fi\/wp-json\/wp\/v2\/comments?post=195413"}],"version-history":[{"count":0,"href":"https:\/\/www.europesays.com\/fi\/wp-json\/wp\/v2\/posts\/195413\/revisions"}],"wp:featuredmedia":[{"embeddable":true,"href":"https:\/\/www.europesays.com\/fi\/wp-json\/wp\/v2\/media\/195414"}],"wp:attachment":[{"href":"https:\/\/www.europesays.com\/fi\/wp-json\/wp\/v2\/media?parent=195413"}],"wp:term":[{"taxonomy":"category","embeddable":true,"href":"https:\/\/www.europesays.com\/fi\/wp-json\/wp\/v2\/categories?post=195413"},{"taxonomy":"post_tag","embeddable":true,"href":"https:\/\/www.europesays.com\/fi\/wp-json\/wp\/v2\/tags?post=195413"}],"curies":[{"name":"wp","href":"https:\/\/api.w.org\/{rel}","templated":true}]}}