{"id":195553,"date":"2026-03-16T06:39:17","date_gmt":"2026-03-16T06:39:17","guid":{"rendered":"https:\/\/www.europesays.com\/fi\/195553\/"},"modified":"2026-03-16T06:39:17","modified_gmt":"2026-03-16T06:39:17","slug":"katso-oscar-gaalan-pukuloistoa-kenen-asu-savaytti-eniten-savo","status":"publish","type":"post","link":"https:\/\/www.europesays.com\/fi\/195553\/","title":{"rendered":"Katso Oscar-gaalan pukuloistoa \u2013 kenen asu s\u00e4v\u00e4ytti eniten? | Savo"},"content":{"rendered":"<p>Elokuva-alan arvostetuimmat palkinnot eli Oscarit jaettiin Yhdysvaltain Hollywoodissa sunnuntain ja maanantain v\u00e4lisen\u00e4 y\u00f6n\u00e4 Suomen aikaa. Palkittujen elokuvien lis\u00e4ksi puheenaiheeksi nousevat vuosi toisensa j\u00e4lkeen Oscar-gaalaan osallistuvien n\u00e4ytt\u00e4v\u00e4t puvut.<\/p>\n<p>T\u00e4n\u00e4 vuonna muodissa n\u00e4yttiv\u00e4t olevan halkiot ja laahukset, sill\u00e4 niit\u00e4 n\u00e4htiin monien yll\u00e4 punaisella matolla.<\/p>\n<p>\t\t<a class=\"diks-gallery__link\" href=\"https:\/\/i.media.fi\/incoming\/n00u2p\/11346035.jpg\/alternates\/FREE_1440\/11346035.jpg\" data-thumbnail=\"\" data-sub-html=\"Irlantilainen n\u00e4yttelij\u00e4 Jessie Buckley sai parhaan naisp\u00e4\u00e4osan Oscarin roolistaan elokuvassa Hamnet. Buckleyn yll\u00e4 oli puku, jossa kirkkaanpunaisen yl\u00e4osan ja vaaleanpunaisen hameosan kontrasti loi mielenkiintoisen vaikutelman. PATRICK T. FALLON \/ AFP\" aria-label=\"Katso isompi kuva\" rel=\"nofollow noopener\" target=\"_blank\"><br \/>\n\t\t\t\t<img class=\"diks-figure__image\" src=\"https:\/\/www.europesays.com\/fi\/wp-content\/uploads\/2026\/03\/11346035.jpg\" loading=\"lazy\" decoding=\"sync\" alt=\"\"\/><\/p>\n<p>\t\t\t<\/a><br \/>\n\t\t\t\t\tIrlantilainen n\u00e4yttelij\u00e4 Jessie Buckley sai parhaan naisp\u00e4\u00e4osan Oscarin roolistaan elokuvassa Hamnet. Buckleyn yll\u00e4 oli puku, jossa kirkkaanpunaisen yl\u00e4osan ja vaaleanpunaisen hameosan kontrasti loi mielenkiintoisen vaikutelman. PATRICK T. FALLON \/ AFP<\/p>\n<p>\t\t<a class=\"diks-gallery__link\" href=\"https:\/\/i.media.fi\/incoming\/y9o4um\/11345809.jpg\/alternates\/FREE_1440\/11345809.jpg\" data-thumbnail=\"\" data-sub-html=\"ANGELA WEISS \/ AFP\" aria-label=\"Katso isompi kuva\" rel=\"nofollow noopener\" target=\"_blank\"><br \/>\n\t\t\t\t<img class=\"diks-figure__image\" src=\"https:\/\/www.europesays.com\/fi\/wp-content\/uploads\/2026\/03\/11345809.jpg\" loading=\"lazy\" decoding=\"sync\" alt=\"\"\/><\/p>\n<p>\t\t\t<\/a><br \/>\n\t\t\t\t\tANGELA WEISS \/ AFP<\/p>\n<p>\t\t<a class=\"diks-gallery__link\" href=\"https:\/\/i.media.fi\/incoming\/95n3s6\/11346033.jpg\/alternates\/FREE_1440\/11346033.jpg\" data-thumbnail=\"\" data-sub-html=\"Yhdysvaltalainen n\u00e4yttelij\u00e4-laulaja Zendaya ja n\u00e4yttelij\u00e4 Robert Pattinson. Zendaya edusti ruskeassa mekossa, jossa oli ep\u00e4symmetrinen p\u00e4\u00e4ntie. PATRICK T. FALLON \/ AFP\" aria-label=\"Katso isompi kuva\" rel=\"nofollow noopener\" target=\"_blank\"><br \/>\n\t\t\t\t<img class=\"diks-figure__image\" src=\"https:\/\/www.europesays.com\/fi\/wp-content\/uploads\/2026\/03\/11346033.jpg\" loading=\"lazy\" decoding=\"sync\" alt=\"\"\/><\/p>\n<p>\t\t\t<\/a><br \/>\n\t\t\t\t\tYhdysvaltalainen n\u00e4yttelij\u00e4-laulaja Zendaya ja n\u00e4yttelij\u00e4 Robert Pattinson. Zendaya edusti ruskeassa mekossa, jossa oli ep\u00e4symmetrinen p\u00e4\u00e4ntie. PATRICK T. FALLON \/ AFP<\/p>\n<p>\t\t<a class=\"diks-gallery__link\" href=\"https:\/\/i.media.fi\/incoming\/akktjj\/11346032.jpg\/alternates\/FREE_1440\/11346032.jpg\" data-thumbnail=\"\" data-sub-html=\"Paul Thomas Anderson ja Sara Murphy saivat parhaan elokuvan palkinnon One Battle After Another -elokuvasta. Lavalla oli mukana my\u00f6s elokuvan tekemiseen osallistuneita n\u00e4yttelij\u00f6it\u00e4 ja muuta henkil\u00f6st\u00f6\u00e4. PATRICK T. FALLON \/ AFP\" aria-label=\"Katso isompi kuva\" rel=\"nofollow noopener\" target=\"_blank\"><br \/>\n\t\t\t\t<img class=\"diks-figure__image\" src=\"https:\/\/www.europesays.com\/fi\/wp-content\/uploads\/2026\/03\/11346032.jpg\" loading=\"lazy\" decoding=\"sync\" alt=\"\"\/><\/p>\n<p>\t\t\t<\/a><br \/>\n\t\t\t\t\tPaul Thomas Anderson ja Sara Murphy saivat parhaan elokuvan palkinnon One Battle After Another -elokuvasta. Lavalla oli mukana my\u00f6s elokuvan tekemiseen osallistuneita n\u00e4yttelij\u00f6it\u00e4 ja muuta henkil\u00f6st\u00f6\u00e4. PATRICK T. FALLON \/ AFP<\/p>\n<p>\t\t<a class=\"diks-gallery__link\" href=\"https:\/\/i.media.fi\/incoming\/r7wwaq\/11345985.jpg\/alternates\/FREE_1440\/11345985.jpg\" data-thumbnail=\"\" data-sub-html=\"Kiinalais-yhdysvaltalainen n\u00e4yttelij\u00e4t\u00e4r Li Jun Li s\u00e4v\u00e4ytti punaisessa laahusmekossaan. VALERIE MACON \/ AFP\" aria-label=\"Katso isompi kuva\" rel=\"nofollow noopener\" target=\"_blank\"><br \/>\n\t\t\t\t<img class=\"diks-figure__image\" src=\"https:\/\/www.europesays.com\/fi\/wp-content\/uploads\/2026\/03\/11345985.jpg\" loading=\"lazy\" decoding=\"sync\" alt=\"\"\/><\/p>\n<p>\t\t\t<\/a><br \/>\n\t\t\t\t\tKiinalais-yhdysvaltalainen n\u00e4yttelij\u00e4t\u00e4r Li Jun Li s\u00e4v\u00e4ytti punaisessa laahusmekossaan. VALERIE MACON \/ AFP<\/p>\n<p>\t\t<a class=\"diks-gallery__link\" href=\"https:\/\/i.media.fi\/incoming\/7m1brb\/11345987.jpg\/alternates\/FREE_1440\/11345987.jpg\" data-thumbnail=\"\" data-sub-html=\"Melissa McCarthy (vasemmalla), Rose Byrne, Kristen Wiig, Maya Rudolph ja Ellie Kemper. KEVIN WINTER \/ AFP\" aria-label=\"Katso isompi kuva\" rel=\"nofollow noopener\" target=\"_blank\"><br \/>\n\t\t\t\t<img class=\"diks-figure__image\" src=\"https:\/\/www.europesays.com\/fi\/wp-content\/uploads\/2026\/03\/11345987.jpg\" loading=\"lazy\" decoding=\"sync\" alt=\"\"\/><\/p>\n<p>\t\t\t<\/a><br \/>\n\t\t\t\t\tMelissa McCarthy (vasemmalla), Rose Byrne, Kristen Wiig, Maya Rudolph ja Ellie Kemper. KEVIN WINTER \/ AFP<\/p>\n<p>\t\t<a class=\"diks-gallery__link\" href=\"https:\/\/i.media.fi\/incoming\/iyees\/11345982.jpg\/alternates\/FREE_1440\/11345982.jpg\" data-thumbnail=\"\" data-sub-html=\"Yhdysvaltain elokuva-akatemian toimitusjohtaja Lynette Howell Taylor piti puheen vaaleanpunaisessa asussa. KEVIN WINTER \/ AFP\" aria-label=\"Katso isompi kuva\" rel=\"nofollow noopener\" target=\"_blank\"><br \/>\n\t\t\t\t<img class=\"diks-figure__image\" src=\"https:\/\/www.europesays.com\/fi\/wp-content\/uploads\/2026\/03\/11345982.jpg\" loading=\"lazy\" decoding=\"sync\" alt=\"\"\/><\/p>\n<p>\t\t\t<\/a><br \/>\n\t\t\t\t\tYhdysvaltain elokuva-akatemian toimitusjohtaja Lynette Howell Taylor piti puheen vaaleanpunaisessa asussa. KEVIN WINTER \/ AFP<\/p>\n<p>\t\t<a class=\"diks-gallery__link\" href=\"https:\/\/i.media.fi\/incoming\/yxjqya\/11345988.jpg\/alternates\/FREE_1440\/11345988.jpg\" data-thumbnail=\"\" data-sub-html=\"Ruotsalainen s\u00e4velt\u00e4j\u00e4 Ludwig G\u00f6ransson sai parhaan musiikin Oscarin Sinners-elokuvasta. G\u00f6ranssonin yll\u00e4 n\u00e4htiin ruskeas\u00e4vyinen puku. PATRICK T. FALLON \/ AFP\" aria-label=\"Katso isompi kuva\" rel=\"nofollow noopener\" target=\"_blank\"><br \/>\n\t\t\t\t<img class=\"diks-figure__image\" src=\"https:\/\/www.europesays.com\/fi\/wp-content\/uploads\/2026\/03\/11345988.jpg\" loading=\"lazy\" decoding=\"sync\" alt=\"\"\/><\/p>\n<p>\t\t\t<\/a><br \/>\n\t\t\t\t\tRuotsalainen s\u00e4velt\u00e4j\u00e4 Ludwig G\u00f6ransson sai parhaan musiikin Oscarin Sinners-elokuvasta. G\u00f6ranssonin yll\u00e4 n\u00e4htiin ruskeas\u00e4vyinen puku. PATRICK T. FALLON \/ AFP<\/p>\n<p>\t\t<a class=\"diks-gallery__link\" href=\"https:\/\/i.media.fi\/incoming\/qduupr\/11345976.jpg\/alternates\/FREE_1440\/11345976.jpg\" data-thumbnail=\"\" data-sub-html=\"Menestyksek\u00e4s ohjaaja Steven Spielberg saapui Oscar-juhliin lapsenlapsensa Eve Gaviganin seurassa. Gaviganin vaaleansinisess\u00e4 mekossa oli hillitty laahus. ANGELA WEISS \/ AFP\" aria-label=\"Katso isompi kuva\" rel=\"nofollow noopener\" target=\"_blank\"><br \/>\n\t\t\t\t<img class=\"diks-figure__image\" src=\"https:\/\/www.europesays.com\/fi\/wp-content\/uploads\/2026\/03\/11345976.jpg\" loading=\"lazy\" decoding=\"sync\" alt=\"\"\/><\/p>\n<p>\t\t\t<\/a><br \/>\n\t\t\t\t\tMenestyksek\u00e4s ohjaaja Steven Spielberg saapui Oscar-juhliin lapsenlapsensa Eve Gaviganin seurassa. Gaviganin vaaleansinisess\u00e4 mekossa oli hillitty laahus. ANGELA WEISS \/ AFP<\/p>\n<p>\t\t<a class=\"diks-gallery__link\" href=\"https:\/\/i.media.fi\/incoming\/q3obj9\/11345974.jpg\/alternates\/FREE_1440\/11345974.jpg\" data-thumbnail=\"\" data-sub-html=\"Alzbeta Karaskova, yhydysvaltalainen dokumenttikuvaaja David Borenstein, Helle Faber ja Pavel Talankin (edess\u00e4) poseerasivat parhaan dokumenttielokuvan Oscar-palkinnon kanssa. He saivat sen elokuvasta Mr. Nobody Against Putin. VALERIE MACON \/ AFP\" aria-label=\"Katso isompi kuva\" rel=\"nofollow noopener\" target=\"_blank\"><br \/>\n\t\t\t\t<img class=\"diks-figure__image\" src=\"https:\/\/www.europesays.com\/fi\/wp-content\/uploads\/2026\/03\/11345974.jpg\" loading=\"lazy\" decoding=\"sync\" alt=\"\"\/><\/p>\n<p>\t\t\t<\/a><br \/>\n\t\t\t\t\tAlzbeta Karaskova, yhydysvaltalainen dokumenttikuvaaja David Borenstein, Helle Faber ja Pavel Talankin (edess\u00e4) poseerasivat parhaan dokumenttielokuvan Oscar-palkinnon kanssa. He saivat sen elokuvasta Mr. Nobody Against Putin. VALERIE MACON \/ AFP<\/p>\n<p>\t\t<a class=\"diks-gallery__link\" href=\"https:\/\/i.media.fi\/incoming\/2ikg7r\/11345973.jpg\/alternates\/FREE_1440\/11345973.jpg\" data-thumbnail=\"\" data-sub-html=\"Etel\u00e4korealainen laulaja-n\u00e4yttelij\u00e4 Rei Ami, etel\u00e4korealainen laulaja Ejae ja yhdysvaltalainen laulaja Audrey Nuna esiintyiv\u00e4t Oscar-gaalassa. PATRICK T. FALLON \/ AFP\" aria-label=\"Katso isompi kuva\" rel=\"nofollow noopener\" target=\"_blank\"><br \/>\n\t\t\t\t<img class=\"diks-figure__image\" src=\"https:\/\/www.europesays.com\/fi\/wp-content\/uploads\/2026\/03\/11345973.jpg\" loading=\"lazy\" decoding=\"sync\" alt=\"\"\/><\/p>\n<p>\t\t\t<\/a><br \/>\n\t\t\t\t\tEtel\u00e4korealainen laulaja-n\u00e4yttelij\u00e4 Rei Ami, etel\u00e4korealainen laulaja Ejae ja yhdysvaltalainen laulaja Audrey Nuna esiintyiv\u00e4t Oscar-gaalassa. PATRICK T. FALLON \/ AFP<\/p>\n<p>\t\t<a class=\"diks-gallery__link\" href=\"https:\/\/i.media.fi\/incoming\/73xjt7\/11345970.jpg\/alternates\/FREE_1440\/11345970.jpg\" data-thumbnail=\"\" data-sub-html=\"Rei Ami, Ejae ja Audrey Nuna. KEVIN WINTER \/ AFP\" aria-label=\"Katso isompi kuva\" rel=\"nofollow noopener\" target=\"_blank\"><br \/>\n\t\t\t\t<img class=\"diks-figure__image\" src=\"https:\/\/www.europesays.com\/fi\/wp-content\/uploads\/2026\/03\/11345970.jpg\" loading=\"lazy\" decoding=\"sync\" alt=\"\"\/><\/p>\n<p>\t\t\t<\/a><br \/>\n\t\t\t\t\tRei Ami, Ejae ja Audrey Nuna. KEVIN WINTER \/ AFP<\/p>\n<p>\t\t<a class=\"diks-gallery__link\" href=\"https:\/\/i.media.fi\/incoming\/ks08gi\/11345971.jpg\/alternates\/FREE_1440\/11345971.jpg\" data-thumbnail=\"\" data-sub-html=\"N\u00e4yttelij\u00e4 Demi Mooren tummaa eleganssia. PATRICK T. FALLON &amp;\/ AFP\" aria-label=\"Katso isompi kuva\" rel=\"nofollow noopener\" target=\"_blank\"><br \/>\n\t\t\t\t<img class=\"diks-figure__image\" src=\"https:\/\/www.europesays.com\/fi\/wp-content\/uploads\/2026\/03\/11345971.jpg\" loading=\"lazy\" decoding=\"sync\" alt=\"\"\/><\/p>\n<p>\t\t\t<\/a><br \/>\n\t\t\t\t\tN\u00e4yttelij\u00e4 Demi Mooren tummaa eleganssia. PATRICK T. FALLON &amp;\/ AFP<\/p>\n<p>\t\t<a class=\"diks-gallery__link\" href=\"https:\/\/i.media.fi\/incoming\/xp6bal\/11345966.jpg\/alternates\/FREE_1440\/11345966.jpg\" data-thumbnail=\"\" data-sub-html=\"Priyanka Chopra Jonas ja Javier Bardem astelivat lavalle tyylikk\u00e4\u00e4sti valkoisessa ja ruskeassa. Bardemin puvun rintamuksessa oli sodanvastainen teksti. KEVIN WINTER \/ AFP\" aria-label=\"Katso isompi kuva\" rel=\"nofollow noopener\" target=\"_blank\"><br \/>\n\t\t\t\t<img class=\"diks-figure__image\" src=\"https:\/\/www.europesays.com\/fi\/wp-content\/uploads\/2026\/03\/11345966.jpg\" loading=\"lazy\" decoding=\"sync\" alt=\"\"\/><\/p>\n<p>\t\t\t<\/a><br \/>\n\t\t\t\t\tPriyanka Chopra Jonas ja Javier Bardem astelivat lavalle tyylikk\u00e4\u00e4sti valkoisessa ja ruskeassa. Bardemin puvun rintamuksessa oli sodanvastainen teksti. KEVIN WINTER \/ AFP<\/p>\n<p>\t\t<a class=\"diks-gallery__link\" href=\"https:\/\/i.media.fi\/incoming\/u0820q\/11345963.jpg\/alternates\/FREE_1440\/11345963.jpg\" data-thumbnail=\"\" data-sub-html=\"N\u00e4yttelij\u00e4 ja ohjaaja Ed Harris valitsi valkoisen puvun. VALERIE MACON \/ AFP\" aria-label=\"Katso isompi kuva\" rel=\"nofollow noopener\" target=\"_blank\"><br \/>\n\t\t\t\t<img class=\"diks-figure__image\" src=\"https:\/\/www.europesays.com\/fi\/wp-content\/uploads\/2026\/03\/11345963.jpg\" loading=\"lazy\" decoding=\"sync\" alt=\"\"\/><\/p>\n<p>\t\t\t<\/a><br \/>\n\t\t\t\t\tN\u00e4yttelij\u00e4 ja ohjaaja Ed Harris valitsi valkoisen puvun. VALERIE MACON \/ AFP<\/p>\n<p>\t\t<a class=\"diks-gallery__link\" href=\"https:\/\/i.media.fi\/incoming\/hwzfxi\/11345961.jpg\/alternates\/FREE_1440\/11345961.jpg\" data-thumbnail=\"\" data-sub-html=\"Laulaja Ejae sai parhaan laulun Oscarin KPop Demon Hunters -elokuvassa kuullusta Golden-kappaleesta. Ejaen asussa oli kultaisia koristeita valkoisella taustalla. Laulaja oli silminn\u00e4hden liikuttunut palkinnosta. PATRICK T. FALLON \/ AFP\" aria-label=\"Katso isompi kuva\" rel=\"nofollow noopener\" target=\"_blank\"><br \/>\n\t\t\t\t<img class=\"diks-figure__image\" src=\"https:\/\/www.europesays.com\/fi\/wp-content\/uploads\/2026\/03\/11345961.jpg\" loading=\"lazy\" decoding=\"sync\" alt=\"\"\/><\/p>\n<p>\t\t\t<\/a><br \/>\n\t\t\t\t\tLaulaja Ejae sai parhaan laulun Oscarin KPop Demon Hunters -elokuvassa kuullusta Golden-kappaleesta. Ejaen asussa oli kultaisia koristeita valkoisella taustalla. Laulaja oli silminn\u00e4hden liikuttunut palkinnosta. PATRICK T. FALLON \/ AFP<\/p>\n<p>\t\t<a class=\"diks-gallery__link\" href=\"https:\/\/i.media.fi\/incoming\/ux3339\/11345955.jpg\/alternates\/FREE_1440\/11345955.jpg\" data-thumbnail=\"\" data-sub-html=\"Musta on aina varma valinta. Kathy Bates (vasemmalla), Annette Bening, John Cusack ja Daphne Zuniga. KEVIN WINTER \/ AFP\" aria-label=\"Katso isompi kuva\" rel=\"nofollow noopener\" target=\"_blank\"><br \/>\n\t\t\t\t<img class=\"diks-figure__image\" src=\"https:\/\/www.europesays.com\/fi\/wp-content\/uploads\/2026\/03\/11345955.jpg\" loading=\"lazy\" decoding=\"sync\" alt=\"\"\/><\/p>\n<p>\t\t\t<\/a><br \/>\n\t\t\t\t\tMusta on aina varma valinta. Kathy Bates (vasemmalla), Annette Bening, John Cusack ja Daphne Zuniga. KEVIN WINTER \/ AFP<\/p>\n<p>\t\t<a class=\"diks-gallery__link\" href=\"https:\/\/i.media.fi\/incoming\/qvdntc\/11345953.jpg\/alternates\/FREE_1440\/11345953.jpg\" data-thumbnail=\"\" data-sub-html=\"Nicole Kidman, Emma Stone, Dave Macary,Demi Moore, Jason Weinberg, Kate Hudson ja Danny Fujikawa ottivat yhteiskuvan. RICHARD HARBAUGH \/ AFP\" aria-label=\"Katso isompi kuva\" rel=\"nofollow noopener\" target=\"_blank\"><br \/>\n\t\t\t\t<img class=\"diks-figure__image\" src=\"https:\/\/www.europesays.com\/fi\/wp-content\/uploads\/2026\/03\/11345953.jpg\" loading=\"lazy\" decoding=\"sync\" alt=\"\"\/><\/p>\n<p>\t\t\t<\/a><br \/>\n\t\t\t\t\tNicole Kidman, Emma Stone, Dave Macary,Demi Moore, Jason Weinberg, Kate Hudson ja Danny Fujikawa ottivat yhteiskuvan. RICHARD HARBAUGH \/ AFP<\/p>\n<p>\t\t<a class=\"diks-gallery__link\" href=\"https:\/\/i.media.fi\/incoming\/cvqi6s\/11345923.jpg\/alternates\/FREE_1440\/11345923.jpg\" data-thumbnail=\"\" data-sub-html=\"My\u00f6s yhdysvaltalaisn\u00e4yttelij\u00e4tt\u00e4ren Teyana Taylorin asussa oli laahus. ANGELA WEISS \/ AFP\" aria-label=\"Katso isompi kuva\" rel=\"nofollow noopener\" target=\"_blank\"><br \/>\n\t\t\t\t<img class=\"diks-figure__image\" src=\"https:\/\/www.europesays.com\/fi\/wp-content\/uploads\/2026\/03\/11345923.jpg\" loading=\"lazy\" decoding=\"sync\" alt=\"\"\/><\/p>\n<p>\t\t\t<\/a><br \/>\n\t\t\t\t\tMy\u00f6s yhdysvaltalaisn\u00e4yttelij\u00e4tt\u00e4ren Teyana Taylorin asussa oli laahus. ANGELA WEISS \/ AFP<\/p>\n<p>\t\t<a class=\"diks-gallery__link\" href=\"https:\/\/i.media.fi\/incoming\/6z61lv\/11345925.jpg\/alternates\/FREE_1440\/11345925.jpg\" data-thumbnail=\"\" data-sub-html=\"N\u00e4yttelij\u00e4 Delroy Lindon asun v\u00e4ril\u00e4isk\u00e4 oli h\u00e4nen sininen huivinsa. FREDERIC J. BROWN \/ AFP\" aria-label=\"Katso isompi kuva\" rel=\"nofollow noopener\" target=\"_blank\"><br \/>\n\t\t\t\t<img class=\"diks-figure__image\" src=\"https:\/\/www.europesays.com\/fi\/wp-content\/uploads\/2026\/03\/11345925.jpg\" loading=\"lazy\" decoding=\"sync\" alt=\"\"\/><\/p>\n<p>\t\t\t<\/a><br \/>\n\t\t\t\t\tN\u00e4yttelij\u00e4 Delroy Lindon asun v\u00e4ril\u00e4isk\u00e4 oli h\u00e4nen sininen huivinsa. FREDERIC J. BROWN \/ AFP<\/p>\n<p>\t\t<a class=\"diks-gallery__link\" href=\"https:\/\/i.media.fi\/incoming\/k1b8cz\/11345928.jpg\/alternates\/FREE_1440\/11345928.jpg\" data-thumbnail=\"\" data-sub-html=\"Kiinalainen ohjaaja Chloe Zhao asteli punaiselle matolle mustassa hunnussa. ANGELA WEISS \/ AFP\" aria-label=\"Katso isompi kuva\" rel=\"nofollow noopener\" target=\"_blank\"><br \/>\n\t\t\t\t<img class=\"diks-figure__image\" src=\"https:\/\/www.europesays.com\/fi\/wp-content\/uploads\/2026\/03\/11345928.jpg\" loading=\"lazy\" decoding=\"sync\" alt=\"\"\/><\/p>\n<p>\t\t\t<\/a><br \/>\n\t\t\t\t\tKiinalainen ohjaaja Chloe Zhao asteli punaiselle matolle mustassa hunnussa. ANGELA WEISS \/ AFP<\/p>\n<p>\t\t<a class=\"diks-gallery__link\" href=\"https:\/\/i.media.fi\/incoming\/6nf48s\/11345915.jpg\/alternates\/FREE_1440\/11345915.jpg\" data-thumbnail=\"\" data-sub-html=\"N\u00e4yttelij\u00e4 Leonardo DiCaprion asuvalinta oli klassinen. ANGELA WEISS \/ AFP\" aria-label=\"Katso isompi kuva\" rel=\"nofollow noopener\" target=\"_blank\"><br \/>\n\t\t\t\t<img class=\"diks-figure__image\" src=\"https:\/\/www.europesays.com\/fi\/wp-content\/uploads\/2026\/03\/11345915.jpg\" loading=\"lazy\" decoding=\"sync\" alt=\"\"\/><\/p>\n<p>\t\t\t<\/a><br \/>\n\t\t\t\t\tN\u00e4yttelij\u00e4 Leonardo DiCaprion asuvalinta oli klassinen. ANGELA WEISS \/ AFP<\/p>\n<p>\t\t<a class=\"diks-gallery__link\" href=\"https:\/\/i.media.fi\/incoming\/wlx3dg\/11345909.jpg\/alternates\/FREE_1440\/11345909.jpg\" data-thumbnail=\"\" data-sub-html=\"Alana Haimin mustassa mekossa halkio t\u00e4ydensi V-mallista p\u00e4\u00e4ntiet\u00e4. MIKE COPPOLA \/ AFP\" aria-label=\"Katso isompi kuva\" rel=\"nofollow noopener\" target=\"_blank\"><br \/>\n\t\t\t\t<img class=\"diks-figure__image\" src=\"https:\/\/www.europesays.com\/fi\/wp-content\/uploads\/2026\/03\/11345909.jpg\" loading=\"lazy\" decoding=\"sync\" alt=\"\"\/><\/p>\n<p>\t\t\t<\/a><br \/>\n\t\t\t\t\tAlana Haimin mustassa mekossa halkio t\u00e4ydensi V-mallista p\u00e4\u00e4ntiet\u00e4. MIKE COPPOLA \/ AFP<\/p>\n<p>\t\t<a class=\"diks-gallery__link\" href=\"https:\/\/i.media.fi\/incoming\/gk1ejo\/11345908.jpg\/alternates\/FREE_1440\/11345908.jpg\" data-thumbnail=\"\" data-sub-html=\"N\u00e4yttelij\u00e4 Nicole Kidmanin asussa oli s\u00f6p\u00f6j\u00e4 r\u00f6yhel\u00f6it\u00e4. VALERIE MACON \/ AFP\" aria-label=\"Katso isompi kuva\" rel=\"nofollow noopener\" target=\"_blank\"><br \/>\n\t\t\t\t<img class=\"diks-figure__image\" src=\"https:\/\/www.europesays.com\/fi\/wp-content\/uploads\/2026\/03\/11345908.jpg\" loading=\"lazy\" decoding=\"sync\" alt=\"\"\/><\/p>\n<p>\t\t\t<\/a><br \/>\n\t\t\t\t\tN\u00e4yttelij\u00e4 Nicole Kidmanin asussa oli s\u00f6p\u00f6j\u00e4 r\u00f6yhel\u00f6it\u00e4. VALERIE MACON \/ AFP<\/p>\n<p>\t\t<a class=\"diks-gallery__link\" href=\"https:\/\/i.media.fi\/incoming\/4acm2p\/11345900.jpg\/alternates\/FREE_1440\/11345900.jpg\" data-thumbnail=\"\" data-sub-html=\"Laahusmuotia laulajatar Gracie Abramsin yll\u00e4. ANGELA WEISS \/ AFP\" aria-label=\"Katso isompi kuva\" rel=\"nofollow noopener\" target=\"_blank\"><br \/>\n\t\t\t\t<img class=\"diks-figure__image\" src=\"https:\/\/www.europesays.com\/fi\/wp-content\/uploads\/2026\/03\/11345900.jpg\" loading=\"lazy\" decoding=\"sync\" alt=\"\"\/><\/p>\n<p>\t\t\t<\/a><br \/>\n\t\t\t\t\tLaahusmuotia laulajatar Gracie Abramsin yll\u00e4. ANGELA WEISS \/ AFP<\/p>\n<p>\t\t<a class=\"diks-gallery__link\" href=\"https:\/\/i.media.fi\/incoming\/d83sta\/11345847.jpg\/alternates\/FREE_1440\/11345847.jpg\" data-thumbnail=\"\" data-sub-html=\"Parhaan naissivuosan Oscar-palkinnon on voittanut odotetusti Amy Madigan kauhuelokuvasta Weapons. H\u00e4nen jakussaan oli kullans\u00e4vyisi\u00e4 yksityiskohtia. PATRICK T. FALLON \/ AFP\" aria-label=\"Katso isompi kuva\" rel=\"nofollow noopener\" target=\"_blank\"><br \/>\n\t\t\t\t<img class=\"diks-figure__image\" src=\"https:\/\/www.europesays.com\/fi\/wp-content\/uploads\/2026\/03\/11345847.jpg\" loading=\"lazy\" decoding=\"sync\" alt=\"\"\/><\/p>\n<p>\t\t\t<\/a><br \/>\n\t\t\t\t\tParhaan naissivuosan Oscar-palkinnon on voittanut odotetusti Amy Madigan kauhuelokuvasta Weapons. H\u00e4nen jakussaan oli kullans\u00e4vyisi\u00e4 yksityiskohtia. PATRICK T. FALLON \/ AFP<\/p>\n<p>\t\t<a class=\"diks-gallery__link\" href=\"https:\/\/i.media.fi\/incoming\/2mucfu\/11345832.jpg\/alternates\/FREE_1440\/11345832.jpg\" data-thumbnail=\"\" data-sub-html=\"N\u00e4yttelij\u00e4 Chase Infiniti punaisella matolla vaaleanpunaisessa laahusmekossa. ANGELA WEISS \/ AFP\" aria-label=\"Katso isompi kuva\" rel=\"nofollow noopener\" target=\"_blank\"><br \/>\n\t\t\t\t<img class=\"diks-figure__image\" src=\"https:\/\/www.europesays.com\/fi\/wp-content\/uploads\/2026\/03\/11345832.jpg\" loading=\"lazy\" decoding=\"sync\" alt=\"\"\/><\/p>\n<p>\t\t\t<\/a><br \/>\n\t\t\t\t\tN\u00e4yttelij\u00e4 Chase Infiniti punaisella matolla vaaleanpunaisessa laahusmekossa. ANGELA WEISS \/ AFP<\/p>\n<p>\t\t<a class=\"diks-gallery__link\" href=\"https:\/\/i.media.fi\/incoming\/dj97s7\/11345825.jpg\/alternates\/FREE_1440\/11345825.jpg\" data-thumbnail=\"\" data-sub-html=\"Renate Reinsve luotti punaiseen mekkoon, jonka leikkaus on geometrinen. MIKE COPPOLA \/ AFP\" aria-label=\"Katso isompi kuva\" rel=\"nofollow noopener\" target=\"_blank\"><br \/>\n\t\t\t\t<img class=\"diks-figure__image\" src=\"https:\/\/www.europesays.com\/fi\/wp-content\/uploads\/2026\/03\/11345825.jpg\" loading=\"lazy\" decoding=\"sync\" alt=\"\"\/><\/p>\n<p>\t\t\t<\/a><br \/>\n\t\t\t\t\tRenate Reinsve luotti punaiseen mekkoon, jonka leikkaus on geometrinen. MIKE COPPOLA \/ AFP<\/p>\n<p>\t\t<a class=\"diks-gallery__link\" href=\"https:\/\/i.media.fi\/incoming\/m2qrdj\/11345784.jpg\/alternates\/FREE_1440\/11345784.jpg\" data-thumbnail=\"\" data-sub-html=\"Danielle Brooksin vaaleassa mekossa oli my\u00f6s syv\u00e4 halkio sivussa. MIKE COPPOLA \/ AFP\" aria-label=\"Katso isompi kuva\" rel=\"nofollow noopener\" target=\"_blank\"><br \/>\n\t\t\t\t<img class=\"diks-figure__image\" src=\"https:\/\/www.europesays.com\/fi\/wp-content\/uploads\/2026\/03\/11345784.jpg\" loading=\"lazy\" decoding=\"sync\" alt=\"\"\/><\/p>\n<p>\t\t\t<\/a><br \/>\n\t\t\t\t\tDanielle Brooksin vaaleassa mekossa oli my\u00f6s syv\u00e4 halkio sivussa. MIKE COPPOLA \/ AFP<\/p>\n<p>\t\t<a class=\"diks-gallery__link\" href=\"https:\/\/i.media.fi\/incoming\/ak71we\/11345781.jpg\/alternates\/FREE_1440\/11345781.jpg\" data-thumbnail=\"\" data-sub-html=\"Elle Fanning s\u00e4teili punaisella matolla. ARTURO HOLMES \/ AFP\" aria-label=\"Katso isompi kuva\" rel=\"nofollow noopener\" target=\"_blank\"><br \/>\n\t\t\t\t<img class=\"diks-figure__image\" src=\"https:\/\/www.europesays.com\/fi\/wp-content\/uploads\/2026\/03\/11345781.jpg\" loading=\"lazy\" decoding=\"sync\" alt=\"\"\/><\/p>\n<p>\t\t\t<\/a><br \/>\n\t\t\t\t\tElle Fanning s\u00e4teili punaisella matolla. ARTURO HOLMES \/ AFP<\/p>\n<p>\t\t<a class=\"diks-gallery__link\" href=\"https:\/\/i.media.fi\/incoming\/aohk34\/11345762.jpg\/alternates\/FREE_1440\/11345762.jpg\" data-thumbnail=\"\" data-sub-html=\"Liikemies Kevin O&#039;Leary puki kaulakorun, jossa oli koripalloilijoiden Michael Jordanin ja Kobe Bryantin nimikirjoitukset. ANGELA WEISS \/ AFP\" aria-label=\"Katso isompi kuva\" rel=\"nofollow noopener\" target=\"_blank\"><br \/>\n\t\t\t\t<img class=\"diks-figure__image\" src=\"https:\/\/www.europesays.com\/fi\/wp-content\/uploads\/2026\/03\/11345762.jpg\" loading=\"lazy\" decoding=\"sync\" alt=\"\"\/><\/p>\n<p>\t\t\t<\/a><br \/>\n\t\t\t\t\tLiikemies Kevin O&#8217;Leary puki kaulakorun, jossa oli koripalloilijoiden Michael Jordanin ja Kobe Bryantin nimikirjoitukset. ANGELA WEISS \/ AFP<\/p>\n","protected":false},"excerpt":{"rendered":"Elokuva-alan arvostetuimmat palkinnot eli Oscarit jaettiin Yhdysvaltain Hollywoodissa sunnuntain ja maanantain v\u00e4lisen\u00e4 y\u00f6n\u00e4 Suomen aikaa. Palkittujen elokuvien lis\u00e4ksi&hellip;\n","protected":false},"author":2,"featured_media":195554,"comment_status":"","ping_status":"","sticky":false,"template":"","format":"standard","meta":{"footnotes":"","_share_on_mastodon":"0"},"categories":[5],"tags":[153,22,23,152,2234,155,26,27,33,31,30,17,24,25,28,29,154,15,18,21,2305,32,485,19,20,140,156,16],"class_list":["post-195553","post","type-post","status-publish","format-standard","has-post-thumbnail","category-otsikot","tag-audiovisuaalinen-media","tag-breaking-news","tag-breakingnews","tag-elokuva-ja-tv-nayttelijat","tag-elokuvagenre","tag-elokuvat","tag-featured-news","tag-featurednews","tag-fi","tag-finland","tag-finnish","tag-headlines","tag-latest-news","tag-latestnews","tag-main-news","tag-mainnews","tag-nayttelijat-teatteri","tag-news","tag-otsikot","tag-paauutiset","tag-puheenaiheet","tag-suomi","tag-taide-yleista","tag-top-stories","tag-topstories","tag-tv-ja-elokuvat","tag-tv","tag-uutiset"],"share_on_mastodon":{"url":"https:\/\/pubeurope.com\/@fi\/116237485370501177","error":""},"_links":{"self":[{"href":"https:\/\/www.europesays.com\/fi\/wp-json\/wp\/v2\/posts\/195553","targetHints":{"allow":["GET"]}}],"collection":[{"href":"https:\/\/www.europesays.com\/fi\/wp-json\/wp\/v2\/posts"}],"about":[{"href":"https:\/\/www.europesays.com\/fi\/wp-json\/wp\/v2\/types\/post"}],"author":[{"embeddable":true,"href":"https:\/\/www.europesays.com\/fi\/wp-json\/wp\/v2\/users\/2"}],"replies":[{"embeddable":true,"href":"https:\/\/www.europesays.com\/fi\/wp-json\/wp\/v2\/comments?post=195553"}],"version-history":[{"count":0,"href":"https:\/\/www.europesays.com\/fi\/wp-json\/wp\/v2\/posts\/195553\/revisions"}],"wp:featuredmedia":[{"embeddable":true,"href":"https:\/\/www.europesays.com\/fi\/wp-json\/wp\/v2\/media\/195554"}],"wp:attachment":[{"href":"https:\/\/www.europesays.com\/fi\/wp-json\/wp\/v2\/media?parent=195553"}],"wp:term":[{"taxonomy":"category","embeddable":true,"href":"https:\/\/www.europesays.com\/fi\/wp-json\/wp\/v2\/categories?post=195553"},{"taxonomy":"post_tag","embeddable":true,"href":"https:\/\/www.europesays.com\/fi\/wp-json\/wp\/v2\/tags?post=195553"}],"curies":[{"name":"wp","href":"https:\/\/api.w.org\/{rel}","templated":true}]}}